{"id":33,"date":"2021-03-05T21:10:00","date_gmt":"2021-03-05T21:10:00","guid":{"rendered":"https:\/\/jitkonen.fi\/?p=33"},"modified":"2024-03-18T10:46:43","modified_gmt":"2024-03-18T10:46:43","slug":"suomen-talviin-liittyvaa-saahistoriaa-vanhojen-lehtien-kertomana","status":"publish","type":"post","link":"https:\/\/jitkonen.fi\/?p=33","title":{"rendered":"Suomen talviin liittyv\u00e4\u00e4 s\u00e4\u00e4historiaa vanhojen lehtien kertomana, laaja kooste"},"content":{"rendered":"\n<h2 class=\"wp-block-heading alignwide\" id=\"johdanto\"><strong>Johdanto<\/strong><\/h2>\n\n\n\n<p>Nyky\u00e4\u00e4n paljon puhutaan ja jopa lapsille opetetaan, ett\u00e4 nykyisin on jotenkin erikoisemmat talvet ja kes\u00e4t kuin ne ennen vanhaan olivat. Olen harrastusmieless\u00e4 kaivellut wanhoista lehdist\u00e4 s\u00e4\u00e4historiaa Kansallisarkistosta. Niiden mukaan Suomessa on ollut vastaavia lauhoja talvia etenkin 1900-luvun alussa kuin on ollut 1990 &#8211; 2000-luvuillakin.<\/p>\n\n\n\n<p><a href=\"https:\/\/digi.kansalliskirjasto.fi\/search\">https:\/\/digi.kansalliskirjasto.fi\/search<\/a><\/p>\n\n\n\n<p> <a href=\"https:\/\/puheenvuoro.uusisuomi.fi\/itkonenlindgren\/lauha-talvi-ahdistaa-mita-historia-kertoo-menneista-lauhoista-talvista-ja-suomen-saahistoriasta\/\">T\u00e4st\u00e4 aiheesta<\/a> olen tehnyt lyhyen blogikirjoituksen <a href=\"https:\/\/puheenvuoro.uusisuomi.fi\/author\/itkonenlindgren\/\">US blogiin<\/a> ja siit\u00e4 ovat muut tehneet blogeja sek\u00e4 Youtube videoita (linkit lopussa). Koska kaikki aiemmat julkaisut ovat  otanta monista lehtileikkeist\u00e4, laitoin t\u00e4h\u00e4n niit\u00e4 leikkeit\u00e4 laajemminkin ja v\u00e4h\u00e4n muutakin asiaa niiden lis\u00e4ksi.<\/p>\n\n\n\n<p>T\u00e4ss\u00e4 blogissa ei ole tarinaa esim. myrskyist\u00e4, koska niihin liittyen on netiss\u00e4 oma laaja julkaisunsa. <a href=\"http:\/\/www.myrskyvaroitus.com\/index.php\/myrskytieto\/myrskyhistoria\">http:\/\/www.myrskyvaroitus.com\/index.php\/myrskytieto\/myrskyhistoria<\/a> <\/p>\n\n\n\n<p> (Lis\u00e4ys 31.3.2020 Artikkelia on hy\u00f6dynt\u00e4nyt yksi tieteenala, joka tutkii menneisyyden ilmastoja  <a href=\"https:\/\/lustialab.com\/data\/pdf\/ji-ilmastohist.pdf?fbclid=IwAR2_2hyZqz243ySMzTgW10NuwpZrhqlZH3i1jyubyulHJEIVW7GA7DOs0VI\">https:\/\/lustialab.com\/data\/pdf\/ji-ilmastohist.pdf?<\/a>) <\/p>\n\n\n\n<p><strong> <\/strong><\/p>\n\n\n\n<h2 class=\"wp-block-heading alignwide\" id=\"lehtien-kertomaa-talvisaahistoriaa\"><strong>Lehtien kertomaa talvis\u00e4\u00e4historiaa<\/strong><\/h2>\n\n\n\n<h3 class=\"wp-block-heading\" id=\"esihistoriallinen-aika\"><strong>Esihistoriallinen aika<\/strong><\/h3>\n\n\n\n<p>T\u00e4m\u00e4 vuonna 1927 kirjoitettu artikkeli ei k\u00e4sittele menneit\u00e4 s\u00e4it\u00e4, vaan mennytt\u00e4 ilmastoa.<strong> Havainnot perustuvat suotieteeseen ja soiden tieteellinen merkitys on suuri, koska suot alkoivat muodostua j\u00e4\u00e4kauden j\u00e4lkeen. Suot ovat siis arkistoja, joista voidaan seurata j\u00e4\u00e4kauden j\u00e4lkeisen ajan historiaa, kasvillisuuden vaiheita jne. Ilmaston vaihtelut j\u00e4\u00e4kauden j\u00e4lkeen n\u00e4kyv\u00e4t soissa vaihtelevina kerrossarjoina.<\/strong><\/p>\n\n\n\n<p>Suoarkistojen mukaan Lapissa on kasvanut lajeja, joiden pohjosimmat esiintym\u00e4t nyky\u00e4\u00e4n ovat Keski-Suomessa. Onpa aina Maaningalta asti l\u00f6ytynyt vesip\u00e4hkin\u00e4n hedelmi\u00e4 ja kuten tunnettua, vesip\u00e4hkin\u00e4 on kokonaan h\u00e4vinnyt sukupuuttoon pohjosimaista kasvaen Keski-Euroopassa. Ilmasto on silloin ollut paljon suotuisampi kuin nyky\u00e4\u00e4n, niin ett\u00e4 jalot lehtipuumme kasvoivat silloin lukuisampina ja kauempana pohjoisessa. <\/p>\n\n\n\n<p><strong>Noin puoli vuosisataa ekr. pronssi- ja rautakauden vaihteessa tapahtui ilmastossamme suuri muutos huonompaan suuntaan.<\/strong> Vesip\u00e4hkin\u00e4 kuoli sukupuuttoon, j\u00e4rvien pinnat nousivat nopeasti, mets\u00e4raja per\u00e4\u00e4ntyi etel\u00e4mp\u00e4\u00e4n ja mets\u00e4raja aleni Lapissa j\u00e4tt\u00e4en j\u00e4lkeens\u00e4 laajoja mets\u00e4tt\u00f6mi\u00e4 tunturimaita.<\/p>\n\n\n\n<figure class=\"wp-block-image size-large is-resized\"><img loading=\"lazy\" decoding=\"async\" width=\"655\" height=\"825\" src=\"https:\/\/jitkonen.fi\/wp-content\/uploads\/2020\/03\/suot-rautakausi-1927.png\" alt=\"\" class=\"wp-image-1063\" style=\"aspect-ratio:0.7943327239488117;width:869px;height:auto\" srcset=\"https:\/\/jitkonen.fi\/wp-content\/uploads\/2020\/03\/suot-rautakausi-1927.png 655w, https:\/\/jitkonen.fi\/wp-content\/uploads\/2020\/03\/suot-rautakausi-1927-238x300.png 238w\" sizes=\"auto, (max-width: 655px) 100vw, 655px\" \/><\/figure>\n\n\n\n<p>Vesip\u00e4hkin\u00e4 oli Suomelle t\u00e4rke\u00e4 kasvi.<\/p>\n\n\n\n<figure class=\"wp-block-image alignwide size-large\"><img loading=\"lazy\" decoding=\"async\" width=\"1024\" height=\"504\" src=\"https:\/\/jitkonen.fi\/wp-content\/uploads\/2021\/03\/lusto-vesipahkina-mwp-pakattu-1024x504.png\" alt=\"\" class=\"wp-image-2762\" srcset=\"https:\/\/jitkonen.fi\/wp-content\/uploads\/2021\/03\/lusto-vesipahkina-mwp-pakattu-1024x504.png 1024w, https:\/\/jitkonen.fi\/wp-content\/uploads\/2021\/03\/lusto-vesipahkina-mwp-pakattu-300x148.png 300w, https:\/\/jitkonen.fi\/wp-content\/uploads\/2021\/03\/lusto-vesipahkina-mwp-pakattu-768x378.png 768w, https:\/\/jitkonen.fi\/wp-content\/uploads\/2021\/03\/lusto-vesipahkina-mwp-pakattu-1536x756.png 1536w, https:\/\/jitkonen.fi\/wp-content\/uploads\/2021\/03\/lusto-vesipahkina-mwp-pakattu-1568x771.png 1568w, https:\/\/jitkonen.fi\/wp-content\/uploads\/2021\/03\/lusto-vesipahkina-mwp-pakattu.png 1813w\" sizes=\"auto, (max-width: 1024px) 100vw, 1024px\" \/><\/figure>\n\n\n\n<h2 class=\"wp-block-heading alignwide\" id=\"1700-luku\"><strong>1700-luku<\/strong><\/h2>\n\n\n\n<h3 class=\"wp-block-heading\" id=\"1776\"><strong>1776<\/strong><\/h3>\n\n\n\n<p> 1776 oli vastaavanlainen leuto ja lumeton talvi kuin 1925. 1925 on l\u00e4hihistorian yksi l\u00e4mpimimist\u00e4 vuosista muutenkin. N\u00e4in Sievin kirkonkirjojen mukaan. <\/p>\n\n\n\n<figure class=\"wp-block-image size-large\"><img loading=\"lazy\" decoding=\"async\" width=\"800\" height=\"819\" src=\"https:\/\/jitkonen.fi\/wp-content\/uploads\/2021\/03\/1776-oli_sama_kuin_1925-pakattu.jpg\" alt=\"\" class=\"wp-image-1218\" srcset=\"https:\/\/jitkonen.fi\/wp-content\/uploads\/2021\/03\/1776-oli_sama_kuin_1925-pakattu.jpg 800w, https:\/\/jitkonen.fi\/wp-content\/uploads\/2021\/03\/1776-oli_sama_kuin_1925-pakattu-293x300.jpg 293w, https:\/\/jitkonen.fi\/wp-content\/uploads\/2021\/03\/1776-oli_sama_kuin_1925-pakattu-768x786.jpg 768w\" sizes=\"auto, (max-width: 800px) 100vw, 800px\" \/><\/figure>\n\n\n\n<p><\/p>\n\n\n\n<p><strong>Helsingin Sanomien uutisten mukaan 1700-luvun loppussa oli yht\u00e4 l\u00e4mmin jakso kuin 1930- ja 2010- luvut ovat olleet.<\/strong>  T\u00e4st\u00e4 aiheesta on oma blogi-kirjoitus, linkki <a href=\"https:\/\/jitkonen.fi\/?p=904\">https:\/\/jitkonen.fi\/?p=904<\/a><\/p>\n\n\n\n<figure class=\"wp-block-image size-large\"><img loading=\"lazy\" decoding=\"async\" width=\"632\" height=\"798\" src=\"https:\/\/jitkonen.fi\/wp-content\/uploads\/2020\/03\/Lusto-kuva-kommentti-1700.png\" alt=\"\" class=\"wp-image-1049\" srcset=\"https:\/\/jitkonen.fi\/wp-content\/uploads\/2020\/03\/Lusto-kuva-kommentti-1700.png 632w, https:\/\/jitkonen.fi\/wp-content\/uploads\/2020\/03\/Lusto-kuva-kommentti-1700-238x300.png 238w\" sizes=\"auto, (max-width: 632px) 100vw, 632px\" \/><\/figure>\n\n\n\n<p>1700-loppupuolen korkeat l\u00e4mp\u00f6tilat n\u00e4kyv\u00e4t my\u00f6s lustokalenterissa<\/p>\n\n\n\n<figure class=\"wp-block-image alignwide size-large\"><img loading=\"lazy\" decoding=\"async\" width=\"1024\" height=\"536\" src=\"https:\/\/jitkonen.fi\/wp-content\/uploads\/2021\/03\/saa-historia-hs-1929-lustot-pakattu-1024x536.png\" alt=\"\" class=\"wp-image-2763\" srcset=\"https:\/\/jitkonen.fi\/wp-content\/uploads\/2021\/03\/saa-historia-hs-1929-lustot-pakattu-1024x536.png 1024w, https:\/\/jitkonen.fi\/wp-content\/uploads\/2021\/03\/saa-historia-hs-1929-lustot-pakattu-300x157.png 300w, https:\/\/jitkonen.fi\/wp-content\/uploads\/2021\/03\/saa-historia-hs-1929-lustot-pakattu-768x402.png 768w, https:\/\/jitkonen.fi\/wp-content\/uploads\/2021\/03\/saa-historia-hs-1929-lustot-pakattu-1536x804.png 1536w, https:\/\/jitkonen.fi\/wp-content\/uploads\/2021\/03\/saa-historia-hs-1929-lustot-pakattu-1568x821.png 1568w, https:\/\/jitkonen.fi\/wp-content\/uploads\/2021\/03\/saa-historia-hs-1929-lustot-pakattu.png 1693w\" sizes=\"auto, (max-width: 1024px) 100vw, 1024px\" \/><\/figure>\n\n\n\n<h2 class=\"wp-block-heading alignwide\" id=\"1800-luku\"><strong>1800-luku<\/strong><\/h2>\n\n\n\n<h3 class=\"wp-block-heading\" id=\"1822\"><strong>1822<\/strong><\/h3>\n\n\n\n<p>Talvi oli lauha ja kauraa kylvettiin jo huhtikuun alussa. <\/p>\n\n\n\n<figure class=\"wp-block-image size-large is-resized\"><img loading=\"lazy\" decoding=\"async\" width=\"438\" height=\"754\" src=\"https:\/\/jitkonen.fi\/wp-content\/uploads\/2020\/03\/uusi-1822.png\" alt=\"\" class=\"wp-image-1029\" style=\"width:605px;height:1041px\" srcset=\"https:\/\/jitkonen.fi\/wp-content\/uploads\/2020\/03\/uusi-1822.png 438w, https:\/\/jitkonen.fi\/wp-content\/uploads\/2020\/03\/uusi-1822-174x300.png 174w\" sizes=\"auto, (max-width: 438px) 100vw, 438px\" \/><\/figure>\n\n\n\n<h3 class=\"wp-block-heading\" id=\"1836\"><strong>1836<\/strong><\/h3>\n\n\n\n<p>\nVanhimmassa\njulkaisussa 1836 ollaan havaittu, ett\u00e4 Gr\u00f6nlannissa ja Islannissa\non aika ajoin l\u00e4mmint\u00e4. Niinp\u00e4 niiden s\u00e4it\u00e4 on vertailtu\nEuroopan saman ajan s\u00e4ihin.<\/p>\n\n\n\n<p>\nOulun\nWiikko Sanomia 1836 no 23\n<a href=\"https:\/\/digi.kansalliskirjasto.fi\/sanomalehti\/binding\/411459?page=1\">https:\/\/digi.kansalliskirjasto.fi\/sanomalehti\/binding\/411459?page=1<\/a>\n\n<\/p>\n\n\n\n<figure class=\"wp-block-image alignwide size-large\"><img loading=\"lazy\" decoding=\"async\" width=\"1024\" height=\"588\" src=\"https:\/\/jitkonen.fi\/wp-content\/uploads\/2020\/03\/Gr\u00f6nlanti-1024x588.jpg\" alt=\"\" class=\"wp-image-34\" srcset=\"https:\/\/jitkonen.fi\/wp-content\/uploads\/2020\/03\/Gr\u00f6nlanti-1024x588.jpg 1024w, https:\/\/jitkonen.fi\/wp-content\/uploads\/2020\/03\/Gr\u00f6nlanti-300x172.jpg 300w, https:\/\/jitkonen.fi\/wp-content\/uploads\/2020\/03\/Gr\u00f6nlanti-768x441.jpg 768w, https:\/\/jitkonen.fi\/wp-content\/uploads\/2020\/03\/Gr\u00f6nlanti.jpg 1281w\" sizes=\"auto, (max-width: 1024px) 100vw, 1024px\" \/><\/figure>\n\n\n\n<p>My\u00f6hemmin 1900-luvun alussa uutisoitiin Gr\u00f6nlannin nopeasta sulamisesta laajaltikin ja siit\u00e4 asiasta my\u00f6hemmin lis\u00e4\u00e4.<\/p>\n\n\n\n<h3 class=\"wp-block-heading\" id=\"1850\"> <strong>1850<\/strong><\/h3>\n\n\n\n<p>1850 annettiin ohjeita kuinka lumettomina talvina kasvit suojataan havuilla. Oli ilmeisen tavanomaista jo siihen aikaan, ett\u00e4 on lumetomia talvia, koska t\u00e4llaisia ohjeita annettiin maamiesten lehdess\u00e4:<\/p>\n\n\n\n<figure class=\"wp-block-image alignwide size-large\"><img loading=\"lazy\" decoding=\"async\" width=\"1024\" height=\"473\" src=\"https:\/\/jitkonen.fi\/wp-content\/uploads\/2021\/03\/1850_-umettomat_talvet-pakattu-1024x473.jpg\" alt=\"\" class=\"wp-image-1223\" srcset=\"https:\/\/jitkonen.fi\/wp-content\/uploads\/2021\/03\/1850_-umettomat_talvet-pakattu-1024x473.jpg 1024w, https:\/\/jitkonen.fi\/wp-content\/uploads\/2021\/03\/1850_-umettomat_talvet-pakattu-300x139.jpg 300w, https:\/\/jitkonen.fi\/wp-content\/uploads\/2021\/03\/1850_-umettomat_talvet-pakattu-768x355.jpg 768w, https:\/\/jitkonen.fi\/wp-content\/uploads\/2021\/03\/1850_-umettomat_talvet-pakattu.jpg 1455w\" sizes=\"auto, (max-width: 1024px) 100vw, 1024px\" \/><\/figure>\n\n\n\n<h3 class=\"wp-block-heading\" id=\"1853\"> <strong>1853<\/strong><\/h3>\n\n\n\n<p>Jo 1853 kirjoitettiin Suomen ja Euroopan l\u00e4mpimist\u00e4 talvista. Muisteltiin Keskiajan l\u00e4mmint\u00e4 jaksoa ja kerrottiin ett\u00e4 uudenvuoden aikaan 1853 poimittiiin kukkia Ruissalossa:<\/p>\n\n\n\n<figure class=\"wp-block-image alignwide size-large\"><img loading=\"lazy\" decoding=\"async\" width=\"1024\" height=\"585\" src=\"https:\/\/jitkonen.fi\/wp-content\/uploads\/2021\/03\/1853-lauhaa-kooste-pakattu-1024x585.jpg\" alt=\"\" class=\"wp-image-1222\" srcset=\"https:\/\/jitkonen.fi\/wp-content\/uploads\/2021\/03\/1853-lauhaa-kooste-pakattu-1024x585.jpg 1024w, https:\/\/jitkonen.fi\/wp-content\/uploads\/2021\/03\/1853-lauhaa-kooste-pakattu-300x171.jpg 300w, https:\/\/jitkonen.fi\/wp-content\/uploads\/2021\/03\/1853-lauhaa-kooste-pakattu-768x439.jpg 768w, https:\/\/jitkonen.fi\/wp-content\/uploads\/2021\/03\/1853-lauhaa-kooste-pakattu.jpg 1455w\" sizes=\"auto, (max-width: 1024px) 100vw, 1024px\" \/><\/figure>\n\n\n\n<h3 class=\"wp-block-heading\" id=\"1872\"><strong> 1872<\/strong><\/h3>\n\n\n\n<p>1872 syksy oli l\u00e4mmin ja talvi aina tammikuulle 1873 asti. 16. p\u00e4iv\u00e4 tammikuuta meinattiin panna pystyyn kilpapurjehdustapahtuma. 21. p\u00e4iv\u00e4 tammikuuta alkoi ennenn\u00e4kem\u00e4t\u00f6n kolmen vuorokauden pituinen lumimyr\u00e4kk\u00e4 ja se ilmastonmuutos silloin loppui siihen paikkaan.  Lunta oli niin paljon, ett\u00e4 ihmiset j\u00e4iv\u00e4t loukkuun taloihinsa ja my\u00f6hemmin meniv\u00e4t lumitunnelia koteihinsa.<\/p>\n\n\n\n<figure class=\"wp-block-image alignwide size-large\"><img loading=\"lazy\" decoding=\"async\" width=\"1024\" height=\"580\" src=\"https:\/\/jitkonen.fi\/wp-content\/uploads\/2020\/03\/1873-helsinki_lumikinokset-pakattu-1024x580.jpg\" alt=\"\" class=\"wp-image-1030\" srcset=\"https:\/\/jitkonen.fi\/wp-content\/uploads\/2020\/03\/1873-helsinki_lumikinokset-pakattu-1024x580.jpg 1024w, https:\/\/jitkonen.fi\/wp-content\/uploads\/2020\/03\/1873-helsinki_lumikinokset-pakattu-300x170.jpg 300w, https:\/\/jitkonen.fi\/wp-content\/uploads\/2020\/03\/1873-helsinki_lumikinokset-pakattu-768x435.jpg 768w, https:\/\/jitkonen.fi\/wp-content\/uploads\/2020\/03\/1873-helsinki_lumikinokset-pakattu-1200x680.jpg 1200w, https:\/\/jitkonen.fi\/wp-content\/uploads\/2020\/03\/1873-helsinki_lumikinokset-pakattu.jpg 1451w\" sizes=\"auto, (max-width: 1024px) 100vw, 1024px\" \/><\/figure>\n\n\n\n<p> <\/p>\n\n\n\n<p>1873 lehti kertoo, ett\u00e4 lunta olisi satanut paikoin sylin verran, eli noin 1,8 metri\u00e4. M\u00e4\u00e4r\u00e4 kuulostaa uskomattoman suurelta, koska noin 73 cm vuorokaudessa Merikarvialla vuonna 2016 lienee my\u00f6hempien aikojen enn\u00e4tys. Junaliikenne oli kovissa vaikeuksissa.<\/p>\n\n\n\n<figure class=\"wp-block-image alignwide size-large\"><img loading=\"lazy\" decoding=\"async\" width=\"1024\" height=\"649\" src=\"https:\/\/jitkonen.fi\/wp-content\/uploads\/2021\/03\/1873-helsinki-lumikinokset-selko-1024x649.png\" alt=\"\" class=\"wp-image-1232\" srcset=\"https:\/\/jitkonen.fi\/wp-content\/uploads\/2021\/03\/1873-helsinki-lumikinokset-selko-1024x649.png 1024w, https:\/\/jitkonen.fi\/wp-content\/uploads\/2021\/03\/1873-helsinki-lumikinokset-selko-300x190.png 300w, https:\/\/jitkonen.fi\/wp-content\/uploads\/2021\/03\/1873-helsinki-lumikinokset-selko-768x487.png 768w, https:\/\/jitkonen.fi\/wp-content\/uploads\/2021\/03\/1873-helsinki-lumikinokset-selko.png 1311w\" sizes=\"auto, (max-width: 1024px) 100vw, 1024px\" \/><\/figure>\n\n\n\n<p><\/p>\n\n\n\n<p>Ihminenkin hukkui lumeen ja melkein my\u00f6s hevosparat! Ne j\u00e4tettiin kinoksiin ja l\u00e4hdettiin krouviin parille tuopposelle varmaan. Onneksi olivat hevoset elossa, kun tiet\u00e4 alettiin putsata lumesta.<\/p>\n\n\n\n<figure class=\"wp-block-image alignwide size-large\"><img loading=\"lazy\" decoding=\"async\" width=\"1024\" height=\"750\" src=\"https:\/\/jitkonen.fi\/wp-content\/uploads\/2021\/03\/1873-lumi_hevoset_selko-pakattu-1024x750.jpg\" alt=\"\" class=\"wp-image-1230\" srcset=\"https:\/\/jitkonen.fi\/wp-content\/uploads\/2021\/03\/1873-lumi_hevoset_selko-pakattu-1024x750.jpg 1024w, https:\/\/jitkonen.fi\/wp-content\/uploads\/2021\/03\/1873-lumi_hevoset_selko-pakattu-300x220.jpg 300w, https:\/\/jitkonen.fi\/wp-content\/uploads\/2021\/03\/1873-lumi_hevoset_selko-pakattu-768x562.jpg 768w, https:\/\/jitkonen.fi\/wp-content\/uploads\/2021\/03\/1873-lumi_hevoset_selko-pakattu.jpg 1050w\" sizes=\"auto, (max-width: 1024px) 100vw, 1024px\" \/><\/figure>\n\n\n\n<h3 class=\"wp-block-heading\"><strong>1875<\/strong><\/h3>\n\n\n\n<p>Helteisiin liittyv\u00e4 runo.<\/p>\n\n\n\n<figure class=\"wp-block-image size-full\"><img loading=\"lazy\" decoding=\"async\" width=\"758\" height=\"807\" src=\"https:\/\/jitkonen.fi\/wp-content\/uploads\/2021\/03\/Helle-runo-1875-pakattu.png\" alt=\"\" class=\"wp-image-2765\" srcset=\"https:\/\/jitkonen.fi\/wp-content\/uploads\/2021\/03\/Helle-runo-1875-pakattu.png 758w, https:\/\/jitkonen.fi\/wp-content\/uploads\/2021\/03\/Helle-runo-1875-pakattu-282x300.png 282w\" sizes=\"auto, (max-width: 758px) 100vw, 758px\" \/><\/figure>\n\n\n\n<h3 class=\"wp-block-heading\" id=\"1887\"><strong>1887<\/strong><\/h3>\n\n\n\n<p>1887 uutisoitiin vuodesta 1696, jolloin oli l\u00e4mmin talvi, mutta muuten erikoinen vuosi <\/p>\n\n\n\n<figure class=\"wp-block-image alignwide size-large\"><img loading=\"lazy\" decoding=\"async\" width=\"1024\" height=\"527\" src=\"https:\/\/jitkonen.fi\/wp-content\/uploads\/2020\/07\/5-1887_teksti-1024x527.jpg\" alt=\"\" class=\"wp-image-488\" srcset=\"https:\/\/jitkonen.fi\/wp-content\/uploads\/2020\/07\/5-1887_teksti-1024x527.jpg 1024w, https:\/\/jitkonen.fi\/wp-content\/uploads\/2020\/07\/5-1887_teksti-300x155.jpg 300w, https:\/\/jitkonen.fi\/wp-content\/uploads\/2020\/07\/5-1887_teksti-768x396.jpg 768w, https:\/\/jitkonen.fi\/wp-content\/uploads\/2020\/07\/5-1887_teksti-1536x791.jpg 1536w, https:\/\/jitkonen.fi\/wp-content\/uploads\/2020\/07\/5-1887_teksti-1200x618.jpg 1200w, https:\/\/jitkonen.fi\/wp-content\/uploads\/2020\/07\/5-1887_teksti.jpg 1555w\" sizes=\"auto, (max-width: 1024px) 100vw, 1024px\" \/><\/figure>\n\n\n\n<p> <\/p>\n\n\n\n<p>1600-luku oli armotonta aikaa sen loppupuolella, kun noin 100 000 ihmist\u00e4 kuoli n\u00e4lk\u00e4\u00e4n ja tauteihin. Tilanne oli niin vakava, ett\u00e4 ihmissy\u00f6ntiin jouduttiin turvautumaan. Ennen noita katovuosia oli ollut hyvi\u00e4 viljavuosia ja elettiin kuin viimeist\u00e4 p\u00e4iv\u00e4\u00e4, kun viljaa ei saatu kaupaksi. Sitten iski kylmyys ja kato, johon ei oltu varauduttu. Yksi katovuosista oli tuo edellisen leikkeen erikoinen vuosi 1696.<\/p>\n\n\n\n<figure class=\"wp-block-image alignfull size-large\"><img loading=\"lazy\" decoding=\"async\" width=\"1024\" height=\"538\" src=\"https:\/\/jitkonen.fi\/wp-content\/uploads\/2021\/02\/aurinko-topelius-lapset-1600-jaakausi-1024x538.jpg\" alt=\"\" class=\"wp-image-1005\" srcset=\"https:\/\/jitkonen.fi\/wp-content\/uploads\/2021\/02\/aurinko-topelius-lapset-1600-jaakausi-1024x538.jpg 1024w, https:\/\/jitkonen.fi\/wp-content\/uploads\/2021\/02\/aurinko-topelius-lapset-1600-jaakausi-300x158.jpg 300w, https:\/\/jitkonen.fi\/wp-content\/uploads\/2021\/02\/aurinko-topelius-lapset-1600-jaakausi-768x403.jpg 768w, https:\/\/jitkonen.fi\/wp-content\/uploads\/2021\/02\/aurinko-topelius-lapset-1600-jaakausi-1536x807.jpg 1536w, https:\/\/jitkonen.fi\/wp-content\/uploads\/2021\/02\/aurinko-topelius-lapset-1600-jaakausi-1200x630.jpg 1200w, https:\/\/jitkonen.fi\/wp-content\/uploads\/2021\/02\/aurinko-topelius-lapset-1600-jaakausi.jpg 1588w\" sizes=\"auto, (max-width: 1024px) 100vw, 1024px\" \/><\/figure>\n\n\n\n<p>1600-luvun ja 1800-luvun katovuodet olivat ankaria. Ihmisi\u00e4 kuoli kuin russakoita.<\/p>\n\n\n\n<figure class=\"wp-block-image alignwide size-large\"><img loading=\"lazy\" decoding=\"async\" width=\"1024\" height=\"536\" src=\"https:\/\/jitkonen.fi\/wp-content\/uploads\/2024\/01\/1600-ja-1800-nalka-aurinko-pakattu-1024x536.png\" alt=\"\" class=\"wp-image-2713\" srcset=\"https:\/\/jitkonen.fi\/wp-content\/uploads\/2024\/01\/1600-ja-1800-nalka-aurinko-pakattu-1024x536.png 1024w, https:\/\/jitkonen.fi\/wp-content\/uploads\/2024\/01\/1600-ja-1800-nalka-aurinko-pakattu-300x157.png 300w, https:\/\/jitkonen.fi\/wp-content\/uploads\/2024\/01\/1600-ja-1800-nalka-aurinko-pakattu-768x402.png 768w, https:\/\/jitkonen.fi\/wp-content\/uploads\/2024\/01\/1600-ja-1800-nalka-aurinko-pakattu-1536x805.png 1536w, https:\/\/jitkonen.fi\/wp-content\/uploads\/2024\/01\/1600-ja-1800-nalka-aurinko-pakattu-1568x821.png 1568w, https:\/\/jitkonen.fi\/wp-content\/uploads\/2024\/01\/1600-ja-1800-nalka-aurinko-pakattu.png 1682w\" sizes=\"auto, (max-width: 1024px) 100vw, 1024px\" \/><\/figure>\n\n\n\n<h3 class=\"wp-block-heading\" id=\"1890\"><strong>1890<\/strong><\/h3>\n\n\n\n<p>1890 tammikuussa ajettiin k\u00e4rryilla ja kaduilla oli vesil\u00e4t\u00e4k\u00f6it\u00e4. Sairastettiin inluenssaa ja oltiin kowin pelokkaita.<\/p>\n\n\n\n<figure class=\"wp-block-image size-large\"><img loading=\"lazy\" decoding=\"async\" width=\"938\" height=\"826\" src=\"https:\/\/jitkonen.fi\/wp-content\/uploads\/2021\/03\/1890-talvi-Raahe-1.png\" alt=\"\" class=\"wp-image-1246\" srcset=\"https:\/\/jitkonen.fi\/wp-content\/uploads\/2021\/03\/1890-talvi-Raahe-1.png 938w, https:\/\/jitkonen.fi\/wp-content\/uploads\/2021\/03\/1890-talvi-Raahe-1-300x264.png 300w, https:\/\/jitkonen.fi\/wp-content\/uploads\/2021\/03\/1890-talvi-Raahe-1-768x676.png 768w\" sizes=\"auto, (max-width: 938px) 100vw, 938px\" \/><\/figure>\n\n\n\n<p>1890 lauhan talven syyksi ep\u00e4iltiin Euroopan helteit\u00e4. J\u00e4\u00e4vuorista vedettiin johtop\u00e4\u00e4t\u00f6ksi\u00e4 tulevien s\u00e4iden suhteen. Miten lie osuneet kohdalleen? Oli kaikenlaista sit\u00e4 siihen aikaan mietitt\u00e4v\u00e4, kun ei ollut CO2:ta patenttiselityksen\u00e4 joka ikiseen asiaan. <\/p>\n\n\n\n<figure class=\"wp-block-image size-large is-resized\"><img loading=\"lazy\" decoding=\"async\" width=\"1024\" height=\"711\" src=\"https:\/\/jitkonen.fi\/wp-content\/uploads\/2020\/07\/6-1890_lauha_lumeton_t_9XW1K-1024x711.jpg\" alt=\"\" class=\"wp-image-489\" style=\"width:605px;height:420px\" srcset=\"https:\/\/jitkonen.fi\/wp-content\/uploads\/2020\/07\/6-1890_lauha_lumeton_t_9XW1K-1024x711.jpg 1024w, https:\/\/jitkonen.fi\/wp-content\/uploads\/2020\/07\/6-1890_lauha_lumeton_t_9XW1K-300x208.jpg 300w, https:\/\/jitkonen.fi\/wp-content\/uploads\/2020\/07\/6-1890_lauha_lumeton_t_9XW1K-768x534.jpg 768w, https:\/\/jitkonen.fi\/wp-content\/uploads\/2020\/07\/6-1890_lauha_lumeton_t_9XW1K-1200x834.jpg 1200w, https:\/\/jitkonen.fi\/wp-content\/uploads\/2020\/07\/6-1890_lauha_lumeton_t_9XW1K.jpg 1258w\" sizes=\"auto, (max-width: 1024px) 100vw, 1024px\" \/><\/figure>\n\n\n\n<p> Myrskyist\u00e4 oli alussa oma linkkins\u00e4, mutta t\u00e4h\u00e4n kohtaan voidaan hyvin todeta, ett\u00e4 kaikkien aikojen kovin myrsky Suomessa oli vuonna 1890. <\/p>\n\n\n\n<figure class=\"wp-block-image size-large is-resized\"><img loading=\"lazy\" decoding=\"async\" width=\"887\" height=\"856\" src=\"https:\/\/jitkonen.fi\/wp-content\/uploads\/2020\/07\/7-myrsky.jpg\" alt=\"\" class=\"wp-image-490\" style=\"width:607px;height:585px\" srcset=\"https:\/\/jitkonen.fi\/wp-content\/uploads\/2020\/07\/7-myrsky.jpg 887w, https:\/\/jitkonen.fi\/wp-content\/uploads\/2020\/07\/7-myrsky-300x290.jpg 300w, https:\/\/jitkonen.fi\/wp-content\/uploads\/2020\/07\/7-myrsky-768x741.jpg 768w\" sizes=\"auto, (max-width: 887px) 100vw, 887px\" \/><\/figure>\n\n\n\n<p>1890 oli globaalisti kovin myrskyis\u00e4 vuosi.<\/p>\n\n\n\n<figure class=\"wp-block-image alignwide size-large\"><img loading=\"lazy\" decoding=\"async\" width=\"1024\" height=\"766\" src=\"https:\/\/jitkonen.fi\/wp-content\/uploads\/2021\/03\/1890-myrskyj__pakattu-1024x766.jpg\" alt=\"\" class=\"wp-image-1317\" srcset=\"https:\/\/jitkonen.fi\/wp-content\/uploads\/2021\/03\/1890-myrskyj__pakattu-1024x766.jpg 1024w, https:\/\/jitkonen.fi\/wp-content\/uploads\/2021\/03\/1890-myrskyj__pakattu-300x225.jpg 300w, https:\/\/jitkonen.fi\/wp-content\/uploads\/2021\/03\/1890-myrskyj__pakattu-768x575.jpg 768w, https:\/\/jitkonen.fi\/wp-content\/uploads\/2021\/03\/1890-myrskyj__pakattu.jpg 1089w\" sizes=\"auto, (max-width: 1024px) 100vw, 1024px\" \/><\/figure>\n\n\n\n<h2 class=\"wp-block-heading alignwide\" id=\"valijohdanto\"><strong>V\u00e4lijohdanto<\/strong><\/h2>\n\n\n\n<h3 class=\"wp-block-heading\" id=\"1890-luvusta-alkoi-nopea-lampeneminen-joka-huipentui-1930-luvulle-tultaessa-lampeneminen-huipentui-siihen-etta-1930-luvulla-oli-itameressa-jaata-vahemman-kuin-2010-luvulla\"><strong><span style=\"color:#a30012\" class=\"has-inline-color\">1890-luvusta alkoi nopea l\u00e4mpeneminen, joka huipentui 1930-luvulle tultaessa. L\u00e4mpeneminen huipentui siihen, ett\u00e4 1930-luvulla oli It\u00e4meress\u00e4 j\u00e4\u00e4t\u00e4 v\u00e4hemm\u00e4n kuin 2010-luvulla<\/span>.<\/strong> <\/h3>\n\n\n\n<p>T\u00e4m\u00e4 j\u00e4iden v\u00e4hyysasia kerrottiinn my\u00f6s FMI:n sivuilla vuonna 2020, eli ett\u00e4 1930-luvulla j\u00e4\u00e4t\u00e4 oli vuosikymmennen keskiarvona v\u00e4hemm\u00e4n kuin 2010-2019, <a href=\"https:\/\/www.ilmatieteenlaitos.fi\/tiedote\/1296574368\"><strong>linkki<\/strong><\/a>.<br><br><strong>1930-luvun lauhoista talvista on oma bloginsa linkiss\u00e4<\/strong>: <br><a href=\"https:\/\/jitkonen.fi\/?p=727\">https:\/\/jitkonen.fi\/?p=727<\/a><br><strong>It\u00e4meren j\u00e4it\u00e4 k\u00e4sitell\u00e4\u00e4n t\u00e4ss\u00e4 linkiss\u00e4<\/strong>: <a href=\"https:\/\/puheenvuoro.uusisuomi.fi\/itkonenlindgren\/onko-itameren-jaan-laajuuden-vaheneminen-ilmaston-lampenemisen-indikaattori\/\">https:\/\/puheenvuoro.uusisuomi.fi\/itkonenlindgren\/onko-itameren-jaan-laajuuden-vaheneminen-ilmaston-lampenemisen-indikaattori\/<\/a><\/p>\n\n\n\n<p><strong><em>FMI:n Jouni Vainion<\/em><\/strong> toteamus on kuvan alalaidassa: &#8221;<strong><em>Talvi 1930 aloitti kymmenen vuoden v\u00e4h\u00e4j\u00e4isen jakson, joka p\u00e4\u00e4ttyi talvisodan paukkupakkasiin. Kymmenvuotisjakso 1930\u20131939 on toistaiseksi ollut j\u00e4\u00e4llisen alan laajuudella mitattuna kaikkein v\u00e4h\u00e4j\u00e4isin.<\/em><\/strong>&#8221;<\/p>\n\n\n\n<p>N\u00e4in se talvien nopea l\u00e4mpeneminen n\u00e4kyy It\u00e4merell\u00e4. J\u00e4iden laajuus 1930 -luvulla oli 117 000 km<sup>2<\/sup> ja 2010-luvulla 152 000 km<sup>2<\/sup><\/p>\n\n\n\n<figure class=\"wp-block-image alignwide size-large\"><img loading=\"lazy\" decoding=\"async\" width=\"1024\" height=\"483\" src=\"https:\/\/jitkonen.fi\/wp-content\/uploads\/2021\/03\/talvet-itameri-1930-luku-vertailu--1024x483.jpg\" alt=\"\" class=\"wp-image-2764\" srcset=\"https:\/\/jitkonen.fi\/wp-content\/uploads\/2021\/03\/talvet-itameri-1930-luku-vertailu--1024x483.jpg 1024w, https:\/\/jitkonen.fi\/wp-content\/uploads\/2021\/03\/talvet-itameri-1930-luku-vertailu--300x142.jpg 300w, https:\/\/jitkonen.fi\/wp-content\/uploads\/2021\/03\/talvet-itameri-1930-luku-vertailu--768x362.jpg 768w, https:\/\/jitkonen.fi\/wp-content\/uploads\/2021\/03\/talvet-itameri-1930-luku-vertailu--1536x725.jpg 1536w, https:\/\/jitkonen.fi\/wp-content\/uploads\/2021\/03\/talvet-itameri-1930-luku-vertailu--1568x740.jpg 1568w, https:\/\/jitkonen.fi\/wp-content\/uploads\/2021\/03\/talvet-itameri-1930-luku-vertailu-.jpg 1857w\" sizes=\"auto, (max-width: 1024px) 100vw, 1024px\" \/><\/figure>\n\n\n\n<p>It\u00e4meren ja AMO\/NAO yhteys n\u00e4kyy my\u00f6s kuvassa.<\/p>\n\n\n\n<figure class=\"wp-block-image alignwide size-large\"><img loading=\"lazy\" decoding=\"async\" width=\"1024\" height=\"567\" src=\"https:\/\/jitkonen.fi\/wp-content\/uploads\/2023\/07\/Itameri-AMO-vertailu-1024x567.jpg\" alt=\"\" class=\"wp-image-2674\" srcset=\"https:\/\/jitkonen.fi\/wp-content\/uploads\/2023\/07\/Itameri-AMO-vertailu-1024x567.jpg 1024w, https:\/\/jitkonen.fi\/wp-content\/uploads\/2023\/07\/Itameri-AMO-vertailu-300x166.jpg 300w, https:\/\/jitkonen.fi\/wp-content\/uploads\/2023\/07\/Itameri-AMO-vertailu-768x425.jpg 768w, https:\/\/jitkonen.fi\/wp-content\/uploads\/2023\/07\/Itameri-AMO-vertailu.jpg 1532w\" sizes=\"auto, (max-width: 1024px) 100vw, 1024px\" \/><\/figure>\n\n\n\n<h2 class=\"wp-block-heading alignwide\" id=\"1800-luku-jatkoa\"><strong>1800-luku jatkoa<\/strong><\/h2>\n\n\n\n<h3 class=\"wp-block-heading\" id=\"1897\"><strong>1897<\/strong><\/h3>\n\n\n\n<p>1897 ja my\u00f6hemmin 1911 ja 1914 annettiin taas ohjeita lumettomien talvien varalle eli kuinka mansikat suojataan niin\u00e4 talvina, kun ei ole lunta. <br><br>N\u00e4it\u00e4 ikiaikaisia lumettomia talvia ennustetaan my\u00f6s nyt 2000-luvulla tulevaisuudessa tuleviksi.<\/p>\n\n\n\n<figure class=\"wp-block-image alignwide size-large\"><img loading=\"lazy\" decoding=\"async\" width=\"1024\" height=\"509\" src=\"https:\/\/jitkonen.fi\/wp-content\/uploads\/2020\/07\/8-lumettomat_talvet_ma_7yjrm-1024x509.jpg\" alt=\"\" class=\"wp-image-491\" srcset=\"https:\/\/jitkonen.fi\/wp-content\/uploads\/2020\/07\/8-lumettomat_talvet_ma_7yjrm-1024x509.jpg 1024w, https:\/\/jitkonen.fi\/wp-content\/uploads\/2020\/07\/8-lumettomat_talvet_ma_7yjrm-300x149.jpg 300w, https:\/\/jitkonen.fi\/wp-content\/uploads\/2020\/07\/8-lumettomat_talvet_ma_7yjrm-768x382.jpg 768w, https:\/\/jitkonen.fi\/wp-content\/uploads\/2020\/07\/8-lumettomat_talvet_ma_7yjrm-1536x764.jpg 1536w, https:\/\/jitkonen.fi\/wp-content\/uploads\/2020\/07\/8-lumettomat_talvet_ma_7yjrm-1200x597.jpg 1200w, https:\/\/jitkonen.fi\/wp-content\/uploads\/2020\/07\/8-lumettomat_talvet_ma_7yjrm.jpg 1624w\" sizes=\"auto, (max-width: 1024px) 100vw, 1024px\" \/><\/figure>\n\n\n\n<p> Olihan noihin aikoihin toki luntakin, ja paljon! Siis varsinaisia \u00e4\u00e4ri-ilmi\u00f6it\u00e4 &#8211; ei lunta ja sitten 2 metrin kinokset. Ja kaikkien aikojen tulvahan siit\u00e4 syntyi, kun ne lumet sulivat. Tuli Valapaton tulva. <\/p>\n\n\n\n<figure class=\"wp-block-image size-large is-resized\"><img loading=\"lazy\" decoding=\"async\" width=\"1024\" height=\"465\" src=\"https:\/\/jitkonen.fi\/wp-content\/uploads\/2020\/07\/9-Lumi_tulva-1899-1024x465.jpg\" alt=\"\" class=\"wp-image-492\" style=\"width:568px;height:258px\" srcset=\"https:\/\/jitkonen.fi\/wp-content\/uploads\/2020\/07\/9-Lumi_tulva-1899-1024x465.jpg 1024w, https:\/\/jitkonen.fi\/wp-content\/uploads\/2020\/07\/9-Lumi_tulva-1899-300x136.jpg 300w, https:\/\/jitkonen.fi\/wp-content\/uploads\/2020\/07\/9-Lumi_tulva-1899-768x349.jpg 768w, https:\/\/jitkonen.fi\/wp-content\/uploads\/2020\/07\/9-Lumi_tulva-1899-1200x545.jpg 1200w, https:\/\/jitkonen.fi\/wp-content\/uploads\/2020\/07\/9-Lumi_tulva-1899.jpg 1204w\" sizes=\"auto, (max-width: 1024px) 100vw, 1024px\" \/><\/figure>\n\n\n\n<h3 class=\"wp-block-heading\" id=\"1899\"><strong> 1899<\/strong><\/h3>\n\n\n\n<p> 1899 tiedettiin, ettei Turkukaan ole hiihtokaupunki. <\/p>\n\n\n\n<figure class=\"wp-block-image size-large is-resized\"><img loading=\"lazy\" decoding=\"async\" width=\"512\" height=\"826\" src=\"https:\/\/jitkonen.fi\/wp-content\/uploads\/2020\/07\/10-turku-lumeton-1899.png\" alt=\"\" class=\"wp-image-493\" style=\"width:609px;height:982px\" srcset=\"https:\/\/jitkonen.fi\/wp-content\/uploads\/2020\/07\/10-turku-lumeton-1899.png 512w, https:\/\/jitkonen.fi\/wp-content\/uploads\/2020\/07\/10-turku-lumeton-1899-186x300.png 186w\" sizes=\"auto, (max-width: 512px) 100vw, 512px\" \/><\/figure>\n\n\n\n<p><\/p>\n\n\n\n<h2 class=\"wp-block-heading alignwide\" id=\"1900-luku\"><strong>1900-luku<\/strong><\/h2>\n\n\n\n<h3 class=\"wp-block-heading\" id=\"1901\"><strong>1901<\/strong><\/h3>\n\n\n\n<p>1901 oli Lappia my\u00f6ten poikkeuksellisen l\u00e4mmin. L\u00e4hihistorian l\u00e4mp\u00f6isin sek\u00e4 talvi ett\u00e4 kes\u00e4 ehk\u00e4. <\/p>\n\n\n\n<figure class=\"wp-block-image alignwide size-large\"><img loading=\"lazy\" decoding=\"async\" width=\"1024\" height=\"662\" src=\"https:\/\/jitkonen.fi\/wp-content\/uploads\/2020\/07\/11-1901_leike2-1024x662.jpg\" alt=\"\" class=\"wp-image-494\" srcset=\"https:\/\/jitkonen.fi\/wp-content\/uploads\/2020\/07\/11-1901_leike2-1024x662.jpg 1024w, https:\/\/jitkonen.fi\/wp-content\/uploads\/2020\/07\/11-1901_leike2-300x194.jpg 300w, https:\/\/jitkonen.fi\/wp-content\/uploads\/2020\/07\/11-1901_leike2-768x497.jpg 768w, https:\/\/jitkonen.fi\/wp-content\/uploads\/2020\/07\/11-1901_leike2-1200x776.jpg 1200w, https:\/\/jitkonen.fi\/wp-content\/uploads\/2020\/07\/11-1901_leike2.jpg 1243w\" sizes=\"auto, (max-width: 1024px) 100vw, 1024px\" \/><\/figure>\n\n\n\n<p>Vasta helmikuussa 1901 alkoi lunta pyryttelem\u00e4\u00e4n Kemin ja Lapin suunnalla.<\/p>\n\n\n\n<figure class=\"wp-block-image size-full\"><img loading=\"lazy\" decoding=\"async\" width=\"625\" height=\"718\" src=\"https:\/\/jitkonen.fi\/wp-content\/uploads\/2021\/03\/1901-kemi.jpg\" alt=\"\" class=\"wp-image-1658\" srcset=\"https:\/\/jitkonen.fi\/wp-content\/uploads\/2021\/03\/1901-kemi.jpg 625w, https:\/\/jitkonen.fi\/wp-content\/uploads\/2021\/03\/1901-kemi-261x300.jpg 261w\" sizes=\"auto, (max-width: 625px) 100vw, 625px\" \/><\/figure>\n\n\n\n<p>Kes\u00e4 1901 oli lauhan talven j\u00e4lkeen yksi kuumimmista.<\/p>\n\n\n\n<figure class=\"wp-block-image alignwide size-large\"><img loading=\"lazy\" decoding=\"async\" width=\"1024\" height=\"572\" src=\"https:\/\/jitkonen.fi\/wp-content\/uploads\/2020\/03\/1901-kesa-kooste-pakattu-1024x572.jpg\" alt=\"\" class=\"wp-image-1031\" srcset=\"https:\/\/jitkonen.fi\/wp-content\/uploads\/2020\/03\/1901-kesa-kooste-pakattu-1024x572.jpg 1024w, https:\/\/jitkonen.fi\/wp-content\/uploads\/2020\/03\/1901-kesa-kooste-pakattu-300x168.jpg 300w, https:\/\/jitkonen.fi\/wp-content\/uploads\/2020\/03\/1901-kesa-kooste-pakattu-768x429.jpg 768w, https:\/\/jitkonen.fi\/wp-content\/uploads\/2020\/03\/1901-kesa-kooste-pakattu-1200x671.jpg 1200w, https:\/\/jitkonen.fi\/wp-content\/uploads\/2020\/03\/1901-kesa-kooste-pakattu.jpg 1456w\" sizes=\"auto, (max-width: 1024px) 100vw, 1024px\" \/><\/figure>\n\n\n\n<p> <\/p>\n\n\n\n<p>Nimimerkki Konitotohtori on tehnyt vertailun tehnyt ja huomasi, ett\u00e4 <strong>virallinen Suomen ilmatiede kikkaili kes\u00e4n 2018 l\u00e4mp\u00f6jen kanssa, kuten virallisessa ilmatieteess\u00e4 on nykyisin tapana. Se venytti kes\u00e4vertailun normaalin 3 kuukauden sijaan 4 kuukaudeksi, niin sill\u00e4 keinoin 2018 kes\u00e4 saatiin l\u00e4hihistorian eli &#8221;mittaushistoria&#8221; l\u00e4mpimimm\u00e4ksi kes\u00e4ksi.<\/strong> Lapsellista toimintaa Suomen ilmatieteelt\u00e4, mutta kuvaa hyvin t\u00e4m\u00e4n p\u00e4iv\u00e4n ilma&#8221;tiedett\u00e4&#8221;. <a href=\"https:\/\/konitohtor.blogspot.com\/2018\/09\/\">https:\/\/konitohtor.blogspot.com\/2018\/09\/<\/a><\/p>\n\n\n\n<h3 class=\"wp-block-heading\" id=\"1903\"> <strong>1903<\/strong><\/h3>\n\n\n\n<p>1903 ep\u00e4iltiin ilmaston muuttuvan siihen suuntaan, ett\u00e4 talvet tulisivat lauhemmaksi. Eiv\u00e4tk\u00e4 ihan v\u00e4\u00e4rin ennustaneet, kun katselee seuraavan 40 vuoden talvia. <\/p>\n\n\n\n<figure class=\"wp-block-image alignwide size-large\"><img loading=\"lazy\" decoding=\"async\" width=\"974\" height=\"757\" src=\"https:\/\/jitkonen.fi\/wp-content\/uploads\/2020\/07\/13-1903.jpg\" alt=\"\" class=\"wp-image-496\" srcset=\"https:\/\/jitkonen.fi\/wp-content\/uploads\/2020\/07\/13-1903.jpg 974w, https:\/\/jitkonen.fi\/wp-content\/uploads\/2020\/07\/13-1903-300x233.jpg 300w, https:\/\/jitkonen.fi\/wp-content\/uploads\/2020\/07\/13-1903-768x597.jpg 768w\" sizes=\"auto, (max-width: 974px) 100vw, 974px\" \/><\/figure>\n\n\n\n<h3 class=\"wp-block-heading\" id=\"1904\"><strong> 1904<\/strong><\/h3>\n\n\n\n<p>Helmikuun 1904 Urheilulehdess\u00e4 todettiin, ett\u00e4 Helsinki on py\u00f6r\u00e4ilykaupunki, koska silt\u00e4 toisinaan puuttuu talvet:<strong><em> &#8221;Suomen p\u00e4\u00e4kaupunki on ilmastonsa puolesta inhottavimpia paikkoja maailmassa. Seh\u00e4n on tuulien ja myrskyjen tyyssija. Ja sit\u00e4 paitsi silt\u00e4 joinakin vuosina puuttuu kunnollinen talvi ja kunnollinen kes\u00e4.&#8221;<\/em><\/strong><\/p>\n\n\n\n<figure class=\"wp-block-image alignwide size-large\"><img loading=\"lazy\" decoding=\"async\" width=\"1024\" height=\"585\" src=\"https:\/\/jitkonen.fi\/wp-content\/uploads\/2020\/07\/14-1904_helsinki_py__r__B5rtL-1024x585.jpg\" alt=\"\" class=\"wp-image-497\" srcset=\"https:\/\/jitkonen.fi\/wp-content\/uploads\/2020\/07\/14-1904_helsinki_py__r__B5rtL-1024x585.jpg 1024w, https:\/\/jitkonen.fi\/wp-content\/uploads\/2020\/07\/14-1904_helsinki_py__r__B5rtL-300x171.jpg 300w, https:\/\/jitkonen.fi\/wp-content\/uploads\/2020\/07\/14-1904_helsinki_py__r__B5rtL-768x438.jpg 768w, https:\/\/jitkonen.fi\/wp-content\/uploads\/2020\/07\/14-1904_helsinki_py__r__B5rtL-1200x685.jpg 1200w, https:\/\/jitkonen.fi\/wp-content\/uploads\/2020\/07\/14-1904_helsinki_py__r__B5rtL.jpg 1496w\" sizes=\"auto, (max-width: 1024px) 100vw, 1024px\" \/><\/figure>\n\n\n\n<p>Taudit levi\u00e4v\u00e4t lumettomina talvina<\/p>\n\n\n\n<figure class=\"wp-block-image alignwide size-full\"><img loading=\"lazy\" decoding=\"async\" width=\"1019\" height=\"823\" src=\"https:\/\/jitkonen.fi\/wp-content\/uploads\/2021\/03\/1904-lauha-talvi-uusi-2023.jpg\" alt=\"\" class=\"wp-image-2679\" srcset=\"https:\/\/jitkonen.fi\/wp-content\/uploads\/2021\/03\/1904-lauha-talvi-uusi-2023.jpg 1019w, https:\/\/jitkonen.fi\/wp-content\/uploads\/2021\/03\/1904-lauha-talvi-uusi-2023-300x242.jpg 300w, https:\/\/jitkonen.fi\/wp-content\/uploads\/2021\/03\/1904-lauha-talvi-uusi-2023-768x620.jpg 768w\" sizes=\"auto, (max-width: 1019px) 100vw, 1019px\" \/><\/figure>\n\n\n\n<h3 class=\"wp-block-heading\" id=\"1905\"><strong>1905<\/strong><\/h3>\n\n\n\n<p>Vaikka on lauhoja talvia koskeva blogi, niin todetaan nyt, ett\u00e4 1905 oltiin helteess\u00e4 r\u00e4ytyvist\u00e4 lapsista huolissaan. <\/p>\n\n\n\n<figure class=\"wp-block-image size-large is-resized\"><img loading=\"lazy\" decoding=\"async\" width=\"839\" height=\"758\" src=\"https:\/\/jitkonen.fi\/wp-content\/uploads\/2020\/07\/15-1905ty\u00f6l\u00e4isnainensodem.jpg\" alt=\"\" class=\"wp-image-498\" style=\"width:605px;height:546px\" srcset=\"https:\/\/jitkonen.fi\/wp-content\/uploads\/2020\/07\/15-1905ty\u00f6l\u00e4isnainensodem.jpg 839w, https:\/\/jitkonen.fi\/wp-content\/uploads\/2020\/07\/15-1905ty\u00f6l\u00e4isnainensodem-300x271.jpg 300w, https:\/\/jitkonen.fi\/wp-content\/uploads\/2020\/07\/15-1905ty\u00f6l\u00e4isnainensodem-768x694.jpg 768w\" sizes=\"auto, (max-width: 839px) 100vw, 839px\" \/><\/figure>\n\n\n\n<p>Uutisoitiin my\u00f6s rakeista, jotka It\u00e4vallassa olivat keilapallon kokoisia! Kyll\u00e4 nyt olisi ilmastopiireiss\u00e4 suu messingill\u00e4, jos tuollaisia sataisi.<\/p>\n\n\n\n<figure class=\"wp-block-image size-large is-resized\"><img loading=\"lazy\" decoding=\"async\" width=\"981\" height=\"789\" src=\"https:\/\/jitkonen.fi\/wp-content\/uploads\/2020\/07\/17-Rakeita-1905.png\" alt=\"\" class=\"wp-image-500\" style=\"width:766px;height:615px\" srcset=\"https:\/\/jitkonen.fi\/wp-content\/uploads\/2020\/07\/17-Rakeita-1905.png 981w, https:\/\/jitkonen.fi\/wp-content\/uploads\/2020\/07\/17-Rakeita-1905-300x241.png 300w, https:\/\/jitkonen.fi\/wp-content\/uploads\/2020\/07\/17-Rakeita-1905-768x618.png 768w\" sizes=\"auto, (max-width: 981px) 100vw, 981px\" \/><\/figure>\n\n\n\n<p> <\/p>\n\n\n\n<h3 class=\"wp-block-heading\" id=\"1907\"><strong>1907<\/strong><\/h3>\n\n\n\n<p>Ennustivat vuonna 1907 vuoden 2000 ilmastoa. Olivat paljon varovaisempia kuin nykyiset puhuessaan 2100 ilmastosta ja osuivat oikeaan. Tosin nykyisin sen tulevaisuuden ennustaminen on suurta jossittelua ja luulemista luulemisen per\u00e4\u00e4n, koska viralliset tiedepiirit eiv\u00e4t tunne CO2:n ilmastoherkkyytt\u00e4, vaan luottavat Arrheniuksen 1900-luvun alun tutkimuksiin, jotka h\u00e4n itsekin my\u00f6nsi v\u00e4\u00e4riksi tuon CO2:n ilmastoherkkyyden osalta.<br><br>Tuolloin 1907 olivat&nbsp;sit\u00e4 mielt\u00e4, ett\u00e4 ilmaston syklisyys jatkuu. Nykyisin IPCC:n johdolla ollaan sit\u00e4 mielt\u00e4, ett\u00e4 luonnollinen syklisyys loppuu nykyiseen ilmastosykliin, joka jatkaa jatkamistaan vain l\u00e4mpim\u00e4mm\u00e4n suuntaan (ns. l\u00e4tk\u00e4mailateoria).  <a href=\"https:\/\/digi.kansalliskirjasto.fi\/sanomalehti\/binding\/654706?page=3\">https:\/\/digi.kansalliskirjasto.fi\/sanomalehti\/binding\/654706?page=3<\/a> <br><br>T\u00e4m\u00e4n kirjoitus on nykysuomenkielell\u00e4 sit\u00e4 seuraavassa kuvassa.<\/p>\n\n\n\n<figure class=\"wp-block-image size-large\"><img loading=\"lazy\" decoding=\"async\" width=\"1024\" height=\"732\" src=\"https:\/\/jitkonen.fi\/wp-content\/uploads\/2020\/07\/16-ilmasto_vuonna_2000-1024x732.jpg\" alt=\"\" class=\"wp-image-499\" srcset=\"https:\/\/jitkonen.fi\/wp-content\/uploads\/2020\/07\/16-ilmasto_vuonna_2000-1024x732.jpg 1024w, https:\/\/jitkonen.fi\/wp-content\/uploads\/2020\/07\/16-ilmasto_vuonna_2000-300x214.jpg 300w, https:\/\/jitkonen.fi\/wp-content\/uploads\/2020\/07\/16-ilmasto_vuonna_2000-768x549.jpg 768w, https:\/\/jitkonen.fi\/wp-content\/uploads\/2020\/07\/16-ilmasto_vuonna_2000.jpg 1125w\" sizes=\"auto, (max-width: 1024px) 100vw, 1024px\" \/><\/figure>\n\n\n\n<p><strong> <\/strong><\/p>\n\n\n\n<p>Mielenkiintoinen tuo edell\u00e4 olevassa leikkeess\u00e4 mainitun etev\u00e4n tiedemiehen Bucherin 35 vuoden havainto! Jos tuo syklisyys jatkuu, 2040 paikkeilla on taas kylm\u00e4t ajat ja sit\u00e4h\u00e4n aurinkotiede ja puiden syklist\u00e4 kasvua tutkiva tiede my\u00f6s ennustaa. Ken silloin el\u00e4\u00e4, n\u00e4kee:<\/p>\n\n\n\n<figure class=\"wp-block-image alignwide size-large\"><img loading=\"lazy\" decoding=\"async\" width=\"1024\" height=\"568\" src=\"https:\/\/jitkonen.fi\/wp-content\/uploads\/2020\/03\/1907-ennustus_2000-pakattu-2-1024x568.jpg\" alt=\"\" class=\"wp-image-1069\" srcset=\"https:\/\/jitkonen.fi\/wp-content\/uploads\/2020\/03\/1907-ennustus_2000-pakattu-2-1024x568.jpg 1024w, https:\/\/jitkonen.fi\/wp-content\/uploads\/2020\/03\/1907-ennustus_2000-pakattu-2-300x167.jpg 300w, https:\/\/jitkonen.fi\/wp-content\/uploads\/2020\/03\/1907-ennustus_2000-pakattu-2-768x426.jpg 768w, https:\/\/jitkonen.fi\/wp-content\/uploads\/2020\/03\/1907-ennustus_2000-pakattu-2-1200x666.jpg 1200w, https:\/\/jitkonen.fi\/wp-content\/uploads\/2020\/03\/1907-ennustus_2000-pakattu-2.jpg 1481w\" sizes=\"auto, (max-width: 1024px) 100vw, 1024px\" \/><\/figure>\n\n\n\n<p><\/p>\n\n\n\n<p>Siin\u00e4 edell\u00e4 lehtileikkeen mukaan tiedemies Bucher Bernist\u00e4 tuli vuonna 1907 havainneeksi AMO syklin, joka kohta taas sukeltaa kylm\u00e4\u00e4 tuovaan sykliins\u00e4. N\u00e4m\u00e4 syklit ovat nykyilmatieteelle myrkky\u00e4, koska 24\/7 syytet\u00e4\u00e4n ihmist\u00e4 nykyisen syklin aikaansaamisesta CO2:n avulla.<\/p>\n\n\n\n<figure class=\"wp-block-image size-large is-resized\"><img loading=\"lazy\" decoding=\"async\" width=\"1024\" height=\"528\" src=\"https:\/\/jitkonen.fi\/wp-content\/uploads\/2020\/03\/amo-35_sykli-pakattu-1024x528.jpg\" alt=\"\" class=\"wp-image-1075\" style=\"width:711px;height:366px\" srcset=\"https:\/\/jitkonen.fi\/wp-content\/uploads\/2020\/03\/amo-35_sykli-pakattu-1024x528.jpg 1024w, https:\/\/jitkonen.fi\/wp-content\/uploads\/2020\/03\/amo-35_sykli-pakattu-300x155.jpg 300w, https:\/\/jitkonen.fi\/wp-content\/uploads\/2020\/03\/amo-35_sykli-pakattu-768x396.jpg 768w, https:\/\/jitkonen.fi\/wp-content\/uploads\/2020\/03\/amo-35_sykli-pakattu-1200x618.jpg 1200w, https:\/\/jitkonen.fi\/wp-content\/uploads\/2020\/03\/amo-35_sykli-pakattu.jpg 1415w\" sizes=\"auto, (max-width: 1024px) 100vw, 1024px\" \/><\/figure>\n\n\n\n<h3 class=\"wp-block-heading\" id=\"1908\"><strong>1908<\/strong><\/h3>\n\n\n\n<p>1908 alkutalvi oli lauha Kemin ja Rovanimen alueella.<\/p>\n\n\n\n<figure class=\"wp-block-image alignwide size-large\"><img loading=\"lazy\" decoding=\"async\" width=\"1024\" height=\"462\" src=\"https:\/\/jitkonen.fi\/wp-content\/uploads\/2021\/03\/1908_rovaniemi_lauha_pakattu-1024x462.jpg\" alt=\"\" class=\"wp-image-1644\" srcset=\"https:\/\/jitkonen.fi\/wp-content\/uploads\/2021\/03\/1908_rovaniemi_lauha_pakattu-1024x462.jpg 1024w, https:\/\/jitkonen.fi\/wp-content\/uploads\/2021\/03\/1908_rovaniemi_lauha_pakattu-300x135.jpg 300w, https:\/\/jitkonen.fi\/wp-content\/uploads\/2021\/03\/1908_rovaniemi_lauha_pakattu-768x346.jpg 768w, https:\/\/jitkonen.fi\/wp-content\/uploads\/2021\/03\/1908_rovaniemi_lauha_pakattu.jpg 1322w\" sizes=\"auto, (max-width: 1024px) 100vw, 1024px\" \/><\/figure>\n\n\n\n<h3 class=\"wp-block-heading\" id=\"1909\"><strong>1909<\/strong><\/h3>\n\n\n\n<p>1909 kylm\u00e4t talvet ovat muuttuneet harvinaisemmiksi. Kyseltiin, ett\u00e4 muuttuuko ilmanala. Aika tutun oloista puhetta viel\u00e4 vuonna 2020! <\/p>\n\n\n\n<figure class=\"wp-block-image alignwide size-large\"><img loading=\"lazy\" decoding=\"async\" width=\"1024\" height=\"608\" src=\"https:\/\/jitkonen.fi\/wp-content\/uploads\/2021\/03\/1909-ilmasto_selko-pakattu-1024x608.jpg\" alt=\"\" class=\"wp-image-1292\" srcset=\"https:\/\/jitkonen.fi\/wp-content\/uploads\/2021\/03\/1909-ilmasto_selko-pakattu-1024x608.jpg 1024w, https:\/\/jitkonen.fi\/wp-content\/uploads\/2021\/03\/1909-ilmasto_selko-pakattu-300x178.jpg 300w, https:\/\/jitkonen.fi\/wp-content\/uploads\/2021\/03\/1909-ilmasto_selko-pakattu-768x456.jpg 768w, https:\/\/jitkonen.fi\/wp-content\/uploads\/2021\/03\/1909-ilmasto_selko-pakattu.jpg 1385w\" sizes=\"auto, (max-width: 1024px) 100vw, 1024px\" \/><\/figure>\n\n\n\n<p> Eik\u00e4 siin\u00e4 viel\u00e4 kaikki! Lintufaunat muuttavat kohti pohjoista. <\/p>\n\n\n\n<figure class=\"wp-block-image size-large is-resized\"><img loading=\"lazy\" decoding=\"async\" width=\"1024\" height=\"463\" src=\"https:\/\/jitkonen.fi\/wp-content\/uploads\/2020\/07\/19-1909_linnut-1024x463.jpg\" alt=\"\" class=\"wp-image-502\" style=\"width:603px;height:272px\" srcset=\"https:\/\/jitkonen.fi\/wp-content\/uploads\/2020\/07\/19-1909_linnut-1024x463.jpg 1024w, https:\/\/jitkonen.fi\/wp-content\/uploads\/2020\/07\/19-1909_linnut-300x136.jpg 300w, https:\/\/jitkonen.fi\/wp-content\/uploads\/2020\/07\/19-1909_linnut-768x347.jpg 768w, https:\/\/jitkonen.fi\/wp-content\/uploads\/2020\/07\/19-1909_linnut-1536x695.jpg 1536w, https:\/\/jitkonen.fi\/wp-content\/uploads\/2020\/07\/19-1909_linnut-1200x543.jpg 1200w, https:\/\/jitkonen.fi\/wp-content\/uploads\/2020\/07\/19-1909_linnut.jpg 1817w\" sizes=\"auto, (max-width: 1024px) 100vw, 1024px\" \/><\/figure>\n\n\n\n<p> Kev\u00e4thangetkin katoavat!<\/p>\n\n\n\n<figure class=\"wp-block-image size-large is-resized\"><img loading=\"lazy\" decoding=\"async\" width=\"994\" height=\"856\" src=\"https:\/\/jitkonen.fi\/wp-content\/uploads\/2020\/07\/20-1909_luonnonyst__v__.jpg\" alt=\"\" class=\"wp-image-503\" style=\"width:604px;height:519px\" srcset=\"https:\/\/jitkonen.fi\/wp-content\/uploads\/2020\/07\/20-1909_luonnonyst__v__.jpg 994w, https:\/\/jitkonen.fi\/wp-content\/uploads\/2020\/07\/20-1909_luonnonyst__v__-300x258.jpg 300w, https:\/\/jitkonen.fi\/wp-content\/uploads\/2020\/07\/20-1909_luonnonyst__v__-768x661.jpg 768w\" sizes=\"auto, (max-width: 994px) 100vw, 994px\" \/><\/figure>\n\n\n\n<p> &nbsp;El\u00e4inlajit lis\u00e4\u00e4ntyv\u00e4t. Selke\u00e4\u00e4 ilmastonmuutosta ilmassa 1909! <\/p>\n\n\n\n<figure class=\"wp-block-image size-large is-resized\"><img loading=\"lazy\" decoding=\"async\" width=\"763\" height=\"523\" src=\"https:\/\/jitkonen.fi\/wp-content\/uploads\/2020\/07\/21-el\u00e4inlajit-1909.png\" alt=\"\" class=\"wp-image-504\" style=\"width:604px;height:413px\" srcset=\"https:\/\/jitkonen.fi\/wp-content\/uploads\/2020\/07\/21-el\u00e4inlajit-1909.png 763w, https:\/\/jitkonen.fi\/wp-content\/uploads\/2020\/07\/21-el\u00e4inlajit-1909-300x206.png 300w\" sizes=\"auto, (max-width: 763px) 100vw, 763px\" \/><\/figure>\n\n\n\n<p>Toki 1900-luvun alussa asiat olivat luonnon kannalta paremmin, koska mets\u00e4paloja oli nykyiseen verrattuna huomattavasti enemm\u00e4n. Nyt mets\u00e4palojen v\u00e4hyys uhkaa h\u00e4vitt\u00e4\u00e4 jopa 100+ lajia sukupuuttoon. <\/p>\n\n\n\n<figure class=\"wp-block-image size-large\"><img loading=\"lazy\" decoding=\"async\" width=\"1024\" height=\"534\" src=\"https:\/\/jitkonen.fi\/wp-content\/uploads\/2020\/03\/mets\u00e4palot-historia-sukupuutto-1024x534.png\" alt=\"\" class=\"wp-image-75\" srcset=\"https:\/\/jitkonen.fi\/wp-content\/uploads\/2020\/03\/mets\u00e4palot-historia-sukupuutto-1024x534.png 1024w, https:\/\/jitkonen.fi\/wp-content\/uploads\/2020\/03\/mets\u00e4palot-historia-sukupuutto-300x157.png 300w, https:\/\/jitkonen.fi\/wp-content\/uploads\/2020\/03\/mets\u00e4palot-historia-sukupuutto-768x401.png 768w, https:\/\/jitkonen.fi\/wp-content\/uploads\/2020\/03\/mets\u00e4palot-historia-sukupuutto-1536x801.png 1536w, https:\/\/jitkonen.fi\/wp-content\/uploads\/2020\/03\/mets\u00e4palot-historia-sukupuutto.png 1543w\" sizes=\"auto, (max-width: 1024px) 100vw, 1024px\" \/><\/figure>\n\n\n\n<p>1909 Svante Arrheniuskin pohti auringonpilkkujen vaikutuksia ilmastoomme. Oli my\u00f6s perill\u00e4 Atlantin vaikutuksista.<\/p>\n\n\n<div class=\"wp-block-image\">\n<figure class=\"aligncenter size-full\"><img loading=\"lazy\" decoding=\"async\" width=\"918\" height=\"868\" src=\"https:\/\/jitkonen.fi\/wp-content\/uploads\/2021\/03\/1909_arrhenius_atlanti-aurinko-pakattu.jpg\" alt=\"\" class=\"wp-image-1880\" srcset=\"https:\/\/jitkonen.fi\/wp-content\/uploads\/2021\/03\/1909_arrhenius_atlanti-aurinko-pakattu.jpg 918w, https:\/\/jitkonen.fi\/wp-content\/uploads\/2021\/03\/1909_arrhenius_atlanti-aurinko-pakattu-300x284.jpg 300w, https:\/\/jitkonen.fi\/wp-content\/uploads\/2021\/03\/1909_arrhenius_atlanti-aurinko-pakattu-768x726.jpg 768w\" sizes=\"auto, (max-width: 918px) 100vw, 918px\" \/><\/figure><\/div>\n\n\n<p>T\u00e4mm\u00f6nen numeroon 9 perustuva ennustus.<\/p>\n\n\n\n<figure class=\"wp-block-image size-large is-resized\"><img loading=\"lazy\" decoding=\"async\" width=\"816\" height=\"804\" src=\"https:\/\/jitkonen.fi\/wp-content\/uploads\/2020\/07\/22-ennustus-9-ankara-talvi-1909.jpg\" alt=\"\" class=\"wp-image-505\" style=\"width:606px;height:596px\" srcset=\"https:\/\/jitkonen.fi\/wp-content\/uploads\/2020\/07\/22-ennustus-9-ankara-talvi-1909.jpg 816w, https:\/\/jitkonen.fi\/wp-content\/uploads\/2020\/07\/22-ennustus-9-ankara-talvi-1909-300x296.jpg 300w, https:\/\/jitkonen.fi\/wp-content\/uploads\/2020\/07\/22-ennustus-9-ankara-talvi-1909-768x757.jpg 768w\" sizes=\"auto, (max-width: 816px) 100vw, 816px\" \/><\/figure>\n\n\n\n<p>Samoin numeroon 12 liittyv\u00e4 s\u00e4\u00e4nt\u00f6. Miten lie asianlaita?<\/p>\n\n\n\n<figure class=\"wp-block-image size-large is-resized\"><img loading=\"lazy\" decoding=\"async\" width=\"1024\" height=\"647\" src=\"https:\/\/jitkonen.fi\/wp-content\/uploads\/2020\/07\/23-Ennustus-12-s\u00e4\u00e4nt\u00f6-1024x647.png\" alt=\"\" class=\"wp-image-506\" style=\"width:606px;height:383px\" srcset=\"https:\/\/jitkonen.fi\/wp-content\/uploads\/2020\/07\/23-Ennustus-12-s\u00e4\u00e4nt\u00f6-1024x647.png 1024w, https:\/\/jitkonen.fi\/wp-content\/uploads\/2020\/07\/23-Ennustus-12-s\u00e4\u00e4nt\u00f6-300x190.png 300w, https:\/\/jitkonen.fi\/wp-content\/uploads\/2020\/07\/23-Ennustus-12-s\u00e4\u00e4nt\u00f6-768x485.png 768w, https:\/\/jitkonen.fi\/wp-content\/uploads\/2020\/07\/23-Ennustus-12-s\u00e4\u00e4nt\u00f6-1200x758.png 1200w, https:\/\/jitkonen.fi\/wp-content\/uploads\/2020\/07\/23-Ennustus-12-s\u00e4\u00e4nt\u00f6.png 1356w\" sizes=\"auto, (max-width: 1024px) 100vw, 1024px\" \/><\/figure>\n\n\n\n<p>Lauhaa talvea siis piteli 1909.<\/p>\n\n\n\n<figure class=\"wp-block-image size-large is-resized\"><img loading=\"lazy\" decoding=\"async\" width=\"669\" height=\"696\" src=\"https:\/\/jitkonen.fi\/wp-content\/uploads\/2020\/07\/24-lauha-talvi-1909.png\" alt=\"\" class=\"wp-image-507\" style=\"width:604px;height:627px\" srcset=\"https:\/\/jitkonen.fi\/wp-content\/uploads\/2020\/07\/24-lauha-talvi-1909.png 669w, https:\/\/jitkonen.fi\/wp-content\/uploads\/2020\/07\/24-lauha-talvi-1909-288x300.png 288w\" sizes=\"auto, (max-width: 669px) 100vw, 669px\" \/><\/figure>\n\n\n\n<p>1909 ennustettiin tuleva l\u00e4mmin jakso ja ennustus perustui tieteeseen.<\/p>\n\n\n\n<figure class=\"wp-block-image alignwide size-large\"><img loading=\"lazy\" decoding=\"async\" width=\"1024\" height=\"541\" src=\"https:\/\/jitkonen.fi\/wp-content\/uploads\/2021\/03\/1909_ilmatiedetta-bruckner-pakattu-1024x541.jpg\" alt=\"\" class=\"wp-image-1715\" srcset=\"https:\/\/jitkonen.fi\/wp-content\/uploads\/2021\/03\/1909_ilmatiedetta-bruckner-pakattu-1024x541.jpg 1024w, https:\/\/jitkonen.fi\/wp-content\/uploads\/2021\/03\/1909_ilmatiedetta-bruckner-pakattu-300x158.jpg 300w, https:\/\/jitkonen.fi\/wp-content\/uploads\/2021\/03\/1909_ilmatiedetta-bruckner-pakattu-768x406.jpg 768w, https:\/\/jitkonen.fi\/wp-content\/uploads\/2021\/03\/1909_ilmatiedetta-bruckner-pakattu-1536x811.jpg 1536w, https:\/\/jitkonen.fi\/wp-content\/uploads\/2021\/03\/1909_ilmatiedetta-bruckner-pakattu-1568x828.jpg 1568w, https:\/\/jitkonen.fi\/wp-content\/uploads\/2021\/03\/1909_ilmatiedetta-bruckner-pakattu.jpg 1611w\" sizes=\"auto, (max-width: 1024px) 100vw, 1024px\" \/><\/figure>\n\n\n\n<h2 class=\"wp-block-heading alignwide\" id=\"1910-luku\"><strong>1910-luku<\/strong><\/h2>\n\n\n\n<h3 class=\"wp-block-heading\" id=\"1910\"><strong>1910<\/strong><\/h3>\n\n\n\n<p>Hiukan humoristinen l\u00e4hestymistapa, kun on tammikuisia vesisateita ja hiekkamyrskyj\u00e4.<\/p>\n\n\n\n<figure class=\"wp-block-image size-large is-resized\"><img loading=\"lazy\" decoding=\"async\" width=\"740\" height=\"792\" src=\"https:\/\/jitkonen.fi\/wp-content\/uploads\/2020\/07\/25-1910_tiede_vesisade__UaCTu.jpg\" alt=\"\" class=\"wp-image-508\" style=\"width:605px;height:647px\" srcset=\"https:\/\/jitkonen.fi\/wp-content\/uploads\/2020\/07\/25-1910_tiede_vesisade__UaCTu.jpg 740w, https:\/\/jitkonen.fi\/wp-content\/uploads\/2020\/07\/25-1910_tiede_vesisade__UaCTu-280x300.jpg 280w\" sizes=\"auto, (max-width: 740px) 100vw, 740px\" \/><\/figure>\n\n\n\n<p>Tuttua puhetta jo siihen aikaan!<\/p>\n\n\n\n<figure class=\"wp-block-image size-large is-resized\"><img loading=\"lazy\" decoding=\"async\" width=\"734\" height=\"428\" src=\"https:\/\/jitkonen.fi\/wp-content\/uploads\/2020\/07\/mets\u00e4.jpg\" alt=\"\" class=\"wp-image-552\" style=\"width:606px;height:353px\" srcset=\"https:\/\/jitkonen.fi\/wp-content\/uploads\/2020\/07\/mets\u00e4.jpg 734w, https:\/\/jitkonen.fi\/wp-content\/uploads\/2020\/07\/mets\u00e4-300x175.jpg 300w\" sizes=\"auto, (max-width: 734px) 100vw, 734px\" \/><\/figure>\n\n\n\n<p>Huumorikin kukki.<\/p>\n\n\n\n<figure class=\"wp-block-image size-large is-resized\"><img loading=\"lazy\" decoding=\"async\" width=\"503\" height=\"681\" src=\"https:\/\/jitkonen.fi\/wp-content\/uploads\/2020\/07\/26-intiaanit-ennustus-hiili.png\" alt=\"\" class=\"wp-image-509\" style=\"width:603px;height:816px\" srcset=\"https:\/\/jitkonen.fi\/wp-content\/uploads\/2020\/07\/26-intiaanit-ennustus-hiili.png 503w, https:\/\/jitkonen.fi\/wp-content\/uploads\/2020\/07\/26-intiaanit-ennustus-hiili-222x300.png 222w\" sizes=\"auto, (max-width: 503px) 100vw, 503px\" \/><\/figure>\n\n\n\n<p>Ja olihan sit\u00e4 halkoja ennen kolia Hakaniemess\u00e4. N\u00e4in\u00e4 aikoina tuolla m\u00e4\u00e4r\u00e4ll\u00e4 ei Helsinkiin s\u00e4hk\u00f6\u00e4 ja l\u00e4mp\u00f6\u00e4 tuotettaisi kovin monen tunnin ajan. Saatetaan puhua jopa muutamista minuuteista talviaikaan.<\/p>\n\n\n\n<figure class=\"wp-block-image size-large\"><img loading=\"lazy\" decoding=\"async\" width=\"1024\" height=\"765\" src=\"https:\/\/jitkonen.fi\/wp-content\/uploads\/2020\/07\/27-halkoja_hakaniemess__wIi06-1024x765.jpg\" alt=\"\" class=\"wp-image-510\" srcset=\"https:\/\/jitkonen.fi\/wp-content\/uploads\/2020\/07\/27-halkoja_hakaniemess__wIi06-1024x765.jpg 1024w, https:\/\/jitkonen.fi\/wp-content\/uploads\/2020\/07\/27-halkoja_hakaniemess__wIi06-300x224.jpg 300w, https:\/\/jitkonen.fi\/wp-content\/uploads\/2020\/07\/27-halkoja_hakaniemess__wIi06-768x573.jpg 768w, https:\/\/jitkonen.fi\/wp-content\/uploads\/2020\/07\/27-halkoja_hakaniemess__wIi06.jpg 1070w\" sizes=\"auto, (max-width: 1024px) 100vw, 1024px\" \/><\/figure>\n\n\n\n<h3 class=\"wp-block-heading\" id=\"1911\"><strong>1911<\/strong><\/h3>\n\n\n\n<p>Toki my\u00f6s helteit\u00e4 oli, kuten aina on ollut ja tulee aina olemaan. 1913 mitattiin yh\u00e4 voimassa oleva maapallon l\u00e4mp\u00f6enn\u00e4tys, eli kuumia aikoja 1900-luvun alussa elettiinkin.<\/p>\n\n\n\n<figure class=\"wp-block-image alignwide size-large\"><img loading=\"lazy\" decoding=\"async\" width=\"1024\" height=\"608\" src=\"https:\/\/jitkonen.fi\/wp-content\/uploads\/2021\/03\/1911-helle_suomi-pakattu-1024x608.jpg\" alt=\"\" class=\"wp-image-1298\" srcset=\"https:\/\/jitkonen.fi\/wp-content\/uploads\/2021\/03\/1911-helle_suomi-pakattu-1024x608.jpg 1024w, https:\/\/jitkonen.fi\/wp-content\/uploads\/2021\/03\/1911-helle_suomi-pakattu-300x178.jpg 300w, https:\/\/jitkonen.fi\/wp-content\/uploads\/2021\/03\/1911-helle_suomi-pakattu-768x456.jpg 768w, https:\/\/jitkonen.fi\/wp-content\/uploads\/2021\/03\/1911-helle_suomi-pakattu.jpg 1392w\" sizes=\"auto, (max-width: 1024px) 100vw, 1024px\" \/><\/figure>\n\n\n\n<p> <\/p>\n\n\n\n<p>T\u00e4llainen globaali j\u00e4\u00e4tik\u00f6iden h\u00e4vi\u00e4miseen liittyv\u00e4 havainto tehtiin vuonna 1911. L\u00e4hde Kansallisarkisto, Suomalainen Kansa 27.06.1911 no 143.<\/p>\n\n\n\n<figure class=\"wp-block-image size-large is-resized\"><img loading=\"lazy\" decoding=\"async\" width=\"262\" height=\"205\" src=\"https:\/\/jitkonen.fi\/wp-content\/uploads\/2020\/07\/3-1911-j\u00e4\u00e4tik\u00f6t-vet\u00e4ytyv\u00e4t.png\" alt=\"\" class=\"wp-image-435\" style=\"width:601px;height:470px\"\/><\/figure>\n\n\n\n<p>Auringon vaikutusta pohdittiin, koska ilmasto vaihteli kovasti ja oli hellet\u00e4, lauhoja\/kovia talvia yms.. Ei siis ollut viel\u00e4 IPCC:n luomaa CO2-verollepanoteoriaa. <\/p>\n\n\n\n<figure class=\"wp-block-image alignwide size-large\"><img loading=\"lazy\" decoding=\"async\" width=\"1024\" height=\"564\" src=\"https:\/\/jitkonen.fi\/wp-content\/uploads\/2020\/07\/29-aurinko_1911_li-1024x564.jpg\" alt=\"\" class=\"wp-image-512\" srcset=\"https:\/\/jitkonen.fi\/wp-content\/uploads\/2020\/07\/29-aurinko_1911_li-1024x564.jpg 1024w, https:\/\/jitkonen.fi\/wp-content\/uploads\/2020\/07\/29-aurinko_1911_li-300x165.jpg 300w, https:\/\/jitkonen.fi\/wp-content\/uploads\/2020\/07\/29-aurinko_1911_li-768x423.jpg 768w, https:\/\/jitkonen.fi\/wp-content\/uploads\/2020\/07\/29-aurinko_1911_li-1200x661.jpg 1200w, https:\/\/jitkonen.fi\/wp-content\/uploads\/2020\/07\/29-aurinko_1911_li.jpg 1508w\" sizes=\"auto, (max-width: 1024px) 100vw, 1024px\" \/><\/figure>\n\n\n\n<p>1911 oli superl\u00e4mmin marraskuukin<\/p>\n\n\n\n<figure class=\"wp-block-image size-large\"><img loading=\"lazy\" decoding=\"async\" width=\"1008\" height=\"818\" src=\"https:\/\/jitkonen.fi\/wp-content\/uploads\/2021\/03\/1911-marraskuu_selko-pakattu.jpg\" alt=\"\" class=\"wp-image-1294\" srcset=\"https:\/\/jitkonen.fi\/wp-content\/uploads\/2021\/03\/1911-marraskuu_selko-pakattu.jpg 1008w, https:\/\/jitkonen.fi\/wp-content\/uploads\/2021\/03\/1911-marraskuu_selko-pakattu-300x243.jpg 300w, https:\/\/jitkonen.fi\/wp-content\/uploads\/2021\/03\/1911-marraskuu_selko-pakattu-768x623.jpg 768w\" sizes=\"auto, (max-width: 1008px) 100vw, 1008px\" \/><\/figure>\n\n\n\n<p>Eiv\u00e4t viem\u00e4rit vet\u00e4neet 1911:kaan.<\/p>\n\n\n\n<figure class=\"wp-block-image size-large\"><img loading=\"lazy\" decoding=\"async\" width=\"870\" height=\"699\" src=\"https:\/\/jitkonen.fi\/wp-content\/uploads\/2020\/07\/31-Tulva-Helsinki.png\" alt=\"\" class=\"wp-image-514\" srcset=\"https:\/\/jitkonen.fi\/wp-content\/uploads\/2020\/07\/31-Tulva-Helsinki.png 870w, https:\/\/jitkonen.fi\/wp-content\/uploads\/2020\/07\/31-Tulva-Helsinki-300x241.png 300w, https:\/\/jitkonen.fi\/wp-content\/uploads\/2020\/07\/31-Tulva-Helsinki-768x617.png 768w\" sizes=\"auto, (max-width: 870px) 100vw, 870px\" \/><\/figure>\n\n\n\n<p> Oikean Venetsian ikiaikaisista tulvista oli kiirinyt tieto Suomeen asti. N\u00e4ist\u00e4 tulvista oma kooste <a href=\"https:\/\/jitkonen.fi\/?p=1107\"><strong>blogissa, linkki<\/strong><\/a>.<\/p>\n\n\n\n<figure class=\"wp-block-image size-large\"><img loading=\"lazy\" decoding=\"async\" width=\"853\" height=\"960\" src=\"https:\/\/jitkonen.fi\/wp-content\/uploads\/2021\/03\/Venetsia-tulva-historia-kuva.jpg\" alt=\"\" class=\"wp-image-1138\" srcset=\"https:\/\/jitkonen.fi\/wp-content\/uploads\/2021\/03\/Venetsia-tulva-historia-kuva.jpg 853w, https:\/\/jitkonen.fi\/wp-content\/uploads\/2021\/03\/Venetsia-tulva-historia-kuva-267x300.jpg 267w, https:\/\/jitkonen.fi\/wp-content\/uploads\/2021\/03\/Venetsia-tulva-historia-kuva-768x864.jpg 768w\" sizes=\"auto, (max-width: 853px) 100vw, 853px\" \/><\/figure>\n\n\n\n<p>Sanontoja ja ennustuksia on ikiaikaisesti tehty, koska Suomen s\u00e4\u00e4t ovat niin vaihtelevia ja \u00e4\u00e4revi\u00e4. T\u00e4ss\u00e4 niit\u00e4 vuodelta 1911. <\/p>\n\n\n\n<figure class=\"wp-block-image size-large\"><img loading=\"lazy\" decoding=\"async\" width=\"858\" height=\"854\" src=\"https:\/\/jitkonen.fi\/wp-content\/uploads\/2020\/07\/32-sanontoja-talvi-syksy.png\" alt=\"\" class=\"wp-image-515\" srcset=\"https:\/\/jitkonen.fi\/wp-content\/uploads\/2020\/07\/32-sanontoja-talvi-syksy.png 858w, https:\/\/jitkonen.fi\/wp-content\/uploads\/2020\/07\/32-sanontoja-talvi-syksy-300x300.png 300w, https:\/\/jitkonen.fi\/wp-content\/uploads\/2020\/07\/32-sanontoja-talvi-syksy-150x150.png 150w, https:\/\/jitkonen.fi\/wp-content\/uploads\/2020\/07\/32-sanontoja-talvi-syksy-768x764.png 768w\" sizes=\"auto, (max-width: 858px) 100vw, 858px\" \/><\/figure>\n\n\n\n<h3 class=\"wp-block-heading\" id=\"1912\"> <strong>1912<\/strong><\/h3>\n\n\n\n<p>1912 oli leuto talvi Suomessa ja Alaskassa alkoi olla leutoa my\u00f6s. Huippuvuorilla oli kukkaketoja.  N\u00e4ist\u00e4 havainnoista ja Gr\u00f6nlannin sulamisesta tri Jurva alussa olleessa kirjoituksessaan kertoikin.<\/p>\n\n\n\n<figure class=\"wp-block-image size-large\"><img loading=\"lazy\" decoding=\"async\" width=\"655\" height=\"824\" src=\"https:\/\/jitkonen.fi\/wp-content\/uploads\/2021\/03\/1912-huippuvuoret-alaska-gronlanti.png\" alt=\"\" class=\"wp-image-1296\" srcset=\"https:\/\/jitkonen.fi\/wp-content\/uploads\/2021\/03\/1912-huippuvuoret-alaska-gronlanti.png 655w, https:\/\/jitkonen.fi\/wp-content\/uploads\/2021\/03\/1912-huippuvuoret-alaska-gronlanti-238x300.png 238w\" sizes=\"auto, (max-width: 655px) 100vw, 655px\" \/><\/figure>\n\n\n\n<p>Ei mennyt talvi tavoissaan 1912.<\/p>\n\n\n<div class=\"wp-block-image\">\n<figure class=\"aligncenter size-large\"><img loading=\"lazy\" decoding=\"async\" width=\"1024\" height=\"808\" src=\"https:\/\/jitkonen.fi\/wp-content\/uploads\/2021\/03\/1912_talvi-pakattu-1024x808.jpg\" alt=\"\" class=\"wp-image-1881\" srcset=\"https:\/\/jitkonen.fi\/wp-content\/uploads\/2021\/03\/1912_talvi-pakattu-1024x808.jpg 1024w, https:\/\/jitkonen.fi\/wp-content\/uploads\/2021\/03\/1912_talvi-pakattu-300x237.jpg 300w, https:\/\/jitkonen.fi\/wp-content\/uploads\/2021\/03\/1912_talvi-pakattu-768x606.jpg 768w, https:\/\/jitkonen.fi\/wp-content\/uploads\/2021\/03\/1912_talvi-pakattu.jpg 1108w\" sizes=\"auto, (max-width: 1024px) 100vw, 1024px\" \/><\/figure><\/div>\n\n\n<p>1912 yh\u00e4 uutisoitiin, ett\u00e4 j\u00e4\u00e4virrat per\u00e4ytyv\u00e4t sek\u00e4 etel\u00e4- ett\u00e4 pohjoisnavalla. Samoin Afrikka ja Aasia kuivuivat. Pohdittiin onko se jaksollista ja mist\u00e4 ilmastollisista ilmi\u00f6ist\u00e4 moinen johtuu.<\/p>\n\n\n\n<figure class=\"wp-block-image size-large\"><img loading=\"lazy\" decoding=\"async\" width=\"682\" height=\"715\" src=\"https:\/\/jitkonen.fi\/wp-content\/uploads\/2020\/03\/j\u00e4\u00e4tik\u00f6t-navat-sulavat-1912.png\" alt=\"\" class=\"wp-image-65\" srcset=\"https:\/\/jitkonen.fi\/wp-content\/uploads\/2020\/03\/j\u00e4\u00e4tik\u00f6t-navat-sulavat-1912.png 682w, https:\/\/jitkonen.fi\/wp-content\/uploads\/2020\/03\/j\u00e4\u00e4tik\u00f6t-navat-sulavat-1912-286x300.png 286w\" sizes=\"auto, (max-width: 682px) 100vw, 682px\" \/><\/figure>\n\n\n\n<h3 class=\"wp-block-heading\" id=\"1913\"><strong>1913<\/strong><\/h3>\n\n\n\n<p>\n\n1913 puhuttiin ilmaston l\u00e4mpenemisest\u00e4 ja siit\u00e4, ett\u00e4 helsinkil\u00e4iset tuskin muistavat milt\u00e4 talvi n\u00e4ytt\u00e4\u00e4.<\/p>\n\n\n\n<p>Geologit olivat siihen aikaan eri linjoilla kuin nykyisin, kun v\u00e4ittiv\u00e4t, ett\u00e4 j\u00e4\u00e4kauden j\u00e4lkeen on ollut l\u00e4mp\u00f6isemp\u00e4\u00e4 kuin nykyisin. Tiedek\u00e4\u00e4n ei viel\u00e4 silloin l\u00e4mpenemist\u00e4 tunnustanut. Nyt se ilmatiede on samasta asiasta hysteerinen. <\/p>\n\n\n\n<figure class=\"wp-block-image size-large is-resized\"><img loading=\"lazy\" decoding=\"async\" width=\"347\" height=\"512\" src=\"https:\/\/jitkonen.fi\/wp-content\/uploads\/2020\/07\/34-kuva-6-1913-helsinki-geologit.png\" alt=\"\" class=\"wp-image-517\" style=\"width:601px;height:885px\" srcset=\"https:\/\/jitkonen.fi\/wp-content\/uploads\/2020\/07\/34-kuva-6-1913-helsinki-geologit.png 347w, https:\/\/jitkonen.fi\/wp-content\/uploads\/2020\/07\/34-kuva-6-1913-helsinki-geologit-203x300.png 203w\" sizes=\"auto, (max-width: 347px) 100vw, 347px\" \/><\/figure>\n\n\n\n<figure class=\"wp-block-image alignwide size-large\"><img loading=\"lazy\" decoding=\"async\" width=\"1024\" height=\"662\" src=\"https:\/\/jitkonen.fi\/wp-content\/uploads\/2020\/07\/35-1913-1024x662.jpg\" alt=\"\" class=\"wp-image-518\" srcset=\"https:\/\/jitkonen.fi\/wp-content\/uploads\/2020\/07\/35-1913-1024x662.jpg 1024w, https:\/\/jitkonen.fi\/wp-content\/uploads\/2020\/07\/35-1913-300x194.jpg 300w, https:\/\/jitkonen.fi\/wp-content\/uploads\/2020\/07\/35-1913-768x497.jpg 768w, https:\/\/jitkonen.fi\/wp-content\/uploads\/2020\/07\/35-1913-1200x776.jpg 1200w, https:\/\/jitkonen.fi\/wp-content\/uploads\/2020\/07\/35-1913.jpg 1235w\" sizes=\"auto, (max-width: 1024px) 100vw, 1024px\" \/><\/figure>\n\n\n\n<p>Ilmastonmuutosta ep\u00e4iltiin. <\/p>\n\n\n\n<figure class=\"wp-block-image alignwide size-large\"><img loading=\"lazy\" decoding=\"async\" width=\"821\" height=\"814\" src=\"https:\/\/jitkonen.fi\/wp-content\/uploads\/2020\/07\/36-1913-lauha-ilmasto.png\" alt=\"\" class=\"wp-image-519\" srcset=\"https:\/\/jitkonen.fi\/wp-content\/uploads\/2020\/07\/36-1913-lauha-ilmasto.png 821w, https:\/\/jitkonen.fi\/wp-content\/uploads\/2020\/07\/36-1913-lauha-ilmasto-300x297.png 300w, https:\/\/jitkonen.fi\/wp-content\/uploads\/2020\/07\/36-1913-lauha-ilmasto-150x150.png 150w, https:\/\/jitkonen.fi\/wp-content\/uploads\/2020\/07\/36-1913-lauha-ilmasto-768x761.png 768w\" sizes=\"auto, (max-width: 821px) 100vw, 821px\" \/><\/figure>\n\n\n\n<h3 class=\"wp-block-heading\"><strong> <\/strong><\/h3>\n\n\n\n<p>Liukasta oli, kun ei ollut lunta ja tapaturmia sattui<\/p>\n\n\n\n<figure class=\"wp-block-image size-full\"><img loading=\"lazy\" decoding=\"async\" width=\"918\" height=\"843\" src=\"https:\/\/jitkonen.fi\/wp-content\/uploads\/2021\/03\/1913_punkalaidun-pakattu.jpg\" alt=\"\" class=\"wp-image-1651\" srcset=\"https:\/\/jitkonen.fi\/wp-content\/uploads\/2021\/03\/1913_punkalaidun-pakattu.jpg 918w, https:\/\/jitkonen.fi\/wp-content\/uploads\/2021\/03\/1913_punkalaidun-pakattu-300x275.jpg 300w, https:\/\/jitkonen.fi\/wp-content\/uploads\/2021\/03\/1913_punkalaidun-pakattu-768x705.jpg 768w\" sizes=\"auto, (max-width: 918px) 100vw, 918px\" \/><\/figure>\n\n\n\n<h3 class=\"wp-block-heading\" id=\"1914\"><strong>1914<\/strong><\/h3>\n\n\n\n<p>1914 oli taas kerran p\u00e4\u00e4kaupunkilaisten heitett\u00e4v\u00e4 pyyhe keh\u00e4\u00e4n hiihdon ja lumitalvien suhteen. <\/p>\n\n\n\n<figure class=\"wp-block-image size-large is-resized\"><img loading=\"lazy\" decoding=\"async\" width=\"768\" height=\"606\" src=\"https:\/\/jitkonen.fi\/wp-content\/uploads\/2020\/07\/37-1914_lumettomat_talv_UlPnk.jpg\" alt=\"\" class=\"wp-image-520\" style=\"width:499px;height:394px\" srcset=\"https:\/\/jitkonen.fi\/wp-content\/uploads\/2020\/07\/37-1914_lumettomat_talv_UlPnk.jpg 768w, https:\/\/jitkonen.fi\/wp-content\/uploads\/2020\/07\/37-1914_lumettomat_talv_UlPnk-300x237.jpg 300w\" sizes=\"auto, (max-width: 768px) 100vw, 768px\" \/><\/figure>\n\n\n\n<p> Huomiona se, ett\u00e4 &nbsp;vuonna 1914 Suomen kes\u00e4n korkein l\u00e4mp\u00f6tila oli 35,9 astetta mik\u00e4 oli pitk\u00e4\u00e4nkin Suomen enn\u00e4tys aina vuoteen 2010 37,2 astetta.&nbsp;<a rel=\"noreferrer noopener\" target=\"_blank\" href=\"https:\/\/fi.wikipedia.org\/wiki\/Kes%C3%A4?fbclid=IwAR049dRQkbo7Oe2DvI6KXtKDkdQ_22jHrJmq8Z68mvfZQuz8OaR5a5qXuXU\">https:\/\/fi.wikipedia.org\/wiki\/Kes%C3%A4<\/a>  <\/p>\n\n\n\n<h3 class=\"wp-block-heading\" id=\"1915\"> <strong>1915<\/strong><\/h3>\n\n\n\n<p> Edellisen talven ep\u00e4toivon j\u00e4lkeen 1915 Helsingiss\u00e4 oli kunnon hiihtokelit. Sit\u00e4 lunta nuoret kovasti ihmetteliv\u00e4t silloinkin. Vanhempi sukupolvi kertoi, ett\u00e4 t\u00e4mm\u00f6ist\u00e4 se ennen vanhaan oli. Ilo oli lyhytaikaista, kun selataan asioita eteenp\u00e4in: <strong><em>&#8221;Nuoret eiv\u00e4t muista t\u00e4llaista n\u00e4hneens\u00e4, mutta vanhemmat ihmiset sanovat iloisesti: T\u00e4llaisia talvet olivat ennnen&#8221;<\/em><\/strong>.<\/p>\n\n\n\n<figure class=\"wp-block-image size-large is-resized\"><img loading=\"lazy\" decoding=\"async\" width=\"503\" height=\"834\" src=\"https:\/\/jitkonen.fi\/wp-content\/uploads\/2020\/07\/38-1915-talvet-ennen.png\" alt=\"\" class=\"wp-image-521\" style=\"width:606px;height:1005px\" srcset=\"https:\/\/jitkonen.fi\/wp-content\/uploads\/2020\/07\/38-1915-talvet-ennen.png 503w, https:\/\/jitkonen.fi\/wp-content\/uploads\/2020\/07\/38-1915-talvet-ennen-181x300.png 181w\" sizes=\"auto, (max-width: 503px) 100vw, 503px\" \/><\/figure>\n\n\n\n<p><\/p>\n\n\n\n<p>1<strong>915 kirjoitettiin Svante Arheniuksesta ja hiilihaposta lehdiss\u00e4.<\/strong> T\u00e4ss\u00e4 Svante <strong>Arrhenius sanoo, ett\u00e4 maapallon CO2-pitoisuus on 400 ppm<\/strong>, eli kuten nykyisin on ja arvioi, ett\u00e4 sen tuplaaminen nostaa l\u00e4mp\u00f6tiloja 4 C:lla. Sittemmin Arrhenius teki uusia laskelmia ja sai ilmastoherkkyydeksi 1,6 C. Nykyisin yli 100 tieteellist\u00e4 tutkimusta osoittaa CO2:n ilmastoherkkyyden, eli sen pitoisuuden tuplaatumisen vaikutuksen varsin v\u00e4h\u00e4iseksi, koska sen l\u00e4mp\u00f6s\u00e4teily\u00e4 pid\u00e4tt\u00e4v\u00e4 teho eli s\u00e4teilypakote v\u00e4henee logaritmisesti CO2-pitoisuuden kasvaessa. T\u00e4st\u00e4 ilmastoherkkyysasiasta on oma bloginsa, linkki: <a href=\"https:\/\/jitkonen.fi\/?p=153\">https:\/\/jitkonen.fi\/?p=153<\/a><\/p>\n\n\n\n<figure class=\"wp-block-image alignwide size-large\"><img loading=\"lazy\" decoding=\"async\" width=\"849\" height=\"785\" src=\"https:\/\/jitkonen.fi\/wp-content\/uploads\/2020\/07\/39-1915-svante-CO2.png\" alt=\"\" class=\"wp-image-522\" srcset=\"https:\/\/jitkonen.fi\/wp-content\/uploads\/2020\/07\/39-1915-svante-CO2.png 849w, https:\/\/jitkonen.fi\/wp-content\/uploads\/2020\/07\/39-1915-svante-CO2-300x277.png 300w, https:\/\/jitkonen.fi\/wp-content\/uploads\/2020\/07\/39-1915-svante-CO2-768x710.png 768w\" sizes=\"auto, (max-width: 849px) 100vw, 849px\" \/><\/figure>\n\n\n\n<p><strong>Kysyin Ilmatieteenlaitoksen tieteelliselt\u00e4 johtajalta Ari Laaksoselta <\/strong>sit\u00e4, mik\u00e4 on ilmatieteen nykyinen k\u00e4sitys CO2:n ilmastoherkkyydest\u00e4. Siihen liittyvi\u00e4 k\u00e4yri\u00e4 on IPCC:n raportissa ja sadoissa tieteellisiss\u00e4 tutkimuksissa, mutta Laaksonen ei niist\u00e4 esitystavoista tiennyt h\u00f6lk\u00e4sen p\u00f6l\u00e4yst\u00e4. Tarjosi h\u00e4vytt\u00f6m\u00e4n muodikkaasti olkiukkoa vastauksessaan minulle. <a href=\"https:\/\/jitkonen.fi\/?p=153\">https:\/\/jitkonen.fi\/?p=153<\/a>. Luultavasti Suomen ilmatiede uskoo tietokonemallinnuksiinsa enemm\u00e4n kuin CO2:n s\u00e4teilypakotteeseen liittyv\u00e4\u00e4n tieteelliseen tukimukseen, joka on kaiken mallintamisenkin pohjalla ja siksi eiv\u00e4t tunne kaiken tutkimuksen perustana olevaa CO2:n s\u00e4teilypakoteasiaa.<\/p>\n\n\n\n<figure class=\"wp-block-image alignwide size-large\"><img loading=\"lazy\" decoding=\"async\" width=\"1024\" height=\"581\" src=\"https:\/\/jitkonen.fi\/wp-content\/uploads\/2020\/03\/laaksonen_ilmastoher_pakattu-1024x581.jpg\" alt=\"\" class=\"wp-image-877\" srcset=\"https:\/\/jitkonen.fi\/wp-content\/uploads\/2020\/03\/laaksonen_ilmastoher_pakattu-1024x581.jpg 1024w, https:\/\/jitkonen.fi\/wp-content\/uploads\/2020\/03\/laaksonen_ilmastoher_pakattu-300x170.jpg 300w, https:\/\/jitkonen.fi\/wp-content\/uploads\/2020\/03\/laaksonen_ilmastoher_pakattu-768x436.jpg 768w, https:\/\/jitkonen.fi\/wp-content\/uploads\/2020\/03\/laaksonen_ilmastoher_pakattu-1200x681.jpg 1200w, https:\/\/jitkonen.fi\/wp-content\/uploads\/2020\/03\/laaksonen_ilmastoher_pakattu.jpg 1440w\" sizes=\"auto, (max-width: 1024px) 100vw, 1024px\" \/><\/figure>\n\n\n\n<p><strong>1915<\/strong> Alaskassa tehtiin historian l\u00e4mp\u00f6tilaenn\u00e4tys, jota ei nykyisess\u00e4 vastaavassa l\u00e4mp\u00f6jaksossa ole viel\u00e4 ly\u00f6ty. <\/p>\n\n\n\n<figure class=\"wp-block-image size-large is-resized\"><img loading=\"lazy\" decoding=\"async\" width=\"717\" height=\"459\" src=\"https:\/\/jitkonen.fi\/wp-content\/uploads\/2020\/07\/40-alaska-1915.jpg\" alt=\"\" class=\"wp-image-523\" style=\"width:605px;height:388px\" srcset=\"https:\/\/jitkonen.fi\/wp-content\/uploads\/2020\/07\/40-alaska-1915.jpg 717w, https:\/\/jitkonen.fi\/wp-content\/uploads\/2020\/07\/40-alaska-1915-300x192.jpg 300w\" sizes=\"auto, (max-width: 717px) 100vw, 717px\" \/><\/figure>\n\n\n\n<p> <\/p>\n\n\n\n<h3 class=\"wp-block-heading\" id=\"1918\"><strong>1918<\/strong><\/h3>\n\n\n\n<p> 1918 mehil\u00e4iset tekiv\u00e4t helmikuun l\u00e4mm\u00f6ss\u00e4 puhdistuslentojaan. <\/p>\n\n\n\n<figure class=\"wp-block-image alignwide size-large\"><img loading=\"lazy\" decoding=\"async\" width=\"1024\" height=\"516\" src=\"https:\/\/jitkonen.fi\/wp-content\/uploads\/2020\/07\/41-1918_mehil__iset-1024x516.jpg\" alt=\"\" class=\"wp-image-524\" srcset=\"https:\/\/jitkonen.fi\/wp-content\/uploads\/2020\/07\/41-1918_mehil__iset-1024x516.jpg 1024w, https:\/\/jitkonen.fi\/wp-content\/uploads\/2020\/07\/41-1918_mehil__iset-300x151.jpg 300w, https:\/\/jitkonen.fi\/wp-content\/uploads\/2020\/07\/41-1918_mehil__iset-768x387.jpg 768w, https:\/\/jitkonen.fi\/wp-content\/uploads\/2020\/07\/41-1918_mehil__iset-1536x774.jpg 1536w, https:\/\/jitkonen.fi\/wp-content\/uploads\/2020\/07\/41-1918_mehil__iset-1200x605.jpg 1200w, https:\/\/jitkonen.fi\/wp-content\/uploads\/2020\/07\/41-1918_mehil__iset.jpg 1601w\" sizes=\"auto, (max-width: 1024px) 100vw, 1024px\" \/><\/figure>\n\n\n\n<h3 class=\"wp-block-heading\" id=\"1919\"><strong>1919<\/strong><\/h3>\n\n\n\n<p> 1919 tavanomaisten tammikuisten vesisateiden ennustettiin tuovan hyv\u00e4n viljasadon seuraavana kes\u00e4n\u00e4. Ilmeisesti kokemusta oli aika lailla niist\u00e4 ikiaikaisista tammikuisista vesisateista. <\/p>\n\n\n\n<figure class=\"wp-block-image size-large is-resized\"><img loading=\"lazy\" decoding=\"async\" width=\"406\" height=\"364\" src=\"https:\/\/jitkonen.fi\/wp-content\/uploads\/2020\/07\/42-1919_vesisade.jpg\" alt=\"\" class=\"wp-image-525\" style=\"width:608px;height:544px\" srcset=\"https:\/\/jitkonen.fi\/wp-content\/uploads\/2020\/07\/42-1919_vesisade.jpg 406w, https:\/\/jitkonen.fi\/wp-content\/uploads\/2020\/07\/42-1919_vesisade-300x269.jpg 300w\" sizes=\"auto, (max-width: 406px) 100vw, 406px\" \/><\/figure>\n\n\n\n<p>Noihin aikoihin vett\u00e4 satoi muulloinkin kun tammikuussa.<\/p>\n\n\n\n<figure class=\"wp-block-image size-large\"><img loading=\"lazy\" decoding=\"async\" width=\"1024\" height=\"592\" src=\"https:\/\/jitkonen.fi\/wp-content\/uploads\/2020\/07\/43-tulva_helsinki_3-1024x592.jpg\" alt=\"\" class=\"wp-image-526\" srcset=\"https:\/\/jitkonen.fi\/wp-content\/uploads\/2020\/07\/43-tulva_helsinki_3-1024x592.jpg 1024w, https:\/\/jitkonen.fi\/wp-content\/uploads\/2020\/07\/43-tulva_helsinki_3-300x173.jpg 300w, https:\/\/jitkonen.fi\/wp-content\/uploads\/2020\/07\/43-tulva_helsinki_3-768x444.jpg 768w, https:\/\/jitkonen.fi\/wp-content\/uploads\/2020\/07\/43-tulva_helsinki_3-1536x888.jpg 1536w, https:\/\/jitkonen.fi\/wp-content\/uploads\/2020\/07\/43-tulva_helsinki_3-1200x694.jpg 1200w, https:\/\/jitkonen.fi\/wp-content\/uploads\/2020\/07\/43-tulva_helsinki_3.jpg 1565w\" sizes=\"auto, (max-width: 1024px) 100vw, 1024px\" \/><\/figure>\n\n\n\n<p> 1919 helmikuussa tyyni s\u00e4\u00e4 haittasi purjehduskilpailuja! <\/p>\n\n\n\n<figure class=\"wp-block-image alignwide size-large\"><img loading=\"lazy\" decoding=\"async\" width=\"566\" height=\"829\" src=\"https:\/\/jitkonen.fi\/wp-content\/uploads\/2020\/07\/44-1919_purjehdus.jpg\" alt=\"\" class=\"wp-image-527\" srcset=\"https:\/\/jitkonen.fi\/wp-content\/uploads\/2020\/07\/44-1919_purjehdus.jpg 566w, https:\/\/jitkonen.fi\/wp-content\/uploads\/2020\/07\/44-1919_purjehdus-205x300.jpg 205w\" sizes=\"auto, (max-width: 566px) 100vw, 566px\" \/><\/figure>\n\n\n\n<p><\/p>\n\n\n\n<h2 class=\"wp-block-heading alignwide\" id=\"1920-luku\"><strong>1920-luku<\/strong><\/h2>\n\n\n\n<h3 class=\"wp-block-heading\" id=\"1920\"><strong>1920<\/strong><\/h3>\n\n\n\n<p>1920 uudenvuoden aattona arvuuteltiin tulevan vuoden s\u00e4it\u00e4. Ikiaikainen tammikuiden vesisade n\u00e4htiin yh\u00e4 hyv\u00e4n\u00e4 asiana tulevan sadon n\u00e4kokulmasta katsottuna.<\/p>\n\n\n\n<figure class=\"wp-block-image size-large is-resized\"><img loading=\"lazy\" decoding=\"async\" width=\"368\" height=\"839\" src=\"https:\/\/jitkonen.fi\/wp-content\/uploads\/2020\/03\/uusi_vuosi_ennustuks_1920-pakattu.jpg\" alt=\"\" class=\"wp-image-879\" style=\"width:603px;height:1374px\" srcset=\"https:\/\/jitkonen.fi\/wp-content\/uploads\/2020\/03\/uusi_vuosi_ennustuks_1920-pakattu.jpg 368w, https:\/\/jitkonen.fi\/wp-content\/uploads\/2020\/03\/uusi_vuosi_ennustuks_1920-pakattu-132x300.jpg 132w\" sizes=\"auto, (max-width: 368px) 100vw, 368px\" \/><\/figure>\n\n\n\n<p>Heikinp\u00e4iv\u00e4n tori tammikuussa Joensuussa<\/p>\n\n\n\n<figure class=\"wp-block-image alignwide size-large\"><img loading=\"lazy\" decoding=\"async\" width=\"1024\" height=\"835\" src=\"https:\/\/jitkonen.fi\/wp-content\/uploads\/2021\/03\/1920-talvi-lauha-joensuu-1024x835.jpg\" alt=\"\" class=\"wp-image-2744\" srcset=\"https:\/\/jitkonen.fi\/wp-content\/uploads\/2021\/03\/1920-talvi-lauha-joensuu-1024x835.jpg 1024w, https:\/\/jitkonen.fi\/wp-content\/uploads\/2021\/03\/1920-talvi-lauha-joensuu-300x245.jpg 300w, https:\/\/jitkonen.fi\/wp-content\/uploads\/2021\/03\/1920-talvi-lauha-joensuu-768x626.jpg 768w, https:\/\/jitkonen.fi\/wp-content\/uploads\/2021\/03\/1920-talvi-lauha-joensuu.jpg 1494w\" sizes=\"auto, (max-width: 1024px) 100vw, 1024px\" \/><\/figure>\n\n\n\n<p><\/p>\n\n\n\n<h3 class=\"wp-block-heading\" id=\"1921\"><strong>1921<\/strong><\/h3>\n\n\n\n<p>Talvi oli leuto ja vett\u00e4 satoi tammikuussa 1921. Atlantin vaikutus Suomen talviin tunnettiin siihen maailman aikaan,<\/p>\n\n\n<div class=\"wp-block-image\">\n<figure class=\"aligncenter size-large\"><img loading=\"lazy\" decoding=\"async\" width=\"836\" height=\"826\" src=\"https:\/\/jitkonen.fi\/wp-content\/uploads\/2021\/03\/1921-talvi_leuto_atlanti-pakattu.jpg\" alt=\"\" class=\"wp-image-1316\" srcset=\"https:\/\/jitkonen.fi\/wp-content\/uploads\/2021\/03\/1921-talvi_leuto_atlanti-pakattu.jpg 836w, https:\/\/jitkonen.fi\/wp-content\/uploads\/2021\/03\/1921-talvi_leuto_atlanti-pakattu-300x296.jpg 300w, https:\/\/jitkonen.fi\/wp-content\/uploads\/2021\/03\/1921-talvi_leuto_atlanti-pakattu-768x759.jpg 768w\" sizes=\"auto, (max-width: 836px) 100vw, 836px\" \/><\/figure><\/div>\n\n\n<p>1921 oli tavatonta kuivuutta Euroopassa<\/p>\n\n\n\n<figure class=\"wp-block-image alignwide size-large\"><img loading=\"lazy\" decoding=\"async\" width=\"970\" height=\"758\" src=\"https:\/\/jitkonen.fi\/wp-content\/uploads\/2020\/07\/46-1921-hein\u00e4kuu_3.jpg\" alt=\"\" class=\"wp-image-529\" srcset=\"https:\/\/jitkonen.fi\/wp-content\/uploads\/2020\/07\/46-1921-hein\u00e4kuu_3.jpg 970w, https:\/\/jitkonen.fi\/wp-content\/uploads\/2020\/07\/46-1921-hein\u00e4kuu_3-300x234.jpg 300w, https:\/\/jitkonen.fi\/wp-content\/uploads\/2020\/07\/46-1921-hein\u00e4kuu_3-768x600.jpg 768w\" sizes=\"auto, (max-width: 970px) 100vw, 970px\" \/><\/figure>\n\n\n\n<p> Kasteluj\u00e4rjestelmien per\u00e4\u00e4n kyseltiin. <\/p>\n\n\n\n<figure class=\"wp-block-image alignwide size-large\"><img loading=\"lazy\" decoding=\"async\" width=\"1002\" height=\"757\" src=\"https:\/\/jitkonen.fi\/wp-content\/uploads\/2020\/07\/47-1921_kastelu.jpg\" alt=\"\" class=\"wp-image-530\" srcset=\"https:\/\/jitkonen.fi\/wp-content\/uploads\/2020\/07\/47-1921_kastelu.jpg 1002w, https:\/\/jitkonen.fi\/wp-content\/uploads\/2020\/07\/47-1921_kastelu-300x227.jpg 300w, https:\/\/jitkonen.fi\/wp-content\/uploads\/2020\/07\/47-1921_kastelu-768x580.jpg 768w\" sizes=\"auto, (max-width: 1002px) 100vw, 1002px\" \/><\/figure>\n\n\n\n<p>Kasvukausi alkoi aikaisin, mutta kes\u00e4 oli kylm\u00e4.<\/p>\n\n\n\n<figure class=\"wp-block-image size-large\"><img loading=\"lazy\" decoding=\"async\" width=\"1024\" height=\"620\" src=\"https:\/\/jitkonen.fi\/wp-content\/uploads\/2020\/07\/48-huhtikuu_1921_kes____Kw0Um-1024x620.jpg\" alt=\"\" class=\"wp-image-531\" srcset=\"https:\/\/jitkonen.fi\/wp-content\/uploads\/2020\/07\/48-huhtikuu_1921_kes____Kw0Um-1024x620.jpg 1024w, https:\/\/jitkonen.fi\/wp-content\/uploads\/2020\/07\/48-huhtikuu_1921_kes____Kw0Um-300x182.jpg 300w, https:\/\/jitkonen.fi\/wp-content\/uploads\/2020\/07\/48-huhtikuu_1921_kes____Kw0Um-768x465.jpg 768w, https:\/\/jitkonen.fi\/wp-content\/uploads\/2020\/07\/48-huhtikuu_1921_kes____Kw0Um.jpg 1177w\" sizes=\"auto, (max-width: 1024px) 100vw, 1024px\" \/><\/figure>\n\n\n\n<p>Ilmaston vaihtelua havaittiin.<\/p>\n\n\n\n<figure class=\"wp-block-image alignwide size-large\"><img loading=\"lazy\" decoding=\"async\" width=\"1024\" height=\"383\" src=\"https:\/\/jitkonen.fi\/wp-content\/uploads\/2020\/07\/49-ilmaston_vaihtelu_19_kCeBn-1024x383.jpg\" alt=\"\" class=\"wp-image-532\" srcset=\"https:\/\/jitkonen.fi\/wp-content\/uploads\/2020\/07\/49-ilmaston_vaihtelu_19_kCeBn-1024x383.jpg 1024w, https:\/\/jitkonen.fi\/wp-content\/uploads\/2020\/07\/49-ilmaston_vaihtelu_19_kCeBn-300x112.jpg 300w, https:\/\/jitkonen.fi\/wp-content\/uploads\/2020\/07\/49-ilmaston_vaihtelu_19_kCeBn-768x287.jpg 768w, https:\/\/jitkonen.fi\/wp-content\/uploads\/2020\/07\/49-ilmaston_vaihtelu_19_kCeBn-1200x448.jpg 1200w, https:\/\/jitkonen.fi\/wp-content\/uploads\/2020\/07\/49-ilmaston_vaihtelu_19_kCeBn.jpg 1488w\" sizes=\"auto, (max-width: 1024px) 100vw, 1024px\" \/><\/figure>\n\n\n\n<p> Talvien l\u00e4mpenemisen yhdeksi syyksi sanottiin maapallon kallistumista. <\/p>\n\n\n\n<figure class=\"wp-block-image size-large is-resized\"><img loading=\"lazy\" decoding=\"async\" width=\"936\" height=\"730\" src=\"https:\/\/jitkonen.fi\/wp-content\/uploads\/2020\/07\/50-maapallo_kallistuu_i_ZOKRC.jpg\" alt=\"\" class=\"wp-image-533\" style=\"width:642px;height:500px\" srcset=\"https:\/\/jitkonen.fi\/wp-content\/uploads\/2020\/07\/50-maapallo_kallistuu_i_ZOKRC.jpg 936w, https:\/\/jitkonen.fi\/wp-content\/uploads\/2020\/07\/50-maapallo_kallistuu_i_ZOKRC-300x234.jpg 300w, https:\/\/jitkonen.fi\/wp-content\/uploads\/2020\/07\/50-maapallo_kallistuu_i_ZOKRC-768x599.jpg 768w\" sizes=\"auto, (max-width: 936px) 100vw, 936px\" \/><\/figure>\n\n\n\n<p> Uskonnolliset piirit olivat havainneet saman talvien l\u00e4mpenemisasian ja my\u00f6s napojen ja j\u00e4\u00e4tik\u00f6iden sulamisen olivat havainneet. N\u00e4ill\u00e4 uskonnollisilla piireill\u00e4 on hyv\u00e4 tuntemus maapallon asioista, koska mm. l\u00e4hetysty\u00f6n my\u00f6t\u00e4 tietoa tuli monesta maailman kolkasta. <\/p>\n\n\n\n<figure class=\"wp-block-image alignwide size-large\"><img loading=\"lazy\" decoding=\"async\" width=\"1024\" height=\"476\" src=\"https:\/\/jitkonen.fi\/wp-content\/uploads\/2020\/07\/51-ilmasto_l\u00e4mpenee-1921-1024x476.jpg\" alt=\"\" class=\"wp-image-534\" srcset=\"https:\/\/jitkonen.fi\/wp-content\/uploads\/2020\/07\/51-ilmasto_l\u00e4mpenee-1921-1024x476.jpg 1024w, https:\/\/jitkonen.fi\/wp-content\/uploads\/2020\/07\/51-ilmasto_l\u00e4mpenee-1921-300x139.jpg 300w, https:\/\/jitkonen.fi\/wp-content\/uploads\/2020\/07\/51-ilmasto_l\u00e4mpenee-1921-768x357.jpg 768w, https:\/\/jitkonen.fi\/wp-content\/uploads\/2020\/07\/51-ilmasto_l\u00e4mpenee-1921-1536x714.jpg 1536w, https:\/\/jitkonen.fi\/wp-content\/uploads\/2020\/07\/51-ilmasto_l\u00e4mpenee-1921-1200x558.jpg 1200w, https:\/\/jitkonen.fi\/wp-content\/uploads\/2020\/07\/51-ilmasto_l\u00e4mpenee-1921.jpg 1631w\" sizes=\"auto, (max-width: 1024px) 100vw, 1024px\" \/><\/figure>\n\n\n\n<h3 class=\"wp-block-heading\" id=\"1922\"><strong>1922<\/strong><\/h3>\n\n\n\n<p> 1922 s\u00e4\u00e4n ennustamisen vaikeudesta puhuttiin. Kiinan keisarilla oli omat menettelyns\u00e4, joita t\u00e4h\u00e4n hommaan suositeltiin. Nykyaikana sit\u00e4 pit\u00e4isi soveltaa ilmastoennustamiseen. Eip\u00e4 sitten en\u00e4\u00e4 Al Gore ja moni muukaan maan p\u00e4\u00e4ll\u00e4 alati pieleen menvi\u00e4 10 vuoden alarmejaan hokisi. <\/p>\n\n\n\n<figure class=\"wp-block-image size-large is-resized\"><img loading=\"lazy\" decoding=\"async\" width=\"379\" height=\"871\" src=\"https:\/\/jitkonen.fi\/wp-content\/uploads\/2020\/07\/53-Ennustus-ilmatiede-kaula.png\" alt=\"\" class=\"wp-image-536\" style=\"width:592px;height:1360px\" srcset=\"https:\/\/jitkonen.fi\/wp-content\/uploads\/2020\/07\/53-Ennustus-ilmatiede-kaula.png 379w, https:\/\/jitkonen.fi\/wp-content\/uploads\/2020\/07\/53-Ennustus-ilmatiede-kaula-131x300.png 131w\" sizes=\"auto, (max-width: 379px) 100vw, 379px\" \/><\/figure>\n\n\n\n<p> 1922 oli totuttu jo niin sulaan mereen, ett\u00e4 j\u00e4\u00e4t tulivat yll\u00e4tyksen\u00e4. <\/p>\n\n\n\n<figure class=\"wp-block-image alignwide size-large\"><img loading=\"lazy\" decoding=\"async\" width=\"857\" height=\"317\" src=\"https:\/\/jitkonen.fi\/wp-content\/uploads\/2020\/07\/54-1922-talvi-j\u00e4\u00e4-tuli-yll\u00e4tyksen\u00e4.png\" alt=\"\" class=\"wp-image-537\" srcset=\"https:\/\/jitkonen.fi\/wp-content\/uploads\/2020\/07\/54-1922-talvi-j\u00e4\u00e4-tuli-yll\u00e4tyksen\u00e4.png 857w, https:\/\/jitkonen.fi\/wp-content\/uploads\/2020\/07\/54-1922-talvi-j\u00e4\u00e4-tuli-yll\u00e4tyksen\u00e4-300x111.png 300w, https:\/\/jitkonen.fi\/wp-content\/uploads\/2020\/07\/54-1922-talvi-j\u00e4\u00e4-tuli-yll\u00e4tyksen\u00e4-768x284.png 768w\" sizes=\"auto, (max-width: 857px) 100vw, 857px\" \/><\/figure>\n\n\n\n<h3 class=\"wp-block-heading\" id=\"1923\"><strong>1923<\/strong><\/h3>\n\n\n\n<p> 1923 ep\u00e4iltiin, ett\u00e4 Eurooppa l\u00e4mpenee ja virtahevot uivat Thamesissa. Napojen sulamistakin ennustivat. Silloin aitouskonnolliset piirit, nyky\u00e4\u00e4n IPCC-uskovaiset piirit kirjoittavat noin.<\/p>\n\n\n\n<figure class=\"wp-block-image alignwide size-large\"><img loading=\"lazy\" decoding=\"async\" width=\"802\" height=\"729\" src=\"https:\/\/jitkonen.fi\/wp-content\/uploads\/2020\/07\/52-1923_ilmasto_l__mpen_pcSkh.jpg\" alt=\"\" class=\"wp-image-535\" srcset=\"https:\/\/jitkonen.fi\/wp-content\/uploads\/2020\/07\/52-1923_ilmasto_l__mpen_pcSkh.jpg 802w, https:\/\/jitkonen.fi\/wp-content\/uploads\/2020\/07\/52-1923_ilmasto_l__mpen_pcSkh-300x273.jpg 300w, https:\/\/jitkonen.fi\/wp-content\/uploads\/2020\/07\/52-1923_ilmasto_l__mpen_pcSkh-768x698.jpg 768w\" sizes=\"auto, (max-width: 802px) 100vw, 802px\" \/><\/figure>\n\n\n\n<p>Talven ennustus, joka osin perustuu l\u00e4mpeneviin napoihin.<\/p>\n\n\n\n<figure class=\"wp-block-image alignwide size-large\"><img loading=\"lazy\" decoding=\"async\" width=\"570\" height=\"871\" src=\"https:\/\/jitkonen.fi\/wp-content\/uploads\/2020\/07\/55-1923-talven-ennustus-leutoa-navoilla_2.png\" alt=\"\" class=\"wp-image-538\" srcset=\"https:\/\/jitkonen.fi\/wp-content\/uploads\/2020\/07\/55-1923-talven-ennustus-leutoa-navoilla_2.png 570w, https:\/\/jitkonen.fi\/wp-content\/uploads\/2020\/07\/55-1923-talven-ennustus-leutoa-navoilla_2-196x300.png 196w\" sizes=\"auto, (max-width: 570px) 100vw, 570px\" \/><\/figure>\n\n\n\n<p> Mammuttien sukupuuton syyn\u00e4 oli ihminen! Jo silloin ihminen oli syyp\u00e4\u00e4, mutta nousivatko verot, siin\u00e4p\u00e4 vasta kysymys! <\/p>\n\n\n\n<figure class=\"wp-block-image size-large is-resized\"><img loading=\"lazy\" decoding=\"async\" width=\"529\" height=\"474\" src=\"https:\/\/jitkonen.fi\/wp-content\/uploads\/2020\/07\/56-1923_mammutit_li.jpg\" alt=\"\" class=\"wp-image-539\" style=\"width:606px;height:543px\" srcset=\"https:\/\/jitkonen.fi\/wp-content\/uploads\/2020\/07\/56-1923_mammutit_li.jpg 529w, https:\/\/jitkonen.fi\/wp-content\/uploads\/2020\/07\/56-1923_mammutit_li-300x269.jpg 300w\" sizes=\"auto, (max-width: 529px) 100vw, 529px\" \/><\/figure>\n\n\n\n<p> Ennustettiin troopillista kasvillisuutta Englantiin, palmuja Varsovaan ja viiniryp\u00e4leit\u00e4 Suomeen. <\/p>\n\n\n\n<figure class=\"wp-block-image alignwide size-large\"><img loading=\"lazy\" decoding=\"async\" width=\"1012\" height=\"612\" src=\"https:\/\/jitkonen.fi\/wp-content\/uploads\/2020\/07\/57-viiniryp__leet_leike_RRN2n.jpg\" alt=\"\" class=\"wp-image-540\" srcset=\"https:\/\/jitkonen.fi\/wp-content\/uploads\/2020\/07\/57-viiniryp__leet_leike_RRN2n.jpg 1012w, https:\/\/jitkonen.fi\/wp-content\/uploads\/2020\/07\/57-viiniryp__leet_leike_RRN2n-300x181.jpg 300w, https:\/\/jitkonen.fi\/wp-content\/uploads\/2020\/07\/57-viiniryp__leet_leike_RRN2n-768x464.jpg 768w\" sizes=\"auto, (max-width: 1012px) 100vw, 1012px\" \/><\/figure>\n\n\n\n<p>Alaskan ikiroudasta tehtiin mielenkiintoinen havainto.<\/p>\n\n\n\n<figure class=\"wp-block-image size-large is-resized\"><img loading=\"lazy\" decoding=\"async\" width=\"364\" height=\"713\" src=\"https:\/\/jitkonen.fi\/wp-content\/uploads\/2020\/07\/58-alaska_routa_li.jpg\" alt=\"\" class=\"wp-image-541\" style=\"width:537px;height:1050px\" srcset=\"https:\/\/jitkonen.fi\/wp-content\/uploads\/2020\/07\/58-alaska_routa_li.jpg 364w, https:\/\/jitkonen.fi\/wp-content\/uploads\/2020\/07\/58-alaska_routa_li-153x300.jpg 153w\" sizes=\"auto, (max-width: 364px) 100vw, 364px\" \/><\/figure>\n\n\n\n<p>T\u00e4llainen aikalaiskuvaus 1923<\/p>\n\n\n\n<figure class=\"wp-block-image alignwide size-large\"><img loading=\"lazy\" decoding=\"async\" width=\"1024\" height=\"733\" src=\"https:\/\/jitkonen.fi\/wp-content\/uploads\/2020\/07\/59-1923_lauha_talvi-1024x733.jpg\" alt=\"\" class=\"wp-image-542\" srcset=\"https:\/\/jitkonen.fi\/wp-content\/uploads\/2020\/07\/59-1923_lauha_talvi-1024x733.jpg 1024w, https:\/\/jitkonen.fi\/wp-content\/uploads\/2020\/07\/59-1923_lauha_talvi-300x215.jpg 300w, https:\/\/jitkonen.fi\/wp-content\/uploads\/2020\/07\/59-1923_lauha_talvi-768x550.jpg 768w, https:\/\/jitkonen.fi\/wp-content\/uploads\/2020\/07\/59-1923_lauha_talvi-1200x860.jpg 1200w, https:\/\/jitkonen.fi\/wp-content\/uploads\/2020\/07\/59-1923_lauha_talvi.jpg 1216w\" sizes=\"auto, (max-width: 1024px) 100vw, 1024px\" \/><\/figure>\n\n\n\n<p>1923 my\u00f6s Australiassa havaittiin ilmastonmuutos<\/p>\n\n\n\n<figure class=\"wp-block-image alignwide size-large\"><img loading=\"lazy\" decoding=\"async\" width=\"1024\" height=\"561\" src=\"https:\/\/jitkonen.fi\/wp-content\/uploads\/2021\/03\/australia-blogi-gronlanti-1923-pakattu-1024x561.jpg\" alt=\"\" class=\"wp-image-2759\" srcset=\"https:\/\/jitkonen.fi\/wp-content\/uploads\/2021\/03\/australia-blogi-gronlanti-1923-pakattu-1024x561.jpg 1024w, https:\/\/jitkonen.fi\/wp-content\/uploads\/2021\/03\/australia-blogi-gronlanti-1923-pakattu-300x164.jpg 300w, https:\/\/jitkonen.fi\/wp-content\/uploads\/2021\/03\/australia-blogi-gronlanti-1923-pakattu-768x421.jpg 768w, https:\/\/jitkonen.fi\/wp-content\/uploads\/2021\/03\/australia-blogi-gronlanti-1923-pakattu-1536x841.jpg 1536w, https:\/\/jitkonen.fi\/wp-content\/uploads\/2021\/03\/australia-blogi-gronlanti-1923-pakattu.jpg 1567w\" sizes=\"auto, (max-width: 1024px) 100vw, 1024px\" \/><\/figure>\n\n\n\n<h3 class=\"wp-block-heading\" id=\"1924\"><strong>1924<\/strong><\/h3>\n\n\n\n<p> 1924 oli varsinainen uutisvuosi! Lumi tulee talvella usein veten\u00e4. Maan muokkausta ehdotettiin.<\/p>\n\n\n\n<figure class=\"wp-block-image size-large is-resized\"><img loading=\"lazy\" decoding=\"async\" width=\"367\" height=\"768\" src=\"https:\/\/jitkonen.fi\/wp-content\/uploads\/2020\/07\/60-1924-Helsinki_2.JPG.png\" alt=\"\" class=\"wp-image-543\" style=\"width:601px;height:1257px\" srcset=\"https:\/\/jitkonen.fi\/wp-content\/uploads\/2020\/07\/60-1924-Helsinki_2.JPG.png 367w, https:\/\/jitkonen.fi\/wp-content\/uploads\/2020\/07\/60-1924-Helsinki_2.JPG-143x300.png 143w\" sizes=\"auto, (max-width: 367px) 100vw, 367px\" \/><\/figure>\n\n\n\n<p> Hein\u00e4kuusta asti l\u00e4mmint\u00e4 ja Oulussa oli lauhaa ja l\u00e4mmint\u00e4 viel\u00e4 tammikuussa. <\/p>\n\n\n\n<figure class=\"wp-block-image size-large is-resized\"><img loading=\"lazy\" decoding=\"async\" width=\"523\" height=\"800\" src=\"https:\/\/jitkonen.fi\/wp-content\/uploads\/2020\/07\/62-1924-lauha-lappi.png\" alt=\"\" class=\"wp-image-545\" style=\"width:608px;height:930px\" srcset=\"https:\/\/jitkonen.fi\/wp-content\/uploads\/2020\/07\/62-1924-lauha-lappi.png 523w, https:\/\/jitkonen.fi\/wp-content\/uploads\/2020\/07\/62-1924-lauha-lappi-196x300.png 196w\" sizes=\"auto, (max-width: 523px) 100vw, 523px\" \/><\/figure>\n\n\n\n<p> Tammikuussa 1924 pohdittiin, miksi talvi oli yht\u00e4 l\u00e4mmin 100 vuotta sitten  1824. Liityisik\u00f6 jotenkin Gleisbergin sykliin, koska 100 vuoden kuluttua 2010-luvulla on sama juttu? Vastausta emme ilmatieteelt\u00e4 saa, koska heill\u00e4 2000-luvun s\u00e4\u00e4t s\u00e4\u00e4telee CO2 ja normaalit ilmastosyklit ovat menneisyyden tietotaitoa ja osaamista. <\/p>\n\n\n\n<figure class=\"wp-block-image alignwide size-large\"><img loading=\"lazy\" decoding=\"async\" width=\"1024\" height=\"698\" src=\"https:\/\/jitkonen.fi\/wp-content\/uploads\/2020\/07\/61-lauha_200_vuotta_sit_USmeB-1024x698.jpg\" alt=\"\" class=\"wp-image-544\" srcset=\"https:\/\/jitkonen.fi\/wp-content\/uploads\/2020\/07\/61-lauha_200_vuotta_sit_USmeB-1024x698.jpg 1024w, https:\/\/jitkonen.fi\/wp-content\/uploads\/2020\/07\/61-lauha_200_vuotta_sit_USmeB-300x204.jpg 300w, https:\/\/jitkonen.fi\/wp-content\/uploads\/2020\/07\/61-lauha_200_vuotta_sit_USmeB-768x523.jpg 768w, https:\/\/jitkonen.fi\/wp-content\/uploads\/2020\/07\/61-lauha_200_vuotta_sit_USmeB.jpg 1073w\" sizes=\"auto, (max-width: 1024px) 100vw, 1024px\" \/><\/figure>\n\n\n\n<p>100 vuoden kuluttua edellisest\u00e4 2024 ennustetaan, ett\u00e4 talvet h\u00e4vi\u00e4v\u00e4t Suomesta.<\/p>\n\n\n\n<figure class=\"wp-block-image alignwide size-large\"><img loading=\"lazy\" decoding=\"async\" width=\"1024\" height=\"576\" src=\"https:\/\/jitkonen.fi\/wp-content\/uploads\/2021\/03\/talvi-200-vuotta-sitten-pakattu-1024x576.png\" alt=\"\" class=\"wp-image-2752\" srcset=\"https:\/\/jitkonen.fi\/wp-content\/uploads\/2021\/03\/talvi-200-vuotta-sitten-pakattu-1024x576.png 1024w, https:\/\/jitkonen.fi\/wp-content\/uploads\/2021\/03\/talvi-200-vuotta-sitten-pakattu-300x169.png 300w, https:\/\/jitkonen.fi\/wp-content\/uploads\/2021\/03\/talvi-200-vuotta-sitten-pakattu-768x432.png 768w, https:\/\/jitkonen.fi\/wp-content\/uploads\/2021\/03\/talvi-200-vuotta-sitten-pakattu-1536x865.png 1536w, https:\/\/jitkonen.fi\/wp-content\/uploads\/2021\/03\/talvi-200-vuotta-sitten-pakattu.png 1556w\" sizes=\"auto, (max-width: 1024px) 100vw, 1024px\" \/><\/figure>\n\n\n\n<p>Hellett\u00e4kin kes\u00e4ll\u00e4 oli ja Lapissakin kovin l\u00e4mmint\u00e4.<\/p>\n\n\n\n<figure class=\"wp-block-image size-large is-resized\"><img loading=\"lazy\" decoding=\"async\" width=\"284\" height=\"669\" src=\"https:\/\/jitkonen.fi\/wp-content\/uploads\/2020\/07\/63-1924-helle.jpg\" alt=\"\" class=\"wp-image-546\" style=\"width:601px;height:1413px\" srcset=\"https:\/\/jitkonen.fi\/wp-content\/uploads\/2020\/07\/63-1924-helle.jpg 284w, https:\/\/jitkonen.fi\/wp-content\/uploads\/2020\/07\/63-1924-helle-127x300.jpg 127w\" sizes=\"auto, (max-width: 284px) 100vw, 284px\" \/><\/figure>\n\n\n\n<p>Suomessa oli siis l\u00e4mp\u00f6isemp\u00e4\u00e4 kuin Keski-Euroopassa. Miten lie p\u00e4rj\u00e4siv\u00e4t ilman tukalan helteen jokatuntisia varoituksia ja ilman median ja ilmatieteen edustajien luomaa hellehysteriaa?<\/p>\n\n\n<div class=\"wp-block-image\">\n<figure class=\"aligncenter size-large\"><img loading=\"lazy\" decoding=\"async\" width=\"615\" height=\"735\" src=\"https:\/\/jitkonen.fi\/wp-content\/uploads\/2020\/07\/64-k\u00e4kisalmi-helle.jpg\" alt=\"\" class=\"wp-image-547\" srcset=\"https:\/\/jitkonen.fi\/wp-content\/uploads\/2020\/07\/64-k\u00e4kisalmi-helle.jpg 615w, https:\/\/jitkonen.fi\/wp-content\/uploads\/2020\/07\/64-k\u00e4kisalmi-helle-251x300.jpg 251w\" sizes=\"auto, (max-width: 615px) 100vw, 615px\" \/><\/figure><\/div>\n\n\n<p> Maapallon ilmastonmuutosta ep\u00e4iltiin. Alaskassa l\u00e4mp\u00f6kausi jatkui ja oli jopa enn\u00e4tyksellist\u00e4 l\u00e4mp\u00f6\u00e4: <strong><em>&#8221;jos t\u00e4t\u00e4 tilannetta kest\u00e4\u00e4 kaksi vuotta, niin pian ei Alaskassa en\u00e4\u00e4 olekaan j\u00e4\u00e4kentti\u00e4&#8221;<\/em><\/strong>. Samoin <strong><em>Gr\u00f6nlannissa &#8221;j\u00e4\u00e4vuoret kuuluvat pian menneiden aikojen asioihin&#8221;<\/em><\/strong>. <\/p>\n\n\n\n<figure class=\"wp-block-image alignwide size-large\"><img loading=\"lazy\" decoding=\"async\" width=\"767\" height=\"858\" src=\"https:\/\/jitkonen.fi\/wp-content\/uploads\/2020\/07\/65-1924_alaska_gr__nlan_KeBKg.jpg\" alt=\"\" class=\"wp-image-548\" srcset=\"https:\/\/jitkonen.fi\/wp-content\/uploads\/2020\/07\/65-1924_alaska_gr__nlan_KeBKg.jpg 767w, https:\/\/jitkonen.fi\/wp-content\/uploads\/2020\/07\/65-1924_alaska_gr__nlan_KeBKg-268x300.jpg 268w\" sizes=\"auto, (max-width: 767px) 100vw, 767px\" \/><\/figure>\n\n\n\n<p> Tyypillinen vuoden 2019 valeuutinen, joka perustuu liian lyhyeen historiaan, jotta 1900-luvun alun l\u00e4mmin kausi ei paljastuisi, koska ihmisen CO2 ei sit\u00e4 aikaa selit\u00e4.<\/p>\n\n\n\n<figure class=\"wp-block-image alignwide size-large\"><img loading=\"lazy\" decoding=\"async\" width=\"1024\" height=\"582\" src=\"https:\/\/jitkonen.fi\/wp-content\/uploads\/2020\/07\/66-alaska_helle-1024x582.jpg\" alt=\"\" class=\"wp-image-549\" srcset=\"https:\/\/jitkonen.fi\/wp-content\/uploads\/2020\/07\/66-alaska_helle-1024x582.jpg 1024w, https:\/\/jitkonen.fi\/wp-content\/uploads\/2020\/07\/66-alaska_helle-300x171.jpg 300w, https:\/\/jitkonen.fi\/wp-content\/uploads\/2020\/07\/66-alaska_helle-768x437.jpg 768w, https:\/\/jitkonen.fi\/wp-content\/uploads\/2020\/07\/66-alaska_helle-1200x683.jpg 1200w, https:\/\/jitkonen.fi\/wp-content\/uploads\/2020\/07\/66-alaska_helle.jpg 1410w\" sizes=\"auto, (max-width: 1024px) 100vw, 1024px\" \/><\/figure>\n\n\n\n<p>My\u00f6hemmin on havaittu, ett\u00e4 Gr\u00f6nlannin j\u00e4\u00e4n m\u00e4\u00e4r\u00e4 vaihtelee sykleiss\u00e4 ja joskus muinoin tosiaan ennustettiin jopa, ett\u00e4 Gr\u00f6nlannin j\u00e4\u00e4t sulavat. <\/p>\n\n\n\n<figure class=\"wp-block-image alignwide size-large\"><img loading=\"lazy\" decoding=\"async\" width=\"1024\" height=\"542\" src=\"https:\/\/jitkonen.fi\/wp-content\/uploads\/2020\/07\/67-navat_ja_gr__nlanti__Alpa4-1024x542.jpg\" alt=\"\" class=\"wp-image-550\" srcset=\"https:\/\/jitkonen.fi\/wp-content\/uploads\/2020\/07\/67-navat_ja_gr__nlanti__Alpa4-1024x542.jpg 1024w, https:\/\/jitkonen.fi\/wp-content\/uploads\/2020\/07\/67-navat_ja_gr__nlanti__Alpa4-300x159.jpg 300w, https:\/\/jitkonen.fi\/wp-content\/uploads\/2020\/07\/67-navat_ja_gr__nlanti__Alpa4-768x406.jpg 768w, https:\/\/jitkonen.fi\/wp-content\/uploads\/2020\/07\/67-navat_ja_gr__nlanti__Alpa4-1200x635.jpg 1200w, https:\/\/jitkonen.fi\/wp-content\/uploads\/2020\/07\/67-navat_ja_gr__nlanti__Alpa4.jpg 1526w\" sizes=\"auto, (max-width: 1024px) 100vw, 1024px\" \/><\/figure>\n\n\n\n<p> <\/p>\n\n\n\n<p>Gr\u00f6nlannin sulamisasiaa on tutkittu my\u00f6hemmin my\u00f6s arkistoista l\u00f6ytyneiden ilmavalokuvien perusteella ja todettu, ett\u00e4 1930-luvulla sulaminen Gr\u00f6nlannissa oli nykyist\u00e4 nopeampaa ja suurempaa.<\/p>\n\n\n\n<figure class=\"wp-block-embed is-type-wp-embed is-provider-scitechdaily wp-block-embed-scitechdaily\"><div class=\"wp-block-embed__wrapper\">\n<blockquote class=\"wp-embedded-content\" data-secret=\"449GIwXfYX\"><a href=\"https:\/\/scitechdaily.com\/1930s-photos-reveal-history-of-greenland-glaciers\/\">1930s Photos Reveal History of Greenland Glaciers<\/a><\/blockquote><iframe loading=\"lazy\" class=\"wp-embedded-content\" sandbox=\"allow-scripts\" security=\"restricted\" style=\"position: absolute; clip: rect(1px, 1px, 1px, 1px);\" title=\"&#8220;1930s Photos Reveal History of Greenland Glaciers&#8221; &#8212; SciTechDaily\" src=\"https:\/\/scitechdaily.com\/1930s-photos-reveal-history-of-greenland-glaciers\/embed\/#?secret=4vwrzX4s6H#?secret=449GIwXfYX\" data-secret=\"449GIwXfYX\" width=\"600\" height=\"338\" frameborder=\"0\" marginwidth=\"0\" marginheight=\"0\" scrolling=\"no\"><\/iframe>\n<\/div><\/figure>\n\n\n\n<figure class=\"wp-block-image alignwide size-large\"><img loading=\"lazy\" decoding=\"async\" width=\"1024\" height=\"506\" src=\"https:\/\/jitkonen.fi\/wp-content\/uploads\/2021\/03\/Gronlanti-1930-luku-valokuvat-2-1024x506.jpg\" alt=\"\" class=\"wp-image-2753\" srcset=\"https:\/\/jitkonen.fi\/wp-content\/uploads\/2021\/03\/Gronlanti-1930-luku-valokuvat-2-1024x506.jpg 1024w, https:\/\/jitkonen.fi\/wp-content\/uploads\/2021\/03\/Gronlanti-1930-luku-valokuvat-2-300x148.jpg 300w, https:\/\/jitkonen.fi\/wp-content\/uploads\/2021\/03\/Gronlanti-1930-luku-valokuvat-2-768x379.jpg 768w, https:\/\/jitkonen.fi\/wp-content\/uploads\/2021\/03\/Gronlanti-1930-luku-valokuvat-2-1536x759.jpg 1536w, https:\/\/jitkonen.fi\/wp-content\/uploads\/2021\/03\/Gronlanti-1930-luku-valokuvat-2-1568x775.jpg 1568w, https:\/\/jitkonen.fi\/wp-content\/uploads\/2021\/03\/Gronlanti-1930-luku-valokuvat-2.jpg 1666w\" sizes=\"auto, (max-width: 1024px) 100vw, 1024px\" \/><\/figure>\n\n\n\n<p>Vuonna 2016 tehtiin tieteellinen tutkimus, jossa 1930-luvun Gr\u00f6nlannin sulaminen oli nykyisen kaltainen ilmi\u00f6. Tutkimuksessa paheksuttiin sit\u00e4, ett\u00e4 liian usein johtop\u00e4\u00e4t\u00f6ksi\u00e4 vedet\u00e4\u00e4n vain viimeisen 30-60 vuoden ajanjakson perusteella.<\/p>\n\n\n\n<figure class=\"wp-block-embed is-type-wp-embed is-provider-notrickszone wp-block-embed-notrickszone\"><div class=\"wp-block-embed__wrapper\">\n<blockquote class=\"wp-embedded-content\" data-secret=\"w303nSZSLU\"><a href=\"https:\/\/notrickszone.com\/2016\/12\/19\/scientists-1930s-ice-melt-rates-in-greenland-iceland-were-the-same-as-today-no-net-ice-loss-in-80-years\/\">Scientists: 1930s Ice Melt Rates In Greenland, Iceland Were The Same As Today&#8230;No Net Ice Loss In 80 Years<\/a><\/blockquote><iframe loading=\"lazy\" class=\"wp-embedded-content\" sandbox=\"allow-scripts\" security=\"restricted\" style=\"position: absolute; clip: rect(1px, 1px, 1px, 1px);\" title=\"&#8220;Scientists: 1930s Ice Melt Rates In Greenland, Iceland Were The Same As Today&#8230;No Net Ice Loss In 80 Years&#8221; &#8212; NoTricksZone\" src=\"https:\/\/notrickszone.com\/2016\/12\/19\/scientists-1930s-ice-melt-rates-in-greenland-iceland-were-the-same-as-today-no-net-ice-loss-in-80-years\/embed\/#?secret=JsBLltNfwZ#?secret=w303nSZSLU\" data-secret=\"w303nSZSLU\" width=\"600\" height=\"338\" frameborder=\"0\" marginwidth=\"0\" marginheight=\"0\" scrolling=\"no\"><\/iframe>\n<\/div><\/figure>\n\n\n\n<figure class=\"wp-block-image alignwide size-large\"><img loading=\"lazy\" decoding=\"async\" width=\"1024\" height=\"542\" src=\"https:\/\/jitkonen.fi\/wp-content\/uploads\/2021\/03\/gronlanti-jaa-lampotila-1024x542.jpg\" alt=\"\" class=\"wp-image-2754\" srcset=\"https:\/\/jitkonen.fi\/wp-content\/uploads\/2021\/03\/gronlanti-jaa-lampotila-1024x542.jpg 1024w, https:\/\/jitkonen.fi\/wp-content\/uploads\/2021\/03\/gronlanti-jaa-lampotila-300x159.jpg 300w, https:\/\/jitkonen.fi\/wp-content\/uploads\/2021\/03\/gronlanti-jaa-lampotila-768x406.jpg 768w, https:\/\/jitkonen.fi\/wp-content\/uploads\/2021\/03\/gronlanti-jaa-lampotila-1536x813.jpg 1536w, https:\/\/jitkonen.fi\/wp-content\/uploads\/2021\/03\/gronlanti-jaa-lampotila-1568x830.jpg 1568w, https:\/\/jitkonen.fi\/wp-content\/uploads\/2021\/03\/gronlanti-jaa-lampotila.jpg 1616w\" sizes=\"auto, (max-width: 1024px) 100vw, 1024px\" \/><\/figure>\n\n\n\n<p>Vuonna 2019 uutisoitiin siit\u00e4, ett\u00e4 j\u00e4\u00e4karhuja on n\u00e4hty Islannissa. Johtui kuulemma ilmastonmuutoksesta. Mist\u00e4 lie johtunut se, ett\u00e4 j\u00e4\u00e4karhuhavaintoja on siell\u00e4 tehty aiemmin huomattavasti enemm\u00e4n ja ihan ilman ilmastonmuutosta juuri kylmimpien ilmastojaksojen aikana? Tai siis luojan luomien ilmastonmuutosten aikaan. <\/p>\n\n\n\n<figure class=\"wp-block-image size-large is-resized\"><img loading=\"lazy\" decoding=\"async\" width=\"787\" height=\"490\" src=\"https:\/\/jitkonen.fi\/wp-content\/uploads\/2020\/03\/J\u00e4\u00e4karhut-Islannissa.png\" alt=\"\" class=\"wp-image-42\" style=\"width:827px;height:515px\" srcset=\"https:\/\/jitkonen.fi\/wp-content\/uploads\/2020\/03\/J\u00e4\u00e4karhut-Islannissa.png 787w, https:\/\/jitkonen.fi\/wp-content\/uploads\/2020\/03\/J\u00e4\u00e4karhut-Islannissa-300x187.png 300w, https:\/\/jitkonen.fi\/wp-content\/uploads\/2020\/03\/J\u00e4\u00e4karhut-Islannissa-768x478.png 768w\" sizes=\"auto, (max-width: 787px) 100vw, 787px\" \/><\/figure>\n\n\n\n<p>1920- ja 1930-lukujen median havainnot Gr\u00f6nlannin sen aikaisesta sulamisesta voidaan todeta oikeiksi my\u00f6s vanhojen valokuvien kautta. Gr\u00f6nlanti on siis ennen muinoin sulanut nykyiselle 2000-luvun tasolle ihan ilman hiilidioksidiakin.<\/p>\n\n\n\n<figure class=\"wp-block-image alignwide size-large\"><img loading=\"lazy\" decoding=\"async\" width=\"879\" height=\"945\" src=\"https:\/\/jitkonen.fi\/wp-content\/uploads\/2020\/03\/Gr\u00f6nlanti-30-luku-1.png\" alt=\"\" class=\"wp-image-146\" srcset=\"https:\/\/jitkonen.fi\/wp-content\/uploads\/2020\/03\/Gr\u00f6nlanti-30-luku-1.png 879w, https:\/\/jitkonen.fi\/wp-content\/uploads\/2020\/03\/Gr\u00f6nlanti-30-luku-1-279x300.png 279w, https:\/\/jitkonen.fi\/wp-content\/uploads\/2020\/03\/Gr\u00f6nlanti-30-luku-1-768x826.png 768w\" sizes=\"auto, (max-width: 879px) 100vw, 879px\" \/><figcaption class=\"wp-element-caption\"><a href=\"http:\/\/t-norum.bloggplatsen.se\/2020\/03\/01\/11656834-gamla-foton-avslojar-att-isen-pa-gronland-smalter-mer-pa-1920-30-talet-an-det-har-gjort-pa-de-sista-tio-aren\/?\"><strong>L\u00e4hde<\/strong><\/a><\/figcaption><\/figure>\n\n\n\n<p>Edell\u00e4 oli Helsinki 1904 ja 1915. Viel\u00e4 1924 Helsingiss\u00e4 uudenvuoden aattona oli golfkelit. Kaikki n\u00e4m\u00e4 ihan ilman hiilidioksidia ja pliittista ilmastonmuutosta. Onneksi on wanhat lehdet, joita ei kyet\u00e4 adjustoimaan kuten l\u00e4mp\u00f6tilak\u00e4yri\u00e4! Muuten voisi kuvitella, ett\u00e4 nykyisin vuonna 2020 on jotenkin ihmeelliset s\u00e4\u00e4t. <\/p>\n\n\n\n<figure class=\"wp-block-image alignwide size-large\"><img loading=\"lazy\" decoding=\"async\" width=\"1024\" height=\"527\" src=\"https:\/\/jitkonen.fi\/wp-content\/uploads\/2020\/07\/1-helsinki_1924_joulu-1024x527.jpg\" alt=\"\" class=\"wp-image-554\" srcset=\"https:\/\/jitkonen.fi\/wp-content\/uploads\/2020\/07\/1-helsinki_1924_joulu-1024x527.jpg 1024w, https:\/\/jitkonen.fi\/wp-content\/uploads\/2020\/07\/1-helsinki_1924_joulu-300x155.jpg 300w, https:\/\/jitkonen.fi\/wp-content\/uploads\/2020\/07\/1-helsinki_1924_joulu-768x396.jpg 768w, https:\/\/jitkonen.fi\/wp-content\/uploads\/2020\/07\/1-helsinki_1924_joulu.jpg 1198w\" sizes=\"auto, (max-width: 1024px) 100vw, 1024px\" \/><\/figure>\n\n\n\n<h3 class=\"wp-block-heading\" id=\"1925\"><strong>1925<\/strong><\/h3>\n\n\n\n<p> 1925 meno sen kun parani! Ainoa talvip\u00e4iv\u00e4 helmikuussa.<\/p>\n\n\n\n<figure class=\"wp-block-image size-large is-resized\"><img loading=\"lazy\" decoding=\"async\" width=\"318\" height=\"578\" src=\"https:\/\/jitkonen.fi\/wp-content\/uploads\/2020\/07\/2-1925.jpg\" alt=\"\" class=\"wp-image-555\" style=\"width:603px;height:1097px\" srcset=\"https:\/\/jitkonen.fi\/wp-content\/uploads\/2020\/07\/2-1925.jpg 318w, https:\/\/jitkonen.fi\/wp-content\/uploads\/2020\/07\/2-1925-165x300.jpg 165w\" sizes=\"auto, (max-width: 318px) 100vw, 318px\" \/><\/figure>\n\n\n\n<p> Tarjanne purjehti Saimaalla.<\/p>\n\n\n\n<figure class=\"wp-block-image alignwide size-full\"><img loading=\"lazy\" decoding=\"async\" width=\"960\" height=\"647\" src=\"https:\/\/jitkonen.fi\/wp-content\/uploads\/2022\/01\/1925-Tarjanne.jpg\" alt=\"\" class=\"wp-image-1794\" srcset=\"https:\/\/jitkonen.fi\/wp-content\/uploads\/2022\/01\/1925-Tarjanne.jpg 960w, https:\/\/jitkonen.fi\/wp-content\/uploads\/2022\/01\/1925-Tarjanne-300x202.jpg 300w, https:\/\/jitkonen.fi\/wp-content\/uploads\/2022\/01\/1925-Tarjanne-768x518.jpg 768w\" sizes=\"auto, (max-width: 960px) 100vw, 960px\" \/><\/figure>\n\n\n\n<p>Suomessa l\u00e4mmin 1925 talvella, Afrikassa kylm\u00e4! Kovia myrskyj\u00e4kin oli. <\/p>\n\n\n\n<figure class=\"wp-block-image size-large\"><img loading=\"lazy\" decoding=\"async\" width=\"1024\" height=\"686\" src=\"https:\/\/jitkonen.fi\/wp-content\/uploads\/2020\/07\/3-1925_myrsky_neekerit-1024x686.jpg\" alt=\"\" class=\"wp-image-556\" srcset=\"https:\/\/jitkonen.fi\/wp-content\/uploads\/2020\/07\/3-1925_myrsky_neekerit-1024x686.jpg 1024w, https:\/\/jitkonen.fi\/wp-content\/uploads\/2020\/07\/3-1925_myrsky_neekerit-300x201.jpg 300w, https:\/\/jitkonen.fi\/wp-content\/uploads\/2020\/07\/3-1925_myrsky_neekerit-768x514.jpg 768w, https:\/\/jitkonen.fi\/wp-content\/uploads\/2020\/07\/3-1925_myrsky_neekerit-1200x803.jpg 1200w, https:\/\/jitkonen.fi\/wp-content\/uploads\/2020\/07\/3-1925_myrsky_neekerit.jpg 1301w\" sizes=\"auto, (max-width: 1024px) 100vw, 1024px\" \/><\/figure>\n\n\n\n<p>Kalamiehille tuli saalista!<\/p>\n\n\n\n<figure class=\"wp-block-image size-large\"><img loading=\"lazy\" decoding=\"async\" width=\"1024\" height=\"369\" src=\"https:\/\/jitkonen.fi\/wp-content\/uploads\/2020\/07\/4-1925-kalastus-1024x369.jpg\" alt=\"\" class=\"wp-image-557\" srcset=\"https:\/\/jitkonen.fi\/wp-content\/uploads\/2020\/07\/4-1925-kalastus-1024x369.jpg 1024w, https:\/\/jitkonen.fi\/wp-content\/uploads\/2020\/07\/4-1925-kalastus-300x108.jpg 300w, https:\/\/jitkonen.fi\/wp-content\/uploads\/2020\/07\/4-1925-kalastus-768x277.jpg 768w, https:\/\/jitkonen.fi\/wp-content\/uploads\/2020\/07\/4-1925-kalastus-1200x433.jpg 1200w, https:\/\/jitkonen.fi\/wp-content\/uploads\/2020\/07\/4-1925-kalastus.jpg 1356w\" sizes=\"auto, (max-width: 1024px) 100vw, 1024px\" \/><\/figure>\n\n\n\n<p>Lumettoman maan pojille suositeltiin luistelemista.<\/p>\n\n\n\n<figure class=\"wp-block-image size-large\"><img loading=\"lazy\" decoding=\"async\" width=\"1024\" height=\"615\" src=\"https:\/\/jitkonen.fi\/wp-content\/uploads\/2020\/07\/5-1925-luistelemaan-lauhaa-1024x615.jpg\" alt=\"\" class=\"wp-image-558\" srcset=\"https:\/\/jitkonen.fi\/wp-content\/uploads\/2020\/07\/5-1925-luistelemaan-lauhaa-1024x615.jpg 1024w, https:\/\/jitkonen.fi\/wp-content\/uploads\/2020\/07\/5-1925-luistelemaan-lauhaa-300x180.jpg 300w, https:\/\/jitkonen.fi\/wp-content\/uploads\/2020\/07\/5-1925-luistelemaan-lauhaa-768x461.jpg 768w, https:\/\/jitkonen.fi\/wp-content\/uploads\/2020\/07\/5-1925-luistelemaan-lauhaa-1200x721.jpg 1200w, https:\/\/jitkonen.fi\/wp-content\/uploads\/2020\/07\/5-1925-luistelemaan-lauhaa.jpg 1257w\" sizes=\"auto, (max-width: 1024px) 100vw, 1024px\" \/><\/figure>\n\n\n\n<p>Helsingiss\u00e4 tosin soudeltiin tammikuussa sill\u00e4 paikalla, jossa normaalisti on luistinrata.<\/p>\n\n\n\n<figure class=\"wp-block-image alignwide size-large\"><img loading=\"lazy\" decoding=\"async\" width=\"1024\" height=\"578\" src=\"https:\/\/jitkonen.fi\/wp-content\/uploads\/2020\/07\/6-1925_helsinki_lauha__IZPur-1024x578.jpg\" alt=\"\" class=\"wp-image-559\" srcset=\"https:\/\/jitkonen.fi\/wp-content\/uploads\/2020\/07\/6-1925_helsinki_lauha__IZPur-1024x578.jpg 1024w, https:\/\/jitkonen.fi\/wp-content\/uploads\/2020\/07\/6-1925_helsinki_lauha__IZPur-300x169.jpg 300w, https:\/\/jitkonen.fi\/wp-content\/uploads\/2020\/07\/6-1925_helsinki_lauha__IZPur-768x434.jpg 768w, https:\/\/jitkonen.fi\/wp-content\/uploads\/2020\/07\/6-1925_helsinki_lauha__IZPur-1200x677.jpg 1200w, https:\/\/jitkonen.fi\/wp-content\/uploads\/2020\/07\/6-1925_helsinki_lauha__IZPur.jpg 1302w\" sizes=\"auto, (max-width: 1024px) 100vw, 1024px\" \/><\/figure>\n\n\n\n<p>No ei se N\u00e4sij\u00e4rvik\u00e4\u00e4n j\u00e4\u00e4tynyt tammikuussa 1925.<\/p>\n\n\n\n<figure class=\"wp-block-image size-large is-resized\"><img loading=\"lazy\" decoding=\"async\" width=\"340\" height=\"543\" src=\"https:\/\/jitkonen.fi\/wp-content\/uploads\/2020\/07\/7-N\u00e4sij\u00e4rvi-ei-j\u00e4\u00e4dy-1925_2.png\" alt=\"\" class=\"wp-image-560\" style=\"width:602px;height:962px\" srcset=\"https:\/\/jitkonen.fi\/wp-content\/uploads\/2020\/07\/7-N\u00e4sij\u00e4rvi-ei-j\u00e4\u00e4dy-1925_2.png 340w, https:\/\/jitkonen.fi\/wp-content\/uploads\/2020\/07\/7-N\u00e4sij\u00e4rvi-ei-j\u00e4\u00e4dy-1925_2-188x300.png 188w\" sizes=\"auto, (max-width: 340px) 100vw, 340px\" \/><\/figure>\n\n\n\n<p><\/p>\n\n\n\n<p>Huippuhiiht\u00e4j\u00e4mme Collin ja Autio etsiv\u00e4t lunta aina Rovaniemelt\u00e4 asti, mutta vetiv\u00e4t siin\u00e4 vesiper\u00e4n.<\/p>\n\n\n\n<figure class=\"wp-block-image size-large is-resized\"><img loading=\"lazy\" decoding=\"async\" width=\"308\" height=\"841\" src=\"https:\/\/jitkonen.fi\/wp-content\/uploads\/2020\/03\/1925_hiiht__j__t_rovaniemi-pakattu.jpg\" alt=\"\" class=\"wp-image-863\" style=\"width:605px;height:1652px\" srcset=\"https:\/\/jitkonen.fi\/wp-content\/uploads\/2020\/03\/1925_hiiht__j__t_rovaniemi-pakattu.jpg 308w, https:\/\/jitkonen.fi\/wp-content\/uploads\/2020\/03\/1925_hiiht__j__t_rovaniemi-pakattu-110x300.jpg 110w\" sizes=\"auto, (max-width: 308px) 100vw, 308px\" \/><\/figure>\n\n\n\n<p>Pohjanmaallakin oli lumetonta.<\/p>\n\n\n\n<figure class=\"wp-block-image size-large is-resized\"><img loading=\"lazy\" decoding=\"async\" width=\"351\" height=\"624\" src=\"https:\/\/jitkonen.fi\/wp-content\/uploads\/2020\/07\/8-Lumeton-talvi-1925-pohjanmaa.png\" alt=\"\" class=\"wp-image-561\" style=\"width:602px;height:1071px\" srcset=\"https:\/\/jitkonen.fi\/wp-content\/uploads\/2020\/07\/8-Lumeton-talvi-1925-pohjanmaa.png 351w, https:\/\/jitkonen.fi\/wp-content\/uploads\/2020\/07\/8-Lumeton-talvi-1925-pohjanmaa-169x300.png 169w\" sizes=\"auto, (max-width: 351px) 100vw, 351px\" \/><\/figure>\n\n\n\n<p>Sotilailla oli ongelmia<\/p>\n\n\n\n<figure class=\"wp-block-image alignwide size-large\"><img loading=\"lazy\" decoding=\"async\" width=\"1024\" height=\"560\" src=\"https:\/\/jitkonen.fi\/wp-content\/uploads\/2020\/07\/9-1925-lauha-armeija-1024x560.png\" alt=\"\" class=\"wp-image-562\" srcset=\"https:\/\/jitkonen.fi\/wp-content\/uploads\/2020\/07\/9-1925-lauha-armeija-1024x560.png 1024w, https:\/\/jitkonen.fi\/wp-content\/uploads\/2020\/07\/9-1925-lauha-armeija-300x164.png 300w, https:\/\/jitkonen.fi\/wp-content\/uploads\/2020\/07\/9-1925-lauha-armeija-768x420.png 768w, https:\/\/jitkonen.fi\/wp-content\/uploads\/2020\/07\/9-1925-lauha-armeija.png 1103w\" sizes=\"auto, (max-width: 1024px) 100vw, 1024px\" \/><\/figure>\n\n\n\n<p>Lapsille sent\u00e4\u00e4n siihen aikaan annettiin asiallista tietoa. &#8221;Talvet ovat oikullisia&#8221;.<\/p>\n\n\n\n<figure class=\"wp-block-image size-large is-resized\"><img loading=\"lazy\" decoding=\"async\" width=\"826\" height=\"832\" src=\"https:\/\/jitkonen.fi\/wp-content\/uploads\/2020\/07\/10-1925-lasten-yst\u00e4v\u00e42_LI.jpg\" alt=\"\" class=\"wp-image-563\" style=\"width:742px;height:747px\" srcset=\"https:\/\/jitkonen.fi\/wp-content\/uploads\/2020\/07\/10-1925-lasten-yst\u00e4v\u00e42_LI.jpg 826w, https:\/\/jitkonen.fi\/wp-content\/uploads\/2020\/07\/10-1925-lasten-yst\u00e4v\u00e42_LI-298x300.jpg 298w, https:\/\/jitkonen.fi\/wp-content\/uploads\/2020\/07\/10-1925-lasten-yst\u00e4v\u00e42_LI-150x150.jpg 150w, https:\/\/jitkonen.fi\/wp-content\/uploads\/2020\/07\/10-1925-lasten-yst\u00e4v\u00e42_LI-768x774.jpg 768w\" sizes=\"auto, (max-width: 826px) 100vw, 826px\" \/><\/figure>\n\n\n\n<p><\/p>\n\n\n\n<p>Linnuilla oli hyv\u00e4 olla!<\/p>\n\n\n\n<figure class=\"wp-block-image size-large is-resized\"><img loading=\"lazy\" decoding=\"async\" width=\"642\" height=\"876\" src=\"https:\/\/jitkonen.fi\/wp-content\/uploads\/2020\/07\/11-1925_linnut.jpg\" alt=\"\" class=\"wp-image-564\" style=\"width:749px;height:1021px\" srcset=\"https:\/\/jitkonen.fi\/wp-content\/uploads\/2020\/07\/11-1925_linnut.jpg 642w, https:\/\/jitkonen.fi\/wp-content\/uploads\/2020\/07\/11-1925_linnut-220x300.jpg 220w\" sizes=\"auto, (max-width: 642px) 100vw, 642px\" \/><\/figure>\n\n\n\n<p>Lumitilastoja tehtiin.<\/p>\n\n\n\n<figure class=\"wp-block-image size-large is-resized\"><img loading=\"lazy\" decoding=\"async\" width=\"1024\" height=\"459\" src=\"https:\/\/jitkonen.fi\/wp-content\/uploads\/2020\/07\/12-1925_lumettomat_tila_GhqS2-1024x459.jpg\" alt=\"\" class=\"wp-image-565\" style=\"width:796px;height:356px\" srcset=\"https:\/\/jitkonen.fi\/wp-content\/uploads\/2020\/07\/12-1925_lumettomat_tila_GhqS2-1024x459.jpg 1024w, https:\/\/jitkonen.fi\/wp-content\/uploads\/2020\/07\/12-1925_lumettomat_tila_GhqS2-300x134.jpg 300w, https:\/\/jitkonen.fi\/wp-content\/uploads\/2020\/07\/12-1925_lumettomat_tila_GhqS2-768x344.jpg 768w, https:\/\/jitkonen.fi\/wp-content\/uploads\/2020\/07\/12-1925_lumettomat_tila_GhqS2-1536x689.jpg 1536w, https:\/\/jitkonen.fi\/wp-content\/uploads\/2020\/07\/12-1925_lumettomat_tila_GhqS2-1200x538.jpg 1200w, https:\/\/jitkonen.fi\/wp-content\/uploads\/2020\/07\/12-1925_lumettomat_tila_GhqS2.jpg 1778w\" sizes=\"auto, (max-width: 1024px) 100vw, 1024px\" \/><\/figure>\n\n\n\n<p>Runoja lausuttiin<\/p>\n\n\n\n<figure class=\"wp-block-image size-full\"><img loading=\"lazy\" decoding=\"async\" width=\"911\" height=\"822\" src=\"https:\/\/jitkonen.fi\/wp-content\/uploads\/2021\/03\/1925-runo-tammikuu-1-runo.png\" alt=\"\" class=\"wp-image-2766\" srcset=\"https:\/\/jitkonen.fi\/wp-content\/uploads\/2021\/03\/1925-runo-tammikuu-1-runo.png 911w, https:\/\/jitkonen.fi\/wp-content\/uploads\/2021\/03\/1925-runo-tammikuu-1-runo-300x271.png 300w, https:\/\/jitkonen.fi\/wp-content\/uploads\/2021\/03\/1925-runo-tammikuu-1-runo-768x693.png 768w\" sizes=\"auto, (max-width: 911px) 100vw, 911px\" \/><\/figure>\n\n\n\n<p>Lauhkea talvi on kasvillisuuden kannalta edullisempi, p\u00e4\u00e4teltiin.<\/p>\n\n\n\n<figure class=\"wp-block-image size-large is-resized\"><img loading=\"lazy\" decoding=\"async\" width=\"1024\" height=\"672\" src=\"https:\/\/jitkonen.fi\/wp-content\/uploads\/2020\/07\/13-1925_lauhat_talvet_t_N48tc-1024x672.jpg\" alt=\"\" class=\"wp-image-566\" style=\"width:951px;height:623px\" srcset=\"https:\/\/jitkonen.fi\/wp-content\/uploads\/2020\/07\/13-1925_lauhat_talvet_t_N48tc-1024x672.jpg 1024w, https:\/\/jitkonen.fi\/wp-content\/uploads\/2020\/07\/13-1925_lauhat_talvet_t_N48tc-300x197.jpg 300w, https:\/\/jitkonen.fi\/wp-content\/uploads\/2020\/07\/13-1925_lauhat_talvet_t_N48tc-768x504.jpg 768w, https:\/\/jitkonen.fi\/wp-content\/uploads\/2020\/07\/13-1925_lauhat_talvet_t_N48tc-1200x787.jpg 1200w, https:\/\/jitkonen.fi\/wp-content\/uploads\/2020\/07\/13-1925_lauhat_talvet_t_N48tc.jpg 1212w\" sizes=\"auto, (max-width: 1024px) 100vw, 1024px\" \/><\/figure>\n\n\n\n<figure class=\"wp-block-image size-large is-resized\"><img loading=\"lazy\" decoding=\"async\" width=\"260\" height=\"501\" src=\"https:\/\/jitkonen.fi\/wp-content\/uploads\/2020\/07\/14-leutoja-talvia-historiaa.png\" alt=\"\" class=\"wp-image-567\" style=\"width:602px;height:1161px\" srcset=\"https:\/\/jitkonen.fi\/wp-content\/uploads\/2020\/07\/14-leutoja-talvia-historiaa.png 260w, https:\/\/jitkonen.fi\/wp-content\/uploads\/2020\/07\/14-leutoja-talvia-historiaa-156x300.png 156w\" sizes=\"auto, (max-width: 260px) 100vw, 260px\" \/><\/figure>\n\n\n\n<p>Talvihistoriaa H\u00e4meenkyr\u00f6st\u00e4<\/p>\n\n\n\n<figure class=\"wp-block-image alignwide size-large\"><img loading=\"lazy\" decoding=\"async\" width=\"1024\" height=\"618\" src=\"https:\/\/jitkonen.fi\/wp-content\/uploads\/2021\/03\/talvet-historia-koste-1925-pakattu-1024x618.png\" alt=\"\" class=\"wp-image-2750\" srcset=\"https:\/\/jitkonen.fi\/wp-content\/uploads\/2021\/03\/talvet-historia-koste-1925-pakattu-1024x618.png 1024w, https:\/\/jitkonen.fi\/wp-content\/uploads\/2021\/03\/talvet-historia-koste-1925-pakattu-300x181.png 300w, https:\/\/jitkonen.fi\/wp-content\/uploads\/2021\/03\/talvet-historia-koste-1925-pakattu-768x463.png 768w, https:\/\/jitkonen.fi\/wp-content\/uploads\/2021\/03\/talvet-historia-koste-1925-pakattu.png 1437w\" sizes=\"auto, (max-width: 1024px) 100vw, 1024px\" \/><\/figure>\n\n\n\n<p>Golfvirtaa ep\u00e4iltiin.<\/p>\n\n\n\n<figure class=\"wp-block-image size-large is-resized\"><img loading=\"lazy\" decoding=\"async\" width=\"329\" height=\"425\" src=\"https:\/\/jitkonen.fi\/wp-content\/uploads\/2020\/07\/15-1925_ihmettely.jpg\" alt=\"\" class=\"wp-image-568\" style=\"width:602px;height:777px\" srcset=\"https:\/\/jitkonen.fi\/wp-content\/uploads\/2020\/07\/15-1925_ihmettely.jpg 329w, https:\/\/jitkonen.fi\/wp-content\/uploads\/2020\/07\/15-1925_ihmettely-232x300.jpg 232w\" sizes=\"auto, (max-width: 329px) 100vw, 329px\" \/><\/figure>\n\n\n\n<p>Saattoivat olla j\u00e4ljill\u00e4! N\u00e4in kirjoitettiin vuonna 2020. (Peikko)<\/p>\n\n\n\n<figure class=\"wp-block-image size-large is-resized\"><img loading=\"lazy\" decoding=\"async\" width=\"621\" height=\"796\" src=\"https:\/\/jitkonen.fi\/wp-content\/uploads\/2020\/03\/golfvirta-ennustus-haimi.png\" alt=\"\" class=\"wp-image-43\" style=\"width:711px;height:911px\" srcset=\"https:\/\/jitkonen.fi\/wp-content\/uploads\/2020\/03\/golfvirta-ennustus-haimi.png 621w, https:\/\/jitkonen.fi\/wp-content\/uploads\/2020\/03\/golfvirta-ennustus-haimi-234x300.png 234w\" sizes=\"auto, (max-width: 621px) 100vw, 621px\" \/><\/figure>\n\n\n\n<p> Se ei siis talveen j\u00e4\u00e4nyt se l\u00e4mpjakso, kun 1925 kes\u00e4kin oli l\u00e4mpimin 100 vuoteen. Ent\u00e4 se 1901? <\/p>\n\n\n\n<figure class=\"wp-block-image alignwide size-large\"><img loading=\"lazy\" decoding=\"async\" width=\"1024\" height=\"584\" src=\"https:\/\/jitkonen.fi\/wp-content\/uploads\/2020\/07\/16-kes\u00e4-1925_1-1024x584.jpg\" alt=\"\" class=\"wp-image-569\" srcset=\"https:\/\/jitkonen.fi\/wp-content\/uploads\/2020\/07\/16-kes\u00e4-1925_1-1024x584.jpg 1024w, https:\/\/jitkonen.fi\/wp-content\/uploads\/2020\/07\/16-kes\u00e4-1925_1-300x171.jpg 300w, https:\/\/jitkonen.fi\/wp-content\/uploads\/2020\/07\/16-kes\u00e4-1925_1-768x438.jpg 768w, https:\/\/jitkonen.fi\/wp-content\/uploads\/2020\/07\/16-kes\u00e4-1925_1-1200x684.jpg 1200w, https:\/\/jitkonen.fi\/wp-content\/uploads\/2020\/07\/16-kes\u00e4-1925_1.jpg 1291w\" sizes=\"auto, (max-width: 1024px) 100vw, 1024px\" \/><\/figure>\n\n\n\n<p>T\u00e4m\u00e4kin l\u00e4mmin ja mukava kes\u00e4 1925 p\u00e4\u00e4ttyi ik\u00e4v\u00e4\u00e4n syysmyrskyyn. <\/p>\n\n\n\n<figure class=\"wp-block-image size-large\"><img loading=\"lazy\" decoding=\"async\" width=\"1024\" height=\"437\" src=\"https:\/\/jitkonen.fi\/wp-content\/uploads\/2020\/07\/17-laiva-upposi-1024x437.png\" alt=\"\" class=\"wp-image-570\" srcset=\"https:\/\/jitkonen.fi\/wp-content\/uploads\/2020\/07\/17-laiva-upposi-1024x437.png 1024w, https:\/\/jitkonen.fi\/wp-content\/uploads\/2020\/07\/17-laiva-upposi-300x128.png 300w, https:\/\/jitkonen.fi\/wp-content\/uploads\/2020\/07\/17-laiva-upposi-768x328.png 768w, https:\/\/jitkonen.fi\/wp-content\/uploads\/2020\/07\/17-laiva-upposi.png 1096w\" sizes=\"auto, (max-width: 1024px) 100vw, 1024px\" \/><\/figure>\n\n\n\n<p>Talvimyrskykin teki pahaa j\u00e4lke\u00e4.<\/p>\n\n\n\n<figure class=\"wp-block-image size-large\"><img loading=\"lazy\" decoding=\"async\" width=\"545\" height=\"849\" src=\"https:\/\/jitkonen.fi\/wp-content\/uploads\/2020\/07\/18-1925-talvimyrsky.png\" alt=\"\" class=\"wp-image-571\" srcset=\"https:\/\/jitkonen.fi\/wp-content\/uploads\/2020\/07\/18-1925-talvimyrsky.png 545w, https:\/\/jitkonen.fi\/wp-content\/uploads\/2020\/07\/18-1925-talvimyrsky-193x300.png 193w\" sizes=\"auto, (max-width: 545px) 100vw, 545px\" \/><\/figure>\n\n\n\n<p>Ilmaston ennustettiin l\u00e4mpenev\u00e4n  niin paljon, ett\u00e4 paistetut satakielet putoavat taivaalta suihimme.<\/p>\n\n\n\n<figure class=\"wp-block-image size-full\"><img loading=\"lazy\" decoding=\"async\" width=\"832\" height=\"536\" src=\"https:\/\/jitkonen.fi\/wp-content\/uploads\/2024\/03\/1925-pohjoisnapa-etelamanner-satakielet-ennustajat-linnut-pakattu.png\" alt=\"\" class=\"wp-image-2751\" srcset=\"https:\/\/jitkonen.fi\/wp-content\/uploads\/2024\/03\/1925-pohjoisnapa-etelamanner-satakielet-ennustajat-linnut-pakattu.png 832w, https:\/\/jitkonen.fi\/wp-content\/uploads\/2024\/03\/1925-pohjoisnapa-etelamanner-satakielet-ennustajat-linnut-pakattu-300x193.png 300w, https:\/\/jitkonen.fi\/wp-content\/uploads\/2024\/03\/1925-pohjoisnapa-etelamanner-satakielet-ennustajat-linnut-pakattu-768x495.png 768w\" sizes=\"auto, (max-width: 832px) 100vw, 832px\" \/><\/figure>\n\n\n\n<h3 class=\"wp-block-heading\" id=\"1926\"><strong> 1926<\/strong><\/h3>\n\n\n\n<p>1926 myrskyt yhdistettiin auringonpilkkuihin. Tai ainakin pohdittiin niiden vakutusta samaan tapaan kuin Suomen Oulun yliopistossa tiedett\u00e4 tehd\u00e4\u00e4n. Siit\u00e4 ei kirjoiteta nyky\u00e4\u00e4n, koska se on CO2-valtauskonnon vastaista tiedett\u00e4, jota lustojen ja neulasten tapaan kaikin keinoin v\u00e4h\u00e4tell\u00e4\u00e4n. <\/p>\n\n\n\n<figure class=\"wp-block-image alignwide size-large\"><img loading=\"lazy\" decoding=\"async\" width=\"813\" height=\"852\" src=\"https:\/\/jitkonen.fi\/wp-content\/uploads\/2020\/07\/19-1926_myrsky_aurinko.jpg\" alt=\"\" class=\"wp-image-572\" srcset=\"https:\/\/jitkonen.fi\/wp-content\/uploads\/2020\/07\/19-1926_myrsky_aurinko.jpg 813w, https:\/\/jitkonen.fi\/wp-content\/uploads\/2020\/07\/19-1926_myrsky_aurinko-286x300.jpg 286w, https:\/\/jitkonen.fi\/wp-content\/uploads\/2020\/07\/19-1926_myrsky_aurinko-768x805.jpg 768w\" sizes=\"auto, (max-width: 813px) 100vw, 813px\" \/><\/figure>\n\n\n\n<p> Alaskassa ja Huippuvuorilla oli l\u00e4mmint\u00e4, kun meill\u00e4 oli pakkastalvi.<\/p>\n\n\n\n<figure class=\"wp-block-image size-large\"><img loading=\"lazy\" decoding=\"async\" width=\"848\" height=\"600\" src=\"https:\/\/jitkonen.fi\/wp-content\/uploads\/2021\/02\/1926-alaska.png\" alt=\"\" class=\"wp-image-1287\" srcset=\"https:\/\/jitkonen.fi\/wp-content\/uploads\/2021\/02\/1926-alaska.png 848w, https:\/\/jitkonen.fi\/wp-content\/uploads\/2021\/02\/1926-alaska-300x212.png 300w, https:\/\/jitkonen.fi\/wp-content\/uploads\/2021\/02\/1926-alaska-768x543.png 768w\" sizes=\"auto, (max-width: 848px) 100vw, 848px\" \/><\/figure>\n\n\n\n<p>Keski-Euroopassa oli kunnon talvitulvat 1926. Siis niit\u00e4 s\u00e4\u00e4n \u00e4\u00e4ri-ilmi\u00f6it\u00e4 ihan ilman hiilaria. Siihen aikaan luultiin, ett\u00e4 ihmisnero on voimaton luonnon ilmi\u00f6it\u00e4 vastaan. Ei luulla en\u00e4\u00e4 armon vuonna 2020.<\/p>\n\n\n\n<figure class=\"wp-block-image alignwide size-large\"><img loading=\"lazy\" decoding=\"async\" width=\"700\" height=\"751\" src=\"https:\/\/jitkonen.fi\/wp-content\/uploads\/2020\/07\/20-Talvitulva.jpg\" alt=\"\" class=\"wp-image-573\" srcset=\"https:\/\/jitkonen.fi\/wp-content\/uploads\/2020\/07\/20-Talvitulva.jpg 700w, https:\/\/jitkonen.fi\/wp-content\/uploads\/2020\/07\/20-Talvitulva-280x300.jpg 280w\" sizes=\"auto, (max-width: 700px) 100vw, 700px\" \/><\/figure>\n\n\n\n<p> Kuumuutta ja myrsky\u00e4 oli my\u00f6s ulkomailla! Oikeita \u00e4\u00e4ri-ilmi\u00f6it\u00e4 jo paljon ennen hiilariaikaa!  T\u00e4st\u00e4 maapallon kuumasta ajanjaksosta on kooste n\u00e4iss\u00e4 linkeiss\u00e4 linkeiss\u00e4: <a href=\"https:\/\/jitkonen.fi\/?p=980\">https:\/\/jitkonen.fi\/?p=980<\/a> ja <a href=\"https:\/\/jitkonen.fi\/?p=233\">https:\/\/jitkonen.fi\/?p=233<\/a><\/p>\n\n\n\n<figure class=\"wp-block-image alignwide size-large\"><img loading=\"lazy\" decoding=\"async\" width=\"1024\" height=\"574\" src=\"https:\/\/jitkonen.fi\/wp-content\/uploads\/2020\/07\/21-helle_kuumuus_sateet_Y8ATH-1024x574.jpg\" alt=\"\" class=\"wp-image-574\" srcset=\"https:\/\/jitkonen.fi\/wp-content\/uploads\/2020\/07\/21-helle_kuumuus_sateet_Y8ATH-1024x574.jpg 1024w, https:\/\/jitkonen.fi\/wp-content\/uploads\/2020\/07\/21-helle_kuumuus_sateet_Y8ATH-300x168.jpg 300w, https:\/\/jitkonen.fi\/wp-content\/uploads\/2020\/07\/21-helle_kuumuus_sateet_Y8ATH-768x431.jpg 768w, https:\/\/jitkonen.fi\/wp-content\/uploads\/2020\/07\/21-helle_kuumuus_sateet_Y8ATH-1200x673.jpg 1200w, https:\/\/jitkonen.fi\/wp-content\/uploads\/2020\/07\/21-helle_kuumuus_sateet_Y8ATH.jpg 1419w\" sizes=\"auto, (max-width: 1024px) 100vw, 1024px\" \/><\/figure>\n\n\n\n<h3 class=\"wp-block-heading\" id=\"1927\"><strong>1927<\/strong><\/h3>\n\n\n\n<p> 1927 mentiin kovaa vauhtia kaikkein l\u00e4mp\u00f6isimm\u00e4lle 1930-luvulle. Talvet olivat lauhoja. Ja ihan ilman hiilidioksidia edelleenkin. Tosin senkin pitoisuus oli nousussa, joka sen aikaisilla mittausmenetelmill\u00e4 todettiin. <\/p>\n\n\n\n<figure class=\"wp-block-image size-large is-resized\"><img loading=\"lazy\" decoding=\"async\" width=\"244\" height=\"308\" src=\"https:\/\/jitkonen.fi\/wp-content\/uploads\/2020\/07\/22-1927-lauhat-talvet.jpg\" alt=\"\" class=\"wp-image-575\" style=\"width:605px;height:764px\" srcset=\"https:\/\/jitkonen.fi\/wp-content\/uploads\/2020\/07\/22-1927-lauhat-talvet.jpg 244w, https:\/\/jitkonen.fi\/wp-content\/uploads\/2020\/07\/22-1927-lauhat-talvet-238x300.jpg 238w\" sizes=\"auto, (max-width: 244px) 100vw, 244px\" \/><\/figure>\n\n\n\n<p><strong>Pel\u00e4ttiin, ett\u00e4 talvet katoavat. Tuttu pelko jo vuonna 1927?<\/strong><\/p>\n\n\n\n<figure class=\"wp-block-image size-large is-resized\"><img loading=\"lazy\" decoding=\"async\" width=\"484\" height=\"747\" src=\"https:\/\/jitkonen.fi\/wp-content\/uploads\/2020\/07\/23-katoaako_talvi_1927.jpg\" alt=\"\" class=\"wp-image-576\" style=\"width:606px;height:935px\" srcset=\"https:\/\/jitkonen.fi\/wp-content\/uploads\/2020\/07\/23-katoaako_talvi_1927.jpg 484w, https:\/\/jitkonen.fi\/wp-content\/uploads\/2020\/07\/23-katoaako_talvi_1927-194x300.jpg 194w\" sizes=\"auto, (max-width: 484px) 100vw, 484px\" \/><\/figure>\n\n\n\n<p>Vesisadetta helmikuussa 1927<\/p>\n\n\n\n<figure class=\"wp-block-image alignwide size-large\"><img loading=\"lazy\" decoding=\"async\" width=\"794\" height=\"759\" src=\"https:\/\/jitkonen.fi\/wp-content\/uploads\/2020\/07\/24-1927-vesisade-helmikuussa.png\" alt=\"\" class=\"wp-image-577\" srcset=\"https:\/\/jitkonen.fi\/wp-content\/uploads\/2020\/07\/24-1927-vesisade-helmikuussa.png 794w, https:\/\/jitkonen.fi\/wp-content\/uploads\/2020\/07\/24-1927-vesisade-helmikuussa-300x287.png 300w, https:\/\/jitkonen.fi\/wp-content\/uploads\/2020\/07\/24-1927-vesisade-helmikuussa-768x734.png 768w\" sizes=\"auto, (max-width: 794px) 100vw, 794px\" \/><\/figure>\n\n\n\n<figure class=\"wp-block-image alignwide size-large\"><img loading=\"lazy\" decoding=\"async\" width=\"938\" height=\"597\" src=\"https:\/\/jitkonen.fi\/wp-content\/uploads\/2020\/03\/vesisade_1927_helmik_pakattu.jpg\" alt=\"\" class=\"wp-image-953\" srcset=\"https:\/\/jitkonen.fi\/wp-content\/uploads\/2020\/03\/vesisade_1927_helmik_pakattu.jpg 938w, https:\/\/jitkonen.fi\/wp-content\/uploads\/2020\/03\/vesisade_1927_helmik_pakattu-300x191.jpg 300w, https:\/\/jitkonen.fi\/wp-content\/uploads\/2020\/03\/vesisade_1927_helmik_pakattu-768x489.jpg 768w\" sizes=\"auto, (max-width: 938px) 100vw, 938px\" \/><\/figure>\n\n\n\n<p><\/p>\n\n\n\n<p>L\u00e4mpim\u00e4n talven j\u00e4lkeen kylm\u00e4 toukokuu.<\/p>\n\n\n\n<figure class=\"wp-block-image size-large is-resized\"><img loading=\"lazy\" decoding=\"async\" width=\"584\" height=\"603\" src=\"https:\/\/jitkonen.fi\/wp-content\/uploads\/2020\/07\/25-1927-kev\u00e4\u00e4t-toukokuu.png\" alt=\"\" class=\"wp-image-578\" style=\"width:607px;height:627px\" srcset=\"https:\/\/jitkonen.fi\/wp-content\/uploads\/2020\/07\/25-1927-kev\u00e4\u00e4t-toukokuu.png 584w, https:\/\/jitkonen.fi\/wp-content\/uploads\/2020\/07\/25-1927-kev\u00e4\u00e4t-toukokuu-291x300.png 291w\" sizes=\"auto, (max-width: 584px) 100vw, 584px\" \/><\/figure>\n\n\n\n<p>Kes\u00e4t 1926-1929 olivat helteisi\u00e4 ymp\u00e4ri maapallon.<\/p>\n\n\n\n<figure class=\"wp-block-image alignwide size-large\"><img loading=\"lazy\" decoding=\"async\" width=\"1024\" height=\"582\" src=\"https:\/\/jitkonen.fi\/wp-content\/uploads\/2020\/07\/26-helle_kooste_1927_ai_B6RxC-1024x582.jpg\" alt=\"\" class=\"wp-image-579\" srcset=\"https:\/\/jitkonen.fi\/wp-content\/uploads\/2020\/07\/26-helle_kooste_1927_ai_B6RxC-1024x582.jpg 1024w, https:\/\/jitkonen.fi\/wp-content\/uploads\/2020\/07\/26-helle_kooste_1927_ai_B6RxC-300x171.jpg 300w, https:\/\/jitkonen.fi\/wp-content\/uploads\/2020\/07\/26-helle_kooste_1927_ai_B6RxC-768x437.jpg 768w, https:\/\/jitkonen.fi\/wp-content\/uploads\/2020\/07\/26-helle_kooste_1927_ai_B6RxC-1200x682.jpg 1200w, https:\/\/jitkonen.fi\/wp-content\/uploads\/2020\/07\/26-helle_kooste_1927_ai_B6RxC.jpg 1433w\" sizes=\"auto, (max-width: 1024px) 100vw, 1024px\" \/><\/figure>\n\n\n\n<p>1927 otettiin aurinkoa Pohjoisnavan tuntumassa ja muutenkin Pohjoisnavan j\u00e4\u00e4t olivat 2000-luvun kaltaisen syklin minimitilanteessa.<\/p>\n\n\n\n<figure class=\"wp-block-image alignwide size-large\"><img loading=\"lazy\" decoding=\"async\" width=\"1024\" height=\"583\" src=\"https:\/\/jitkonen.fi\/wp-content\/uploads\/2020\/04\/Pohjoisnapa-lauhaa-1940-1024x583.png\" alt=\"\" class=\"wp-image-237\" srcset=\"https:\/\/jitkonen.fi\/wp-content\/uploads\/2020\/04\/Pohjoisnapa-lauhaa-1940-1024x583.png 1024w, https:\/\/jitkonen.fi\/wp-content\/uploads\/2020\/04\/Pohjoisnapa-lauhaa-1940-300x171.png 300w, https:\/\/jitkonen.fi\/wp-content\/uploads\/2020\/04\/Pohjoisnapa-lauhaa-1940-768x437.png 768w, https:\/\/jitkonen.fi\/wp-content\/uploads\/2020\/04\/Pohjoisnapa-lauhaa-1940-1200x683.png 1200w, https:\/\/jitkonen.fi\/wp-content\/uploads\/2020\/04\/Pohjoisnapa-lauhaa-1940.png 1459w\" sizes=\"auto, (max-width: 1024px) 100vw, 1024px\" \/><\/figure>\n\n\n\n<p>Lehm\u00e4t eiv\u00e4t helteess\u00e4 meinanneet lyps\u00e4\u00e4.<\/p>\n\n\n\n<figure class=\"wp-block-image size-large is-resized\"><img loading=\"lazy\" decoding=\"async\" width=\"456\" height=\"819\" src=\"https:\/\/jitkonen.fi\/wp-content\/uploads\/2020\/07\/1-1927-lehm\u00e4t.jpg\" alt=\"\" class=\"wp-image-581\" style=\"width:584px;height:1049px\" srcset=\"https:\/\/jitkonen.fi\/wp-content\/uploads\/2020\/07\/1-1927-lehm\u00e4t.jpg 456w, https:\/\/jitkonen.fi\/wp-content\/uploads\/2020\/07\/1-1927-lehm\u00e4t-167x300.jpg 167w\" sizes=\"auto, (max-width: 456px) 100vw, 456px\" \/><\/figure>\n\n\n\n<p>Rakeita satoi ja py\u00f6rremyrskyj\u00e4 oli 1927, kuten usein helteisin\u00e4 kesin\u00e4 on.<\/p>\n\n\n\n<figure class=\"wp-block-image size-large\"><img loading=\"lazy\" decoding=\"async\" width=\"1024\" height=\"709\" src=\"https:\/\/jitkonen.fi\/wp-content\/uploads\/2020\/07\/2-rae_1927_rakeita-1024x709.jpg\" alt=\"\" class=\"wp-image-582\" srcset=\"https:\/\/jitkonen.fi\/wp-content\/uploads\/2020\/07\/2-rae_1927_rakeita-1024x709.jpg 1024w, https:\/\/jitkonen.fi\/wp-content\/uploads\/2020\/07\/2-rae_1927_rakeita-300x208.jpg 300w, https:\/\/jitkonen.fi\/wp-content\/uploads\/2020\/07\/2-rae_1927_rakeita-768x531.jpg 768w, https:\/\/jitkonen.fi\/wp-content\/uploads\/2020\/07\/2-rae_1927_rakeita.jpg 1117w\" sizes=\"auto, (max-width: 1024px) 100vw, 1024px\" \/><\/figure>\n\n\n\n<p>Tulva Laukontorilla Tampereella.<\/p>\n\n\n\n<figure class=\"wp-block-image size-large is-resized\"><img loading=\"lazy\" decoding=\"async\" width=\"1024\" height=\"820\" src=\"https:\/\/jitkonen.fi\/wp-content\/uploads\/2020\/07\/3-tulva_tampere-1024x820.jpg\" alt=\"\" class=\"wp-image-583\" style=\"width:792px;height:634px\" srcset=\"https:\/\/jitkonen.fi\/wp-content\/uploads\/2020\/07\/3-tulva_tampere-1024x820.jpg 1024w, https:\/\/jitkonen.fi\/wp-content\/uploads\/2020\/07\/3-tulva_tampere-300x240.jpg 300w, https:\/\/jitkonen.fi\/wp-content\/uploads\/2020\/07\/3-tulva_tampere-768x615.jpg 768w, https:\/\/jitkonen.fi\/wp-content\/uploads\/2020\/07\/3-tulva_tampere.jpg 1044w\" sizes=\"auto, (max-width: 1024px) 100vw, 1024px\" \/><\/figure>\n\n\n\n<p>Ehk\u00e4p\u00e4 siksi \u00e4\u00e4ri-ilmi\u00f6ist\u00e4 uutisoitiin laajemminkin.<\/p>\n\n\n\n<figure class=\"wp-block-image alignwide size-large\"><img loading=\"lazy\" decoding=\"async\" width=\"974\" height=\"746\" src=\"https:\/\/jitkonen.fi\/wp-content\/uploads\/2020\/07\/4-Raesade-1927.jpg\" alt=\"\" class=\"wp-image-584\" srcset=\"https:\/\/jitkonen.fi\/wp-content\/uploads\/2020\/07\/4-Raesade-1927.jpg 974w, https:\/\/jitkonen.fi\/wp-content\/uploads\/2020\/07\/4-Raesade-1927-300x230.jpg 300w, https:\/\/jitkonen.fi\/wp-content\/uploads\/2020\/07\/4-Raesade-1927-768x588.jpg 768w\" sizes=\"auto, (max-width: 974px) 100vw, 974px\" \/><\/figure>\n\n\n\n<p>Ven\u00e4j\u00e4ll\u00e4 yritettiin muuttaa ja muutettiinkin paikallisilmastoa<\/p>\n\n\n\n<figure class=\"wp-block-image size-large is-resized\"><img loading=\"lazy\" decoding=\"async\" width=\"276\" height=\"683\" src=\"https:\/\/jitkonen.fi\/wp-content\/uploads\/2020\/07\/5-mets__t_1927_li.jpg\" alt=\"\" class=\"wp-image-585\" style=\"width:606px;height:1500px\" srcset=\"https:\/\/jitkonen.fi\/wp-content\/uploads\/2020\/07\/5-mets__t_1927_li.jpg 276w, https:\/\/jitkonen.fi\/wp-content\/uploads\/2020\/07\/5-mets__t_1927_li-121x300.jpg 121w\" sizes=\"auto, (max-width: 276px) 100vw, 276px\" \/><\/figure>\n\n\n\n<h3 class=\"wp-block-heading\" id=\"1928\"><strong>1928<\/strong><\/h3>\n\n\n\n<p> 1928 oli Suomessa l\u00e4mmint\u00e4 ja Ruotsissa semmoinen meteorologi, joka tunsi NAO ilmi\u00f6n! Suomessa tammikuussa 10 astetta tavanomaista l\u00e4mp\u00f6isemp\u00e4\u00e4.<br><\/p>\n\n\n\n<figure class=\"wp-block-image alignwide size-large\"><img loading=\"lazy\" decoding=\"async\" width=\"1024\" height=\"715\" src=\"https:\/\/jitkonen.fi\/wp-content\/uploads\/2020\/07\/6-nao_fmi_merivirrat_t_8dk1s-1024x715.jpg\" alt=\"\" class=\"wp-image-586\" srcset=\"https:\/\/jitkonen.fi\/wp-content\/uploads\/2020\/07\/6-nao_fmi_merivirrat_t_8dk1s-1024x715.jpg 1024w, https:\/\/jitkonen.fi\/wp-content\/uploads\/2020\/07\/6-nao_fmi_merivirrat_t_8dk1s-300x209.jpg 300w, https:\/\/jitkonen.fi\/wp-content\/uploads\/2020\/07\/6-nao_fmi_merivirrat_t_8dk1s-768x536.jpg 768w, https:\/\/jitkonen.fi\/wp-content\/uploads\/2020\/07\/6-nao_fmi_merivirrat_t_8dk1s-1200x838.jpg 1200w, https:\/\/jitkonen.fi\/wp-content\/uploads\/2020\/07\/6-nao_fmi_merivirrat_t_8dk1s.jpg 1219w\" sizes=\"auto, (max-width: 1024px) 100vw, 1024px\" \/><\/figure>\n\n\n\n<p>Ruotsissakin kylmien talvien havaittiin harvinaistuneen.<\/p>\n\n\n\n<figure class=\"wp-block-image alignwide size-large\"><img loading=\"lazy\" decoding=\"async\" width=\"825\" height=\"826\" src=\"https:\/\/jitkonen.fi\/wp-content\/uploads\/2020\/07\/7-ruotsi.jpg\" alt=\"\" class=\"wp-image-587\" srcset=\"https:\/\/jitkonen.fi\/wp-content\/uploads\/2020\/07\/7-ruotsi.jpg 825w, https:\/\/jitkonen.fi\/wp-content\/uploads\/2020\/07\/7-ruotsi-300x300.jpg 300w, https:\/\/jitkonen.fi\/wp-content\/uploads\/2020\/07\/7-ruotsi-150x150.jpg 150w, https:\/\/jitkonen.fi\/wp-content\/uploads\/2020\/07\/7-ruotsi-768x769.jpg 768w\" sizes=\"auto, (max-width: 825px) 100vw, 825px\" \/><\/figure>\n\n\n\n<p>Tuo NAO muuten vaikuttaa poroihin ja moneen muuhun asiaan. Ennen kuviteltua ilmastonmuutosta, sen tiimoilta tehtiin satoja tutkimuksia. Ilmeisesti se kaivo ammennettiin tieteess\u00e4 tyhj\u00e4ksi ja rahaa alettiin tehd\u00e4 ilmastokuvitelmalla, jota on kaikin tavoin pidett\u00e4v\u00e4 yll\u00e4. <\/p>\n\n\n\n<figure class=\"wp-block-image alignwide size-large\"><img loading=\"lazy\" decoding=\"async\" width=\"1024\" height=\"584\" src=\"https:\/\/jitkonen.fi\/wp-content\/uploads\/2020\/07\/8-nao_porot_s_____ilma_CnLig-1024x584.jpg\" alt=\"\" class=\"wp-image-588\" srcset=\"https:\/\/jitkonen.fi\/wp-content\/uploads\/2020\/07\/8-nao_porot_s_____ilma_CnLig-1024x584.jpg 1024w, https:\/\/jitkonen.fi\/wp-content\/uploads\/2020\/07\/8-nao_porot_s_____ilma_CnLig-300x171.jpg 300w, https:\/\/jitkonen.fi\/wp-content\/uploads\/2020\/07\/8-nao_porot_s_____ilma_CnLig-768x438.jpg 768w, https:\/\/jitkonen.fi\/wp-content\/uploads\/2020\/07\/8-nao_porot_s_____ilma_CnLig-1200x684.jpg 1200w, https:\/\/jitkonen.fi\/wp-content\/uploads\/2020\/07\/8-nao_porot_s_____ilma_CnLig.jpg 1331w\" sizes=\"auto, (max-width: 1024px) 100vw, 1024px\" \/><\/figure>\n\n\n\n<p> Silti kirjoiteltiin 1927-1928 talveen liittyen, ett\u00e4 Sveitsin j\u00e4\u00e4tik\u00f6t katovat. Kuulostaa jotenkin tutulta vuonna 2020. <\/p>\n\n\n\n<figure class=\"wp-block-image alignwide\"><img decoding=\"async\" src=\"https:\/\/jitkonen.fi\/wp-content\/uploads\/2020\/03\/kuva-11-talvet-katoavat-2-sveitsi.png\" alt=\"T\u00e4m\u00e4n kuvan alt-attribuutti on tyhj\u00e4; Tiedoston nimi on kuva-11-talvet-katoavat-2-sveitsi.png\"\/><\/figure>\n\n\n\n<p>Lokakuun lumisateiden perusteella ennusteltiin tammikuun lumitilannetta.<\/p>\n\n\n\n<figure class=\"wp-block-image size-large\"><img loading=\"lazy\" decoding=\"async\" width=\"737\" height=\"303\" src=\"https:\/\/jitkonen.fi\/wp-content\/uploads\/2020\/07\/9-1928.jpg\" alt=\"\" class=\"wp-image-589\" srcset=\"https:\/\/jitkonen.fi\/wp-content\/uploads\/2020\/07\/9-1928.jpg 737w, https:\/\/jitkonen.fi\/wp-content\/uploads\/2020\/07\/9-1928-300x123.jpg 300w\" sizes=\"auto, (max-width: 737px) 100vw, 737px\" \/><\/figure>\n\n\n\n<p> Japanissa oli rankkasateita, kuten nykyisikin aina joskus <\/p>\n\n\n\n<figure class=\"wp-block-image size-large is-resized\"><img loading=\"lazy\" decoding=\"async\" width=\"267\" height=\"406\" src=\"https:\/\/jitkonen.fi\/wp-content\/uploads\/2020\/07\/10-1928-japani.jpg\" alt=\"\" class=\"wp-image-590\" style=\"width:602px;height:915px\" srcset=\"https:\/\/jitkonen.fi\/wp-content\/uploads\/2020\/07\/10-1928-japani.jpg 267w, https:\/\/jitkonen.fi\/wp-content\/uploads\/2020\/07\/10-1928-japani-197x300.jpg 197w\" sizes=\"auto, (max-width: 267px) 100vw, 267px\" \/><\/figure>\n\n\n\n<h3 class=\"wp-block-heading\" id=\"1929\"><strong>1929<\/strong><\/h3>\n\n\n\n<p>1929 havaittiin, ett\u00e4 J\u00e4\u00e4meri l\u00e4mpenee ja j\u00e4\u00e4tik\u00f6t ovat sulaneet. J\u00e4\u00e4vuoretkin ovat k\u00e4yneet harvinaisiksi. Oliko sen ajan alarmi? Jos, niin ihan kuin t\u00e4t\u00e4 p\u00e4iv\u00e4\u00e4 vuonna 2020!<br><\/p>\n\n\n\n<figure class=\"wp-block-image size-large is-resized\"><img loading=\"lazy\" decoding=\"async\" width=\"740\" height=\"694\" src=\"https:\/\/jitkonen.fi\/wp-content\/uploads\/2020\/07\/11-j____meri_l__mpenee__mNe7P.jpg\" alt=\"\" class=\"wp-image-591\" style=\"width:602px;height:563px\" srcset=\"https:\/\/jitkonen.fi\/wp-content\/uploads\/2020\/07\/11-j____meri_l__mpenee__mNe7P.jpg 740w, https:\/\/jitkonen.fi\/wp-content\/uploads\/2020\/07\/11-j____meri_l__mpenee__mNe7P-300x281.jpg 300w\" sizes=\"auto, (max-width: 740px) 100vw, 740px\" \/><\/figure>\n\n\n\n<p> Huomattava muutoskausi havaittiin ilmastossa <\/p>\n\n\n\n<figure class=\"wp-block-image is-resized\"><img decoding=\"async\" src=\"https:\/\/jitkonen.fi\/wp-content\/uploads\/2020\/03\/lauha-ilmasto-sveitsi-l%C3%A4mpenee.png\" alt=\"T\u00e4m\u00e4n kuvan alt-attribuutti on tyhj\u00e4; Tiedoston nimi on lauha-ilmasto-sveitsi-l\u00e4mpenee.png\" style=\"width:599px;height:685px\"\/><\/figure>\n\n\n\n<p>Tapaninp\u00e4iv\u00e4n\u00e4 1929 pidettiin purjehduskilpailu Tapaninp\u00e4iv\u00e4n\u00e4.<\/p>\n\n\n\n<figure class=\"wp-block-image size-large is-resized\"><img loading=\"lazy\" decoding=\"async\" width=\"609\" height=\"778\" src=\"https:\/\/jitkonen.fi\/wp-content\/uploads\/2020\/03\/1929-purjehdus.jpg\" alt=\"\" class=\"wp-image-853\" style=\"width:606px;height:776px\" srcset=\"https:\/\/jitkonen.fi\/wp-content\/uploads\/2020\/03\/1929-purjehdus.jpg 609w, https:\/\/jitkonen.fi\/wp-content\/uploads\/2020\/03\/1929-purjehdus-235x300.jpg 235w\" sizes=\"auto, (max-width: 609px) 100vw, 609px\" \/><\/figure>\n\n\n\n<p>Kallavedell\u00e4kin mentiin laivalla joulukirkkoon 1929<\/p>\n\n\n\n<figure class=\"wp-block-image size-large is-resized\"><img loading=\"lazy\" decoding=\"async\" width=\"1024\" height=\"505\" src=\"https:\/\/jitkonen.fi\/wp-content\/uploads\/2020\/03\/1929_kallavesi_pakattu-1024x505.jpg\" alt=\"\" class=\"wp-image-856\" style=\"width:715px;height:352px\" srcset=\"https:\/\/jitkonen.fi\/wp-content\/uploads\/2020\/03\/1929_kallavesi_pakattu-1024x505.jpg 1024w, https:\/\/jitkonen.fi\/wp-content\/uploads\/2020\/03\/1929_kallavesi_pakattu-300x148.jpg 300w, https:\/\/jitkonen.fi\/wp-content\/uploads\/2020\/03\/1929_kallavesi_pakattu-768x379.jpg 768w, https:\/\/jitkonen.fi\/wp-content\/uploads\/2020\/03\/1929_kallavesi_pakattu-1200x592.jpg 1200w, https:\/\/jitkonen.fi\/wp-content\/uploads\/2020\/03\/1929_kallavesi_pakattu.jpg 1322w\" sizes=\"auto, (max-width: 1024px) 100vw, 1024px\" \/><\/figure>\n\n\n\n<p>Rekikelej\u00e4 tammikuussa 1929 odoteltiin<\/p>\n\n\n\n<figure class=\"wp-block-image size-large is-resized\"><img loading=\"lazy\" decoding=\"async\" width=\"817\" height=\"430\" src=\"https:\/\/jitkonen.fi\/wp-content\/uploads\/2020\/07\/12-Lauhaa-1929.png\" alt=\"\" class=\"wp-image-592\" style=\"width:538px;height:283px\" srcset=\"https:\/\/jitkonen.fi\/wp-content\/uploads\/2020\/07\/12-Lauhaa-1929.png 817w, https:\/\/jitkonen.fi\/wp-content\/uploads\/2020\/07\/12-Lauhaa-1929-300x158.png 300w, https:\/\/jitkonen.fi\/wp-content\/uploads\/2020\/07\/12-Lauhaa-1929-768x404.png 768w\" sizes=\"auto, (max-width: 817px) 100vw, 817px\" \/><\/figure>\n\n\n\n<p>Lapissa oli l\u00e4mmin talvi 1929<\/p>\n\n\n\n<figure class=\"wp-block-image alignwide size-large\"><img loading=\"lazy\" decoding=\"async\" width=\"674\" height=\"692\" src=\"https:\/\/jitkonen.fi\/wp-content\/uploads\/2020\/07\/13-1929.jpg\" alt=\"\" class=\"wp-image-593\" srcset=\"https:\/\/jitkonen.fi\/wp-content\/uploads\/2020\/07\/13-1929.jpg 674w, https:\/\/jitkonen.fi\/wp-content\/uploads\/2020\/07\/13-1929-292x300.jpg 292w\" sizes=\"auto, (max-width: 674px) 100vw, 674px\" \/><\/figure>\n\n\n\n<p>1929 talvi tuli sittenkin!<\/p>\n\n\n\n<figure class=\"wp-block-image alignwide size-large\"><img loading=\"lazy\" decoding=\"async\" width=\"1024\" height=\"578\" src=\"https:\/\/jitkonen.fi\/wp-content\/uploads\/2021\/03\/1929_talvi_tuli-pakattu-1024x578.jpg\" alt=\"\" class=\"wp-image-1882\" srcset=\"https:\/\/jitkonen.fi\/wp-content\/uploads\/2021\/03\/1929_talvi_tuli-pakattu-1024x578.jpg 1024w, https:\/\/jitkonen.fi\/wp-content\/uploads\/2021\/03\/1929_talvi_tuli-pakattu-300x169.jpg 300w, https:\/\/jitkonen.fi\/wp-content\/uploads\/2021\/03\/1929_talvi_tuli-pakattu-768x433.jpg 768w, https:\/\/jitkonen.fi\/wp-content\/uploads\/2021\/03\/1929_talvi_tuli-pakattu.jpg 1507w\" sizes=\"auto, (max-width: 1024px) 100vw, 1024px\" \/><\/figure>\n\n\n\n<p>Laivat olivat vaikeuksissa<\/p>\n\n\n\n<figure class=\"wp-block-image size-full\"><img loading=\"lazy\" decoding=\"async\" width=\"792\" height=\"819\" src=\"https:\/\/jitkonen.fi\/wp-content\/uploads\/2021\/03\/1929_laiva_lumi_myrsky-pakattu.jpg\" alt=\"\" class=\"wp-image-1883\" srcset=\"https:\/\/jitkonen.fi\/wp-content\/uploads\/2021\/03\/1929_laiva_lumi_myrsky-pakattu.jpg 792w, https:\/\/jitkonen.fi\/wp-content\/uploads\/2021\/03\/1929_laiva_lumi_myrsky-pakattu-290x300.jpg 290w, https:\/\/jitkonen.fi\/wp-content\/uploads\/2021\/03\/1929_laiva_lumi_myrsky-pakattu-768x794.jpg 768w\" sizes=\"auto, (max-width: 792px) 100vw, 792px\" \/><\/figure>\n\n\n\n<p>Uutisointi oli kuin 2020-luvulta. Talvitulvia Pohjanmaalla, influenssa raivoaa, hirmumyrsky tekee tuhojaan Japanissa ja vesisateet kujeilevat.<\/p>\n\n\n\n<figure class=\"wp-block-image alignwide size-large\"><img loading=\"lazy\" decoding=\"async\" width=\"1024\" height=\"552\" src=\"https:\/\/jitkonen.fi\/wp-content\/uploads\/2021\/03\/1929_influenssa_tulva-japani-kokemaki-kooste-pakattu.-1024x552.jpg\" alt=\"\" class=\"wp-image-1884\" srcset=\"https:\/\/jitkonen.fi\/wp-content\/uploads\/2021\/03\/1929_influenssa_tulva-japani-kokemaki-kooste-pakattu.-1024x552.jpg 1024w, https:\/\/jitkonen.fi\/wp-content\/uploads\/2021\/03\/1929_influenssa_tulva-japani-kokemaki-kooste-pakattu.-300x162.jpg 300w, https:\/\/jitkonen.fi\/wp-content\/uploads\/2021\/03\/1929_influenssa_tulva-japani-kokemaki-kooste-pakattu.-768x414.jpg 768w, https:\/\/jitkonen.fi\/wp-content\/uploads\/2021\/03\/1929_influenssa_tulva-japani-kokemaki-kooste-pakattu.-1536x827.jpg 1536w, https:\/\/jitkonen.fi\/wp-content\/uploads\/2021\/03\/1929_influenssa_tulva-japani-kokemaki-kooste-pakattu.-1568x845.jpg 1568w, https:\/\/jitkonen.fi\/wp-content\/uploads\/2021\/03\/1929_influenssa_tulva-japani-kokemaki-kooste-pakattu..jpg 1580w\" sizes=\"auto, (max-width: 1024px) 100vw, 1024px\" \/><\/figure>\n\n\n\n<p>Keski-Euroopassa 1929 oli kylm\u00e4\u00e4.<\/p>\n\n\n\n<figure class=\"wp-block-image size-large is-resized\"><img loading=\"lazy\" decoding=\"async\" width=\"868\" height=\"508\" src=\"https:\/\/jitkonen.fi\/wp-content\/uploads\/2020\/07\/14-1929-j\u00e4\u00e4kausi-Eurooppa.png\" alt=\"\" class=\"wp-image-594\" style=\"width:535px;height:312px\" srcset=\"https:\/\/jitkonen.fi\/wp-content\/uploads\/2020\/07\/14-1929-j\u00e4\u00e4kausi-Eurooppa.png 868w, https:\/\/jitkonen.fi\/wp-content\/uploads\/2020\/07\/14-1929-j\u00e4\u00e4kausi-Eurooppa-300x176.png 300w, https:\/\/jitkonen.fi\/wp-content\/uploads\/2020\/07\/14-1929-j\u00e4\u00e4kausi-Eurooppa-768x449.png 768w\" sizes=\"auto, (max-width: 868px) 100vw, 868px\" \/><\/figure>\n\n\n\n<p> Golfvirta havaittiin kovin l\u00e4mpim\u00e4ksi ja se yhdistettiin my\u00f6s sateisiin. Toki Suomessa oli l\u00e4mmin kes\u00e4kin. Ja seuraavana kes\u00e4n\u00e4 tammikuussa ruista viljeltiin ja mentiin kohti kuumaa 1930-lukua <\/p>\n\n\n\n<figure class=\"wp-block-image alignwide size-large\"><img loading=\"lazy\" decoding=\"async\" width=\"1024\" height=\"584\" src=\"https:\/\/jitkonen.fi\/wp-content\/uploads\/2020\/07\/14-1929_golf_l__mmin_sa_uWIQx-1024x584.jpg\" alt=\"\" class=\"wp-image-595\" srcset=\"https:\/\/jitkonen.fi\/wp-content\/uploads\/2020\/07\/14-1929_golf_l__mmin_sa_uWIQx-1024x584.jpg 1024w, https:\/\/jitkonen.fi\/wp-content\/uploads\/2020\/07\/14-1929_golf_l__mmin_sa_uWIQx-300x171.jpg 300w, https:\/\/jitkonen.fi\/wp-content\/uploads\/2020\/07\/14-1929_golf_l__mmin_sa_uWIQx-768x438.jpg 768w, https:\/\/jitkonen.fi\/wp-content\/uploads\/2020\/07\/14-1929_golf_l__mmin_sa_uWIQx-1200x685.jpg 1200w, https:\/\/jitkonen.fi\/wp-content\/uploads\/2020\/07\/14-1929_golf_l__mmin_sa_uWIQx.jpg 1388w\" sizes=\"auto, (max-width: 1024px) 100vw, 1024px\" \/><\/figure>\n\n\n\n<p><strong>J\u00e4\u00e4kauttakin v\u00e4l\u00e4yteltiin, koska Euroopassa oli kylm\u00e4.<\/strong><\/p>\n\n\n\n<figure class=\"wp-block-image alignwide size-large\"><img loading=\"lazy\" decoding=\"async\" width=\"796\" height=\"664\" src=\"https:\/\/jitkonen.fi\/wp-content\/uploads\/2020\/07\/15-J\u00e4\u00e4kausi-1929_0.jpg\" alt=\"\" class=\"wp-image-596\" srcset=\"https:\/\/jitkonen.fi\/wp-content\/uploads\/2020\/07\/15-J\u00e4\u00e4kausi-1929_0.jpg 796w, https:\/\/jitkonen.fi\/wp-content\/uploads\/2020\/07\/15-J\u00e4\u00e4kausi-1929_0-300x250.jpg 300w, https:\/\/jitkonen.fi\/wp-content\/uploads\/2020\/07\/15-J\u00e4\u00e4kausi-1929_0-768x641.jpg 768w\" sizes=\"auto, (max-width: 796px) 100vw, 796px\" \/><\/figure>\n\n\n\n<p><strong>Golfvirtaa ep\u00e4iltiin Euroopan pakkas\u00e4iden aiheuttajaksi, kun samaan aikaan helmikussa Islannissa on 7 astetta l\u00e4mmint\u00e4 ja my\u00f6s Pohjois-Norjassa, Huippuvuorilla ja Karhunsaarella elohopea kohoaa nollan yl\u00e4puolelle.<\/strong><\/p>\n\n\n\n<figure class=\"wp-block-image size-large is-resized\"><img loading=\"lazy\" decoding=\"async\" width=\"514\" height=\"456\" src=\"https:\/\/jitkonen.fi\/wp-content\/uploads\/2020\/07\/16-1929tiede_LI2-2.jpg\" alt=\"\" class=\"wp-image-597\" style=\"width:691px;height:613px\" srcset=\"https:\/\/jitkonen.fi\/wp-content\/uploads\/2020\/07\/16-1929tiede_LI2-2.jpg 514w, https:\/\/jitkonen.fi\/wp-content\/uploads\/2020\/07\/16-1929tiede_LI2-2-300x266.jpg 300w\" sizes=\"auto, (max-width: 514px) 100vw, 514px\" \/><\/figure>\n\n\n\n<p>Kylm\u00e4t talvet olivat h\u00e4vi\u00e4m\u00e4ss\u00e4 yh\u00e4. Pohjoinen j\u00e4\u00e4meri l\u00e4mpeni jatkuvasti. Golfvirta teki voitokasta l\u00e4pimurtoa it\u00e4\u00e4n. Frans Josepin maassa l\u00e4mp\u00f6tila nousee talvisaikaankin +2 C asteeseen.<\/p>\n\n\n\n<figure class=\"wp-block-image size-large is-resized\"><img loading=\"lazy\" decoding=\"async\" width=\"394\" height=\"639\" src=\"https:\/\/jitkonen.fi\/wp-content\/uploads\/2020\/07\/17-1929-lauhaa-golf.png\" alt=\"\" class=\"wp-image-598\" style=\"width:601px;height:973px\" srcset=\"https:\/\/jitkonen.fi\/wp-content\/uploads\/2020\/07\/17-1929-lauhaa-golf.png 394w, https:\/\/jitkonen.fi\/wp-content\/uploads\/2020\/07\/17-1929-lauhaa-golf-185x300.png 185w\" sizes=\"auto, (max-width: 394px) 100vw, 394px\" \/><\/figure>\n\n\n\n<p>Huhtikuu 1929 oli kylm\u00e4<\/p>\n\n\n\n<figure class=\"wp-block-image size-large\"><img loading=\"lazy\" decoding=\"async\" width=\"1024\" height=\"300\" src=\"https:\/\/jitkonen.fi\/wp-content\/uploads\/2020\/07\/18-Huhtikuu-kolea-kylm\u00e4-1929-1024x300.png\" alt=\"\" class=\"wp-image-599\" srcset=\"https:\/\/jitkonen.fi\/wp-content\/uploads\/2020\/07\/18-Huhtikuu-kolea-kylm\u00e4-1929-1024x300.png 1024w, https:\/\/jitkonen.fi\/wp-content\/uploads\/2020\/07\/18-Huhtikuu-kolea-kylm\u00e4-1929-300x88.png 300w, https:\/\/jitkonen.fi\/wp-content\/uploads\/2020\/07\/18-Huhtikuu-kolea-kylm\u00e4-1929-768x225.png 768w, https:\/\/jitkonen.fi\/wp-content\/uploads\/2020\/07\/18-Huhtikuu-kolea-kylm\u00e4-1929.png 1201w\" sizes=\"auto, (max-width: 1024px) 100vw, 1024px\" \/><\/figure>\n\n\n\n<p> Kes\u00e4 1929 kuitenkin oli helteinen. Annettiin ohjeita helteen varalle. Nuoria ei siihen aikaan aivopesty, vaan opastettiin, koska helle kuuluu Suomeen ikiaikaiseen kes\u00e4\u00e4n kuin nen\u00e4 p\u00e4\u00e4h\u00e4n. <\/p>\n\n\n\n<figure class=\"wp-block-image size-large is-resized\"><img loading=\"lazy\" decoding=\"async\" width=\"762\" height=\"786\" src=\"https:\/\/jitkonen.fi\/wp-content\/uploads\/2020\/07\/19-1929helleohjenuoret__olbZf.jpg\" alt=\"\" class=\"wp-image-600\" style=\"width:594px;height:611px\" srcset=\"https:\/\/jitkonen.fi\/wp-content\/uploads\/2020\/07\/19-1929helleohjenuoret__olbZf.jpg 762w, https:\/\/jitkonen.fi\/wp-content\/uploads\/2020\/07\/19-1929helleohjenuoret__olbZf-291x300.jpg 291w\" sizes=\"auto, (max-width: 762px) 100vw, 762px\" \/><\/figure>\n\n\n\n<p>Ohjeita helteiden ja kylm\u00e4n varalle annettiin siihen aikaan. Ihmisi\u00e4 ei peloteltu ilmastopropagandalla, koska Suomessa on \u00e4\u00e4rev\u00e4 ilmasto kovine helteineen ja pakkasineen.<\/p>\n\n\n\n<figure class=\"wp-block-image alignwide size-large\"><img loading=\"lazy\" decoding=\"async\" width=\"1024\" height=\"512\" src=\"https:\/\/jitkonen.fi\/wp-content\/uploads\/2020\/07\/20-1929helleohje-1024x512.jpg\" alt=\"\" class=\"wp-image-601\" srcset=\"https:\/\/jitkonen.fi\/wp-content\/uploads\/2020\/07\/20-1929helleohje-1024x512.jpg 1024w, https:\/\/jitkonen.fi\/wp-content\/uploads\/2020\/07\/20-1929helleohje-300x150.jpg 300w, https:\/\/jitkonen.fi\/wp-content\/uploads\/2020\/07\/20-1929helleohje-768x384.jpg 768w, https:\/\/jitkonen.fi\/wp-content\/uploads\/2020\/07\/20-1929helleohje-1536x768.jpg 1536w, https:\/\/jitkonen.fi\/wp-content\/uploads\/2020\/07\/20-1929helleohje-1200x600.jpg 1200w, https:\/\/jitkonen.fi\/wp-content\/uploads\/2020\/07\/20-1929helleohje.jpg 1545w\" sizes=\"auto, (max-width: 1024px) 100vw, 1024px\" \/><\/figure>\n\n\n\n<p> Ep\u00e4iltiin pilkett\u00e4 silm\u00e4kulmassa helteen aiheuttavan sotia. I-maailmansota alkoi helleaikaan, kuten my\u00f6s Kiinan ja Japanin sota.<\/p>\n\n\n\n<p>Ja kuinkas ollakaan, 1939 oli taas II maailmansodan vuoro helteisen 1930-luvun j\u00e4lkeen. <\/p>\n\n\n\n<figure class=\"wp-block-image size-large is-resized\"><img loading=\"lazy\" decoding=\"async\" width=\"445\" height=\"850\" src=\"https:\/\/jitkonen.fi\/wp-content\/uploads\/2020\/07\/21-1929-helle-sota.png\" alt=\"\" class=\"wp-image-602\" style=\"width:605px;height:1156px\" srcset=\"https:\/\/jitkonen.fi\/wp-content\/uploads\/2020\/07\/21-1929-helle-sota.png 445w, https:\/\/jitkonen.fi\/wp-content\/uploads\/2020\/07\/21-1929-helle-sota-157x300.png 157w\" sizes=\"auto, (max-width: 445px) 100vw, 445px\" \/><\/figure>\n\n\n\n<p> <strong>Suomessa l\u00e4mmin, Euroopassa kylm\u00e4 ja Japanissa superhelteet. <\/strong>Kirsikanpoiminta olisi medialta ja ilmatieteelt\u00e4 onnistunut jo silloin, jos siihen olisi ollut tarvetta, mutta siihen aikaan kerrottiin muustakin kuin maapallon l\u00e4mp\u00f6isist\u00e4 paikoista. Polsut eli japanilaiset ja kiinalaiset aloittivat sen sodan, kun se tuo helle kait pehmitti p\u00e4\u00e4t niin, ett\u00e4 osa tuli jopa mielisairaiksi!<\/p>\n\n\n\n<figure class=\"wp-block-image size-large is-resized\"><img loading=\"lazy\" decoding=\"async\" width=\"368\" height=\"720\" src=\"https:\/\/jitkonen.fi\/wp-content\/uploads\/2020\/03\/Japani-helle.png\" alt=\"\" class=\"wp-image-46\" style=\"width:601px;height:1173px\" srcset=\"https:\/\/jitkonen.fi\/wp-content\/uploads\/2020\/03\/Japani-helle.png 368w, https:\/\/jitkonen.fi\/wp-content\/uploads\/2020\/03\/Japani-helle-153x300.png 153w\" sizes=\"auto, (max-width: 368px) 100vw, 368px\" \/><\/figure>\n\n\n\n<p>Seuraavaa talveakin kovasti odoteltiin joulukuussa.<\/p>\n\n\n\n<figure class=\"wp-block-image size-large is-resized\"><img loading=\"lazy\" decoding=\"async\" width=\"1024\" height=\"583\" src=\"https:\/\/jitkonen.fi\/wp-content\/uploads\/2020\/07\/22-1929_marraskuu-1024x583.jpg\" alt=\"\" class=\"wp-image-603\" style=\"width:571px;height:324px\" srcset=\"https:\/\/jitkonen.fi\/wp-content\/uploads\/2020\/07\/22-1929_marraskuu-1024x583.jpg 1024w, https:\/\/jitkonen.fi\/wp-content\/uploads\/2020\/07\/22-1929_marraskuu-300x171.jpg 300w, https:\/\/jitkonen.fi\/wp-content\/uploads\/2020\/07\/22-1929_marraskuu-768x437.jpg 768w, https:\/\/jitkonen.fi\/wp-content\/uploads\/2020\/07\/22-1929_marraskuu-1200x683.jpg 1200w, https:\/\/jitkonen.fi\/wp-content\/uploads\/2020\/07\/22-1929_marraskuu.jpg 1411w\" sizes=\"auto, (max-width: 1024px) 100vw, 1024px\" \/><\/figure>\n\n\n\n<p>Joulun j\u00e4lkeen oli jopa ukkosia Kuopion suunnalla.<\/p>\n\n\n\n<figure class=\"wp-block-image size-large\"><img loading=\"lazy\" decoding=\"async\" width=\"556\" height=\"857\" src=\"https:\/\/jitkonen.fi\/wp-content\/uploads\/2020\/07\/23-1929-joulu-ukkonen.png\" alt=\"\" class=\"wp-image-604\" srcset=\"https:\/\/jitkonen.fi\/wp-content\/uploads\/2020\/07\/23-1929-joulu-ukkonen.png 556w, https:\/\/jitkonen.fi\/wp-content\/uploads\/2020\/07\/23-1929-joulu-ukkonen-195x300.png 195w\" sizes=\"auto, (max-width: 556px) 100vw, 556px\" \/><\/figure>\n\n\n\n<p><\/p>\n\n\n\n<h2 class=\"wp-block-heading alignwide\" id=\"1930-luku\"><strong>1930-luku<\/strong><\/h2>\n\n\n\n<h3 class=\"wp-block-heading\" id=\"1930\"><strong>1930<\/strong><\/h3>\n\n\n\n<figure class=\"wp-block-image size-large is-resized\"><img loading=\"lazy\" decoding=\"async\" width=\"529\" height=\"571\" src=\"https:\/\/jitkonen.fi\/wp-content\/uploads\/2020\/07\/24-Ruista-tammikuussa-1930.jpg\" alt=\"\" class=\"wp-image-605\" style=\"width:605px;height:653px\" srcset=\"https:\/\/jitkonen.fi\/wp-content\/uploads\/2020\/07\/24-Ruista-tammikuussa-1930.jpg 529w, https:\/\/jitkonen.fi\/wp-content\/uploads\/2020\/07\/24-Ruista-tammikuussa-1930-278x300.jpg 278w\" sizes=\"auto, (max-width: 529px) 100vw, 529px\" \/><\/figure>\n\n\n\n<p>Hevoset pellolla 1930 tammikuussa.<\/p>\n\n\n\n<figure class=\"wp-block-image alignwide size-large\"><img loading=\"lazy\" decoding=\"async\" width=\"1024\" height=\"762\" src=\"https:\/\/jitkonen.fi\/wp-content\/uploads\/2020\/07\/25-kuva-12-hevoset-1930-1024x762.jpg\" alt=\"\" class=\"wp-image-606\" srcset=\"https:\/\/jitkonen.fi\/wp-content\/uploads\/2020\/07\/25-kuva-12-hevoset-1930-1024x762.jpg 1024w, https:\/\/jitkonen.fi\/wp-content\/uploads\/2020\/07\/25-kuva-12-hevoset-1930-300x223.jpg 300w, https:\/\/jitkonen.fi\/wp-content\/uploads\/2020\/07\/25-kuva-12-hevoset-1930-768x572.jpg 768w, https:\/\/jitkonen.fi\/wp-content\/uploads\/2020\/07\/25-kuva-12-hevoset-1930-1200x893.jpg 1200w, https:\/\/jitkonen.fi\/wp-content\/uploads\/2020\/07\/25-kuva-12-hevoset-1930.jpg 1440w\" sizes=\"auto, (max-width: 1024px) 100vw, 1024px\" \/><\/figure>\n\n\n\n<p>P\u00e4ij\u00e4nteen osalta on vanhaan perheraamattuun Jartti niminen henkil\u00f6 kirjannut, ett\u00e4  V\u00e4\u00e4ksyss\u00e4 j\u00e4rvi j\u00e4\u00e4tyi 30.1.1930 ja oli j\u00e4ist\u00e4 vapaa 20.4.1930. Kirja l\u00f6ytyi Rantala nimisest\u00e4 paikasta.<br>Aika samankaltainen oli jo 1824\/25 talvi, jolloin V\u00e4\u00e4ksyss\u00e4 j\u00e4\u00e4t tulivat 28.1.1925 ja oli j\u00e4\u00e4st\u00e4 vapaa 25.4.1925. <\/p>\n\n\n\n<figure class=\"wp-block-image size-large\"><img loading=\"lazy\" decoding=\"async\" width=\"1024\" height=\"471\" src=\"https:\/\/jitkonen.fi\/wp-content\/uploads\/2020\/03\/1930-p\u00e4ij\u00e4nne-1024x471.jpg\" alt=\"\" class=\"wp-image-136\" srcset=\"https:\/\/jitkonen.fi\/wp-content\/uploads\/2020\/03\/1930-p\u00e4ij\u00e4nne-1024x471.jpg 1024w, https:\/\/jitkonen.fi\/wp-content\/uploads\/2020\/03\/1930-p\u00e4ij\u00e4nne-300x138.jpg 300w, https:\/\/jitkonen.fi\/wp-content\/uploads\/2020\/03\/1930-p\u00e4ij\u00e4nne-768x353.jpg 768w, https:\/\/jitkonen.fi\/wp-content\/uploads\/2020\/03\/1930-p\u00e4ij\u00e4nne.jpg 1391w\" sizes=\"auto, (max-width: 1024px) 100vw, 1024px\" \/><\/figure>\n\n\n\n<p>Tammikuussa kes\u00e4ntuntuinen kuva P\u00e4ij\u00e4nteell\u00e4 sek\u00e4 kahvikestit ulkona tammikuuussa 1930.<\/p>\n\n\n\n<figure class=\"wp-block-image alignwide size-large\"><img loading=\"lazy\" decoding=\"async\" width=\"1024\" height=\"835\" src=\"https:\/\/jitkonen.fi\/wp-content\/uploads\/2021\/03\/1930-ja_1932_upouusi_pakattu-1024x835.jpg\" alt=\"\" class=\"wp-image-1211\" srcset=\"https:\/\/jitkonen.fi\/wp-content\/uploads\/2021\/03\/1930-ja_1932_upouusi_pakattu-1024x835.jpg 1024w, https:\/\/jitkonen.fi\/wp-content\/uploads\/2021\/03\/1930-ja_1932_upouusi_pakattu-300x245.jpg 300w, https:\/\/jitkonen.fi\/wp-content\/uploads\/2021\/03\/1930-ja_1932_upouusi_pakattu-768x626.jpg 768w, https:\/\/jitkonen.fi\/wp-content\/uploads\/2021\/03\/1930-ja_1932_upouusi_pakattu.jpg 1084w\" sizes=\"auto, (max-width: 1024px) 100vw, 1024px\" \/><\/figure>\n\n\n\n<p>Muualla kuin etel\u00e4rannikolla Suomessa tammikuun lopulla alkoi talven suhteen olla toiveita.<\/p>\n\n\n\n<figure class=\"wp-block-image alignwide size-large\"><img loading=\"lazy\" decoding=\"async\" width=\"1024\" height=\"621\" src=\"https:\/\/jitkonen.fi\/wp-content\/uploads\/2020\/08\/1-hs_1930_1-1024x621.jpg\" alt=\"\" class=\"wp-image-610\" srcset=\"https:\/\/jitkonen.fi\/wp-content\/uploads\/2020\/08\/1-hs_1930_1-1024x621.jpg 1024w, https:\/\/jitkonen.fi\/wp-content\/uploads\/2020\/08\/1-hs_1930_1-300x182.jpg 300w, https:\/\/jitkonen.fi\/wp-content\/uploads\/2020\/08\/1-hs_1930_1-768x465.jpg 768w, https:\/\/jitkonen.fi\/wp-content\/uploads\/2020\/08\/1-hs_1930_1-1200x727.jpg 1200w, https:\/\/jitkonen.fi\/wp-content\/uploads\/2020\/08\/1-hs_1930_1.jpg 1424w\" sizes=\"auto, (max-width: 1024px) 100vw, 1024px\" \/><\/figure>\n\n\n\n<p>Hylkeenpyyt\u00e4jill\u00e4 ja talvikalastajilla oli ongelmia.<\/p>\n\n\n\n<figure class=\"wp-block-image alignwide size-large\"><img loading=\"lazy\" decoding=\"async\" width=\"741\" height=\"1024\" src=\"https:\/\/jitkonen.fi\/wp-content\/uploads\/2020\/08\/2-1930_talvikalastus-741x1024.jpg\" alt=\"\" class=\"wp-image-611\" srcset=\"https:\/\/jitkonen.fi\/wp-content\/uploads\/2020\/08\/2-1930_talvikalastus-741x1024.jpg 741w, https:\/\/jitkonen.fi\/wp-content\/uploads\/2020\/08\/2-1930_talvikalastus-217x300.jpg 217w, https:\/\/jitkonen.fi\/wp-content\/uploads\/2020\/08\/2-1930_talvikalastus.jpg 746w\" sizes=\"auto, (max-width: 741px) 100vw, 741px\" \/><\/figure>\n\n\n\n<p> 1930 maaliskuun 2. p\u00e4iv\u00e4 oli t\u00e4ysi kev\u00e4t Helsingiss\u00e4.<\/p>\n\n\n\n<figure class=\"wp-block-image alignwide size-large\"><img loading=\"lazy\" decoding=\"async\" width=\"1024\" height=\"370\" src=\"https:\/\/jitkonen.fi\/wp-content\/uploads\/2020\/08\/3-1930_kev__t_maalisku_DN8ku-1024x370.jpg\" alt=\"\" class=\"wp-image-612\" srcset=\"https:\/\/jitkonen.fi\/wp-content\/uploads\/2020\/08\/3-1930_kev__t_maalisku_DN8ku-1024x370.jpg 1024w, https:\/\/jitkonen.fi\/wp-content\/uploads\/2020\/08\/3-1930_kev__t_maalisku_DN8ku-300x108.jpg 300w, https:\/\/jitkonen.fi\/wp-content\/uploads\/2020\/08\/3-1930_kev__t_maalisku_DN8ku-768x278.jpg 768w, https:\/\/jitkonen.fi\/wp-content\/uploads\/2020\/08\/3-1930_kev__t_maalisku_DN8ku-1536x555.jpg 1536w, https:\/\/jitkonen.fi\/wp-content\/uploads\/2020\/08\/3-1930_kev__t_maalisku_DN8ku-1200x434.jpg 1200w, https:\/\/jitkonen.fi\/wp-content\/uploads\/2020\/08\/3-1930_kev__t_maalisku_DN8ku.jpg 1743w\" sizes=\"auto, (max-width: 1024px) 100vw, 1024px\" \/><\/figure>\n\n\n\n<p> Ranskassa Pyreneiden vuorten lumet sulivat \u00e4kisti maaliskuun alussa ja aiheuttivat valtavat tulvat. <\/p>\n\n\n\n<figure class=\"wp-block-image size-large is-resized\"><img loading=\"lazy\" decoding=\"async\" width=\"1024\" height=\"624\" src=\"https:\/\/jitkonen.fi\/wp-content\/uploads\/2020\/08\/4-1930-pyreneiden-tulva-ranska-1024x624.png\" alt=\"\" class=\"wp-image-613\" style=\"width:872px;height:531px\" srcset=\"https:\/\/jitkonen.fi\/wp-content\/uploads\/2020\/08\/4-1930-pyreneiden-tulva-ranska-1024x624.png 1024w, https:\/\/jitkonen.fi\/wp-content\/uploads\/2020\/08\/4-1930-pyreneiden-tulva-ranska-300x183.png 300w, https:\/\/jitkonen.fi\/wp-content\/uploads\/2020\/08\/4-1930-pyreneiden-tulva-ranska-768x468.png 768w, https:\/\/jitkonen.fi\/wp-content\/uploads\/2020\/08\/4-1930-pyreneiden-tulva-ranska-1200x731.png 1200w, https:\/\/jitkonen.fi\/wp-content\/uploads\/2020\/08\/4-1930-pyreneiden-tulva-ranska.png 1258w\" sizes=\"auto, (max-width: 1024px) 100vw, 1024px\" \/><\/figure>\n\n\n\n<p>Hiihtokilpailuihin oli vaikeaa valmistautua, koska ei ollut lunta.<\/p>\n\n\n\n<figure class=\"wp-block-image alignwide size-full\"><img loading=\"lazy\" decoding=\"async\" width=\"1000\" height=\"879\" src=\"https:\/\/jitkonen.fi\/wp-content\/uploads\/2021\/03\/1930_lumetonta_joulukuusi-pakattu.jpg\" alt=\"\" class=\"wp-image-1706\" srcset=\"https:\/\/jitkonen.fi\/wp-content\/uploads\/2021\/03\/1930_lumetonta_joulukuusi-pakattu.jpg 1000w, https:\/\/jitkonen.fi\/wp-content\/uploads\/2021\/03\/1930_lumetonta_joulukuusi-pakattu-300x264.jpg 300w, https:\/\/jitkonen.fi\/wp-content\/uploads\/2021\/03\/1930_lumetonta_joulukuusi-pakattu-768x675.jpg 768w\" sizes=\"auto, (max-width: 1000px) 100vw, 1000px\" \/><\/figure>\n\n\n\n<p>1930 ajateltiin, ett\u00e4 lumettomuus on p\u00e4\u00e4osalle riistaa hyv\u00e4 asia.<\/p>\n\n\n<div class=\"wp-block-image\">\n<figure class=\"aligncenter size-full\"><img loading=\"lazy\" decoding=\"async\" width=\"409\" height=\"849\" src=\"https:\/\/jitkonen.fi\/wp-content\/uploads\/2021\/03\/1930-riista-hs1.png\" alt=\"\" class=\"wp-image-1710\" srcset=\"https:\/\/jitkonen.fi\/wp-content\/uploads\/2021\/03\/1930-riista-hs1.png 409w, https:\/\/jitkonen.fi\/wp-content\/uploads\/2021\/03\/1930-riista-hs1-145x300.png 145w\" sizes=\"auto, (max-width: 409px) 100vw, 409px\" \/><\/figure><\/div>\n\n\n<p>Meijereill\u00e4 ja sairaaloilla oli hankalaa, kun oli j\u00e4\u00e4tt\u00f6mi\u00e4 talvia<\/p>\n\n\n\n<figure class=\"wp-block-image size-full\"><img loading=\"lazy\" decoding=\"async\" width=\"805\" height=\"816\" src=\"https:\/\/jitkonen.fi\/wp-content\/uploads\/2021\/03\/1930-meijeri-lauha-talvi-pakattu.png\" alt=\"\" class=\"wp-image-2747\" srcset=\"https:\/\/jitkonen.fi\/wp-content\/uploads\/2021\/03\/1930-meijeri-lauha-talvi-pakattu.png 805w, https:\/\/jitkonen.fi\/wp-content\/uploads\/2021\/03\/1930-meijeri-lauha-talvi-pakattu-296x300.png 296w, https:\/\/jitkonen.fi\/wp-content\/uploads\/2021\/03\/1930-meijeri-lauha-talvi-pakattu-768x778.png 768w\" sizes=\"auto, (max-width: 805px) 100vw, 805px\" \/><\/figure>\n\n\n\n<p>Tuhansia j\u00e4\u00e4karhuja ja eskimoita kuoli helteeseen.<\/p>\n\n\n\n<figure class=\"wp-block-image alignwide size-large\"><img loading=\"lazy\" decoding=\"async\" width=\"1024\" height=\"557\" src=\"https:\/\/jitkonen.fi\/wp-content\/uploads\/2021\/03\/navat-pohjoinen-gronlanti-jaakarhut-eskimot-kooste-pakattu-1024x557.png\" alt=\"\" class=\"wp-image-2755\" srcset=\"https:\/\/jitkonen.fi\/wp-content\/uploads\/2021\/03\/navat-pohjoinen-gronlanti-jaakarhut-eskimot-kooste-pakattu-1024x557.png 1024w, https:\/\/jitkonen.fi\/wp-content\/uploads\/2021\/03\/navat-pohjoinen-gronlanti-jaakarhut-eskimot-kooste-pakattu-300x163.png 300w, https:\/\/jitkonen.fi\/wp-content\/uploads\/2021\/03\/navat-pohjoinen-gronlanti-jaakarhut-eskimot-kooste-pakattu-768x418.png 768w, https:\/\/jitkonen.fi\/wp-content\/uploads\/2021\/03\/navat-pohjoinen-gronlanti-jaakarhut-eskimot-kooste-pakattu-1536x836.png 1536w, https:\/\/jitkonen.fi\/wp-content\/uploads\/2021\/03\/navat-pohjoinen-gronlanti-jaakarhut-eskimot-kooste-pakattu-1568x853.png 1568w, https:\/\/jitkonen.fi\/wp-content\/uploads\/2021\/03\/navat-pohjoinen-gronlanti-jaakarhut-eskimot-kooste-pakattu.png 1647w\" sizes=\"auto, (max-width: 1024px) 100vw, 1024px\" \/><\/figure>\n\n\n\n<h3 class=\"wp-block-heading\" id=\"1932\"><strong>1932<\/strong><\/h3>\n\n\n\n<p>Soutelua P\u00e4ij\u00e4nteell\u00e4 jouluaattona ja kukkien istuttelua uuden vuoden aattona 1932-1933.<\/p>\n\n\n\n<figure class=\"wp-block-image alignwide size-large\"><img loading=\"lazy\" decoding=\"async\" width=\"1024\" height=\"698\" src=\"https:\/\/jitkonen.fi\/wp-content\/uploads\/2021\/03\/1930-ja_1932_upouusi-2-pakattu-1024x698.jpg\" alt=\"\" class=\"wp-image-1210\" srcset=\"https:\/\/jitkonen.fi\/wp-content\/uploads\/2021\/03\/1930-ja_1932_upouusi-2-pakattu-1024x698.jpg 1024w, https:\/\/jitkonen.fi\/wp-content\/uploads\/2021\/03\/1930-ja_1932_upouusi-2-pakattu-300x204.jpg 300w, https:\/\/jitkonen.fi\/wp-content\/uploads\/2021\/03\/1930-ja_1932_upouusi-2-pakattu-768x523.jpg 768w, https:\/\/jitkonen.fi\/wp-content\/uploads\/2021\/03\/1930-ja_1932_upouusi-2-pakattu.jpg 1130w\" sizes=\"auto, (max-width: 1024px) 100vw, 1024px\" \/><\/figure>\n\n\n\n<p>Talviurheilua peruttiin<\/p>\n\n\n\n<figure class=\"wp-block-image size-full\"><img loading=\"lazy\" decoding=\"async\" width=\"480\" height=\"611\" src=\"https:\/\/jitkonen.fi\/wp-content\/uploads\/2021\/03\/1932_lumeton_talvi-pakattu.jpg\" alt=\"\" class=\"wp-image-1647\" srcset=\"https:\/\/jitkonen.fi\/wp-content\/uploads\/2021\/03\/1932_lumeton_talvi-pakattu.jpg 480w, https:\/\/jitkonen.fi\/wp-content\/uploads\/2021\/03\/1932_lumeton_talvi-pakattu-236x300.jpg 236w\" sizes=\"auto, (max-width: 480px) 100vw, 480px\" \/><\/figure>\n\n\n\n<p>Mikkeliss\u00e4 oli lumeton joulu<\/p>\n\n\n\n<figure class=\"wp-block-image size-full is-resized\"><img loading=\"lazy\" decoding=\"async\" width=\"313\" height=\"845\" src=\"https:\/\/jitkonen.fi\/wp-content\/uploads\/2021\/03\/1932-mikkeli-uusi-joulu.png\" alt=\"\" class=\"wp-image-1648\" style=\"width:605px;height:1633px\" srcset=\"https:\/\/jitkonen.fi\/wp-content\/uploads\/2021\/03\/1932-mikkeli-uusi-joulu.png 313w, https:\/\/jitkonen.fi\/wp-content\/uploads\/2021\/03\/1932-mikkeli-uusi-joulu-111x300.png 111w\" sizes=\"auto, (max-width: 313px) 100vw, 313px\" \/><\/figure>\n\n\n\n<p>Lake Palcidissakin oli ongelmia.<\/p>\n\n\n\n<figure class=\"wp-block-image size-full\"><img loading=\"lazy\" decoding=\"async\" width=\"574\" height=\"720\" src=\"https:\/\/jitkonen.fi\/wp-content\/uploads\/2021\/11\/1932_lake_placid-pakattu.jpg\" alt=\"\" class=\"wp-image-1873\" srcset=\"https:\/\/jitkonen.fi\/wp-content\/uploads\/2021\/11\/1932_lake_placid-pakattu.jpg 574w, https:\/\/jitkonen.fi\/wp-content\/uploads\/2021\/11\/1932_lake_placid-pakattu-239x300.jpg 239w\" sizes=\"auto, (max-width: 574px) 100vw, 574px\" \/><\/figure>\n\n\n\n<p>S\u00e4\u00e4n ennustamisen tarkkuus oli samalla tasolla kuin 2000-luvulla.<\/p>\n\n\n\n<figure class=\"wp-block-image alignwide size-full\"><img loading=\"lazy\" decoding=\"async\" width=\"1020\" height=\"554\" src=\"https:\/\/jitkonen.fi\/wp-content\/uploads\/2021\/03\/Saa-ennustus-1932-upouusi.jpg\" alt=\"\" class=\"wp-image-2527\" srcset=\"https:\/\/jitkonen.fi\/wp-content\/uploads\/2021\/03\/Saa-ennustus-1932-upouusi.jpg 1020w, https:\/\/jitkonen.fi\/wp-content\/uploads\/2021\/03\/Saa-ennustus-1932-upouusi-300x163.jpg 300w, https:\/\/jitkonen.fi\/wp-content\/uploads\/2021\/03\/Saa-ennustus-1932-upouusi-768x417.jpg 768w\" sizes=\"auto, (max-width: 1020px) 100vw, 1020px\" \/><\/figure>\n\n\n\n<p><strong>Yksi havainto on my\u00f6s se, ett\u00e4 l\u00e4mp\u00f6isill\u00e4 ilmastonmuutoskausilla linnut pyrkiv\u00e4t yh\u00e4 pohjoisemmaksi.<\/strong>&nbsp;Havaintoina se, ett\u00e4 kottarainen pesi ensi kertaa Enonteki\u00f6n Lapissa vuosina 1931 ja 1932, taltiainen 1935 ja peltosirkku 1936.<\/p>\n\n\n\n<figure class=\"wp-block-image alignfull size-large\"><img loading=\"lazy\" decoding=\"async\" width=\"1024\" height=\"512\" src=\"https:\/\/jitkonen.fi\/wp-content\/uploads\/2022\/01\/linnut_lappi_1900_alku-pakattu-1024x512.jpg\" alt=\"\" class=\"wp-image-1736\" srcset=\"https:\/\/jitkonen.fi\/wp-content\/uploads\/2022\/01\/linnut_lappi_1900_alku-pakattu-1024x512.jpg 1024w, https:\/\/jitkonen.fi\/wp-content\/uploads\/2022\/01\/linnut_lappi_1900_alku-pakattu-300x150.jpg 300w, https:\/\/jitkonen.fi\/wp-content\/uploads\/2022\/01\/linnut_lappi_1900_alku-pakattu-768x384.jpg 768w, https:\/\/jitkonen.fi\/wp-content\/uploads\/2022\/01\/linnut_lappi_1900_alku-pakattu-1536x768.jpg 1536w, https:\/\/jitkonen.fi\/wp-content\/uploads\/2022\/01\/linnut_lappi_1900_alku-pakattu-1568x784.jpg 1568w, https:\/\/jitkonen.fi\/wp-content\/uploads\/2022\/01\/linnut_lappi_1900_alku-pakattu.jpg 1716w\" sizes=\"auto, (max-width: 1024px) 100vw, 1024px\" \/><\/figure>\n\n\n\n<h3 class=\"wp-block-heading\" id=\"1933\"><strong>1933<\/strong><\/h3>\n\n\n\n<p>Oulussa oli musta joulu ja useampiakin per\u00e4kk\u00e4in. Helsingiss\u00e4 oli satanut lunta.<\/p>\n\n\n\n<figure class=\"wp-block-image alignwide size-full\"><img loading=\"lazy\" decoding=\"async\" width=\"678\" height=\"847\" src=\"https:\/\/jitkonen.fi\/wp-content\/uploads\/2021\/03\/oulu_joulu_1933-pakattu.jpg\" alt=\"\" class=\"wp-image-1637\" srcset=\"https:\/\/jitkonen.fi\/wp-content\/uploads\/2021\/03\/oulu_joulu_1933-pakattu.jpg 678w, https:\/\/jitkonen.fi\/wp-content\/uploads\/2021\/03\/oulu_joulu_1933-pakattu-240x300.jpg 240w\" sizes=\"auto, (max-width: 678px) 100vw, 678px\" \/><\/figure>\n\n\n\n<p>Raahen suunnalla oli lumetonta uudenvuoden aikaan.<\/p>\n\n\n\n<figure class=\"wp-block-image size-full\"><img loading=\"lazy\" decoding=\"async\" width=\"550\" height=\"660\" src=\"https:\/\/jitkonen.fi\/wp-content\/uploads\/2021\/03\/1933-lumeton-Raahe.jpg\" alt=\"\" class=\"wp-image-1655\" srcset=\"https:\/\/jitkonen.fi\/wp-content\/uploads\/2021\/03\/1933-lumeton-Raahe.jpg 550w, https:\/\/jitkonen.fi\/wp-content\/uploads\/2021\/03\/1933-lumeton-Raahe-250x300.jpg 250w\" sizes=\"auto, (max-width: 550px) 100vw, 550px\" \/><\/figure>\n\n\n\n<p>Mets\u00e4ty\u00f6t eiv\u00e4t onnistuneet viel\u00e4 helmikuussa, koska ei ollut lunta.<\/p>\n\n\n<div class=\"wp-block-image\">\n<figure class=\"aligncenter size-full\"><img loading=\"lazy\" decoding=\"async\" width=\"596\" height=\"869\" src=\"https:\/\/jitkonen.fi\/wp-content\/uploads\/2021\/03\/1933_lumeton_talvi_metsa-pakattu.jpg\" alt=\"\" class=\"wp-image-1701\" srcset=\"https:\/\/jitkonen.fi\/wp-content\/uploads\/2021\/03\/1933_lumeton_talvi_metsa-pakattu.jpg 596w, https:\/\/jitkonen.fi\/wp-content\/uploads\/2021\/03\/1933_lumeton_talvi_metsa-pakattu-206x300.jpg 206w\" sizes=\"auto, (max-width: 596px) 100vw, 596px\" \/><\/figure><\/div>\n\n\n<h3 class=\"wp-block-heading\" id=\"1934\"><strong>1934<\/strong><\/h3>\n\n\n\n<p>1934 ehdotettiin, ett\u00e4 voimisteltaisiin lumettomina talvina, niin pysytt\u00e4isiin hyv\u00e4ss\u00e4 kunnossa.<\/p>\n\n\n<div class=\"wp-block-image\">\n<figure class=\"aligncenter size-full\"><img loading=\"lazy\" decoding=\"async\" width=\"557\" height=\"808\" src=\"https:\/\/jitkonen.fi\/wp-content\/uploads\/2021\/03\/1934_hiihto_voimistelu-pakattu.jpg\" alt=\"\" class=\"wp-image-1885\" srcset=\"https:\/\/jitkonen.fi\/wp-content\/uploads\/2021\/03\/1934_hiihto_voimistelu-pakattu.jpg 557w, https:\/\/jitkonen.fi\/wp-content\/uploads\/2021\/03\/1934_hiihto_voimistelu-pakattu-207x300.jpg 207w\" sizes=\"auto, (max-width: 557px) 100vw, 557px\" \/><\/figure><\/div>\n\n\n<h3 class=\"wp-block-heading\" id=\"1935\"><strong>1935<\/strong><\/h3>\n\n\n\n<p>1935 oli ainoa tunnettu musta joulu Levill\u00e4<\/p>\n\n\n\n<figure class=\"wp-block-image alignwide size-large\"><img loading=\"lazy\" decoding=\"async\" width=\"1024\" height=\"768\" src=\"https:\/\/jitkonen.fi\/wp-content\/uploads\/2020\/08\/5-musta_joulu_levill__-1024x768.jpg\" alt=\"\" class=\"wp-image-614\" srcset=\"https:\/\/jitkonen.fi\/wp-content\/uploads\/2020\/08\/5-musta_joulu_levill__-1024x768.jpg 1024w, https:\/\/jitkonen.fi\/wp-content\/uploads\/2020\/08\/5-musta_joulu_levill__-300x225.jpg 300w, https:\/\/jitkonen.fi\/wp-content\/uploads\/2020\/08\/5-musta_joulu_levill__-768x576.jpg 768w, https:\/\/jitkonen.fi\/wp-content\/uploads\/2020\/08\/5-musta_joulu_levill__-1536x1152.jpg 1536w, https:\/\/jitkonen.fi\/wp-content\/uploads\/2020\/08\/5-musta_joulu_levill__-2048x1536.jpg 2048w, https:\/\/jitkonen.fi\/wp-content\/uploads\/2020\/08\/5-musta_joulu_levill__-1200x900.jpg 1200w\" sizes=\"auto, (max-width: 1024px) 100vw, 1024px\" \/><\/figure>\n\n\n\n<p> 2018 lumi tuli pikkasen my\u00f6hemp\u00e4\u00e4n Lappiin, joten siit\u00e4k\u00f6s mediassa craplandia riemu repesi. Iltalehden johdolla Suomen matkailumainetta pilattiin niin paljon kuin pystyttiin. Lapissa suhtautuivat asiaan rauhallisesti.<br><\/p>\n\n\n\n<figure class=\"wp-block-image size-large is-resized\"><img loading=\"lazy\" decoding=\"async\" width=\"1024\" height=\"768\" src=\"https:\/\/jitkonen.fi\/wp-content\/uploads\/2020\/08\/6-levi_2018-1024x768.jpg\" alt=\"\" class=\"wp-image-615\" style=\"width:557px;height:417px\" srcset=\"https:\/\/jitkonen.fi\/wp-content\/uploads\/2020\/08\/6-levi_2018-1024x768.jpg 1024w, https:\/\/jitkonen.fi\/wp-content\/uploads\/2020\/08\/6-levi_2018-300x225.jpg 300w, https:\/\/jitkonen.fi\/wp-content\/uploads\/2020\/08\/6-levi_2018-768x576.jpg 768w, https:\/\/jitkonen.fi\/wp-content\/uploads\/2020\/08\/6-levi_2018-1536x1152.jpg 1536w, https:\/\/jitkonen.fi\/wp-content\/uploads\/2020\/08\/6-levi_2018-2048x1536.jpg 2048w, https:\/\/jitkonen.fi\/wp-content\/uploads\/2020\/08\/6-levi_2018-1200x900.jpg 1200w\" sizes=\"auto, (max-width: 1024px) 100vw, 1024px\" \/><\/figure>\n\n\n\n<p>Samoin Rovaniemell\u00e4 jopa FMI:n meteorologi antoi j\u00e4rkevi\u00e4 lausuntoja, mik\u00e4 on meteorologien suusta kuultuna \u00e4\u00e4rimm\u00e4isen harvinaista 2000-luvulla.<\/p>\n\n\n\n<figure class=\"wp-block-image alignwide size-large\"><img loading=\"lazy\" decoding=\"async\" width=\"1024\" height=\"719\" src=\"https:\/\/jitkonen.fi\/wp-content\/uploads\/2020\/03\/Rovaniemi-lumi-uusin-1024x719.png\" alt=\"\" class=\"wp-image-47\" srcset=\"https:\/\/jitkonen.fi\/wp-content\/uploads\/2020\/03\/Rovaniemi-lumi-uusin-1024x719.png 1024w, https:\/\/jitkonen.fi\/wp-content\/uploads\/2020\/03\/Rovaniemi-lumi-uusin-300x211.png 300w, https:\/\/jitkonen.fi\/wp-content\/uploads\/2020\/03\/Rovaniemi-lumi-uusin-768x539.png 768w, https:\/\/jitkonen.fi\/wp-content\/uploads\/2020\/03\/Rovaniemi-lumi-uusin.png 1218w\" sizes=\"auto, (max-width: 1024px) 100vw, 1024px\" \/><\/figure>\n\n\n\n<p> 1935 K\u00e4kisalmella suksikaupassa iloittiin lumesta monen lumettoman vuoden j\u00e4lkeen!<br><\/p>\n\n\n\n<figure class=\"wp-block-image size-large is-resized\"><img loading=\"lazy\" decoding=\"async\" width=\"426\" height=\"528\" src=\"https:\/\/jitkonen.fi\/wp-content\/uploads\/2020\/08\/7-1935_k__kisalmi2_li.jpg\" alt=\"\" class=\"wp-image-616\" style=\"width:602px;height:746px\" srcset=\"https:\/\/jitkonen.fi\/wp-content\/uploads\/2020\/08\/7-1935_k__kisalmi2_li.jpg 426w, https:\/\/jitkonen.fi\/wp-content\/uploads\/2020\/08\/7-1935_k__kisalmi2_li-242x300.jpg 242w\" sizes=\"auto, (max-width: 426px) 100vw, 426px\" \/><\/figure>\n\n\n\n<p> <\/p>\n\n\n\n<p>K\u00e4kisalmella oli talvi, mutta etel\u00e4rannikolla moitittiin opetushallitusta, kun hiihtoloma piti pit\u00e4\u00e4 vesisateessa. <\/p>\n\n\n\n<figure class=\"wp-block-image size-large is-resized\"><img loading=\"lazy\" decoding=\"async\" width=\"243\" height=\"795\" src=\"https:\/\/jitkonen.fi\/wp-content\/uploads\/2020\/03\/hiihtoloma-1935-vesisade.png\" alt=\"\" class=\"wp-image-951\" style=\"width:607px;height:1986px\" srcset=\"https:\/\/jitkonen.fi\/wp-content\/uploads\/2020\/03\/hiihtoloma-1935-vesisade.png 243w, https:\/\/jitkonen.fi\/wp-content\/uploads\/2020\/03\/hiihtoloma-1935-vesisade-92x300.png 92w\" sizes=\"auto, (max-width: 243px) 100vw, 243px\" \/><\/figure>\n\n\n\n<p><strong>Pohjanmaallakin alettiin tottua lumettomiin jouluihin!<\/strong><\/p>\n\n\n\n<figure class=\"wp-block-image size-large\"><img loading=\"lazy\" decoding=\"async\" width=\"535\" height=\"939\" src=\"https:\/\/jitkonen.fi\/wp-content\/uploads\/2021\/03\/1935-lumeton-upouusi.png\" alt=\"\" class=\"wp-image-1216\" srcset=\"https:\/\/jitkonen.fi\/wp-content\/uploads\/2021\/03\/1935-lumeton-upouusi.png 535w, https:\/\/jitkonen.fi\/wp-content\/uploads\/2021\/03\/1935-lumeton-upouusi-171x300.png 171w\" sizes=\"auto, (max-width: 535px) 100vw, 535px\" \/><\/figure>\n\n\n\n<p>Kylmempi\u00e4 talvikuukausia odotellaan<\/p>\n\n\n\n<figure class=\"wp-block-image alignfull size-large\"><img loading=\"lazy\" decoding=\"async\" width=\"1024\" height=\"562\" src=\"https:\/\/jitkonen.fi\/wp-content\/uploads\/2022\/02\/nao_keranen_uusi-pakattu-1024x562.jpg\" alt=\"\" class=\"wp-image-1844\" srcset=\"https:\/\/jitkonen.fi\/wp-content\/uploads\/2022\/02\/nao_keranen_uusi-pakattu-1024x562.jpg 1024w, https:\/\/jitkonen.fi\/wp-content\/uploads\/2022\/02\/nao_keranen_uusi-pakattu-300x165.jpg 300w, https:\/\/jitkonen.fi\/wp-content\/uploads\/2022\/02\/nao_keranen_uusi-pakattu-768x421.jpg 768w, https:\/\/jitkonen.fi\/wp-content\/uploads\/2022\/02\/nao_keranen_uusi-pakattu-1536x843.jpg 1536w, https:\/\/jitkonen.fi\/wp-content\/uploads\/2022\/02\/nao_keranen_uusi-pakattu-1568x860.jpg 1568w, https:\/\/jitkonen.fi\/wp-content\/uploads\/2022\/02\/nao_keranen_uusi-pakattu.jpg 1620w\" sizes=\"auto, (max-width: 1024px) 100vw, 1024px\" \/><\/figure>\n\n\n\n<p>Ilmaston ikiaikainen vaihtelu tunnistettiin<\/p>\n\n\n\n<figure class=\"wp-block-image size-full\"><img loading=\"lazy\" decoding=\"async\" width=\"908\" height=\"837\" src=\"https:\/\/jitkonen.fi\/wp-content\/uploads\/2021\/03\/1935-ilmasto-uusi-keranen.jpg\" alt=\"\" class=\"wp-image-2584\" srcset=\"https:\/\/jitkonen.fi\/wp-content\/uploads\/2021\/03\/1935-ilmasto-uusi-keranen.jpg 908w, https:\/\/jitkonen.fi\/wp-content\/uploads\/2021\/03\/1935-ilmasto-uusi-keranen-300x277.jpg 300w, https:\/\/jitkonen.fi\/wp-content\/uploads\/2021\/03\/1935-ilmasto-uusi-keranen-768x708.jpg 768w\" sizes=\"auto, (max-width: 908px) 100vw, 908px\" \/><\/figure>\n\n\n\n<p>Rovaniemell\u00e4 lumetonta, puunajo t\u00f6kki.<\/p>\n\n\n\n<figure class=\"wp-block-image size-full\"><img loading=\"lazy\" decoding=\"async\" width=\"655\" height=\"854\" src=\"https:\/\/jitkonen.fi\/wp-content\/uploads\/2021\/03\/1935-lumi-rovaniemi-napapiiri.jpg\" alt=\"\" class=\"wp-image-1654\" srcset=\"https:\/\/jitkonen.fi\/wp-content\/uploads\/2021\/03\/1935-lumi-rovaniemi-napapiiri.jpg 655w, https:\/\/jitkonen.fi\/wp-content\/uploads\/2021\/03\/1935-lumi-rovaniemi-napapiiri-230x300.jpg 230w\" sizes=\"auto, (max-width: 655px) 100vw, 655px\" \/><\/figure>\n\n\n\n<p>Levill\u00e4 ei ollut lunta, mutta Houstonissa riitti vett\u00e4! T\u00e4m\u00e4n p\u00e4iv\u00e4n media on aivan onnesta mykkyr\u00e4ss\u00e4 ilmasto-onnesta, jos ja kun t\u00e4m\u00e4 uusiutuu! <\/p>\n\n\n\n<figure class=\"wp-block-image size-large is-resized\"><img loading=\"lazy\" decoding=\"async\" width=\"1024\" height=\"644\" src=\"https:\/\/jitkonen.fi\/wp-content\/uploads\/2020\/08\/8-Tulva-1024x644.jpg\" alt=\"\" class=\"wp-image-617\" style=\"width:818px;height:514px\" srcset=\"https:\/\/jitkonen.fi\/wp-content\/uploads\/2020\/08\/8-Tulva-1024x644.jpg 1024w, https:\/\/jitkonen.fi\/wp-content\/uploads\/2020\/08\/8-Tulva-300x189.jpg 300w, https:\/\/jitkonen.fi\/wp-content\/uploads\/2020\/08\/8-Tulva-768x483.jpg 768w, https:\/\/jitkonen.fi\/wp-content\/uploads\/2020\/08\/8-Tulva.jpg 1064w\" sizes=\"auto, (max-width: 1024px) 100vw, 1024px\" \/><\/figure>\n\n\n\n<h3 class=\"wp-block-heading\" id=\"1936\"><strong>1936<\/strong><\/h3>\n\n\n\n<p> 1936 HS kirjoitti v\u00e4h\u00e4lumisista jouluista, joita oli varsinkin 1920 alkaen jatkuvasti.<\/p>\n\n\n\n<figure class=\"wp-block-image alignwide size-large\"><img loading=\"lazy\" decoding=\"async\" width=\"1024\" height=\"695\" src=\"https:\/\/jitkonen.fi\/wp-content\/uploads\/2020\/08\/9-lumeton_joulu_kaisan_XeWsA-1024x695.jpg\" alt=\"\" class=\"wp-image-618\" srcset=\"https:\/\/jitkonen.fi\/wp-content\/uploads\/2020\/08\/9-lumeton_joulu_kaisan_XeWsA-1024x695.jpg 1024w, https:\/\/jitkonen.fi\/wp-content\/uploads\/2020\/08\/9-lumeton_joulu_kaisan_XeWsA-300x204.jpg 300w, https:\/\/jitkonen.fi\/wp-content\/uploads\/2020\/08\/9-lumeton_joulu_kaisan_XeWsA-768x521.jpg 768w, https:\/\/jitkonen.fi\/wp-content\/uploads\/2020\/08\/9-lumeton_joulu_kaisan_XeWsA.jpg 1189w\" sizes=\"auto, (max-width: 1024px) 100vw, 1024px\" \/><\/figure>\n\n\n\n<p>Kes\u00e4 1936 oli my\u00f6s enn\u00e4tyksellisen kuuma lauhan talven j\u00e4lkeen. T\u00e4ss\u00e4 lauhaa talvea seurasti kuuma kes\u00e4 kuten 1901.<\/p>\n\n\n\n<figure class=\"wp-block-image alignwide size-large\"><img loading=\"lazy\" decoding=\"async\" width=\"910\" height=\"825\" src=\"https:\/\/jitkonen.fi\/wp-content\/uploads\/2020\/03\/uusi-1936-kuuma_kesa-pakattu.jpg\" alt=\"\" class=\"wp-image-1032\" srcset=\"https:\/\/jitkonen.fi\/wp-content\/uploads\/2020\/03\/uusi-1936-kuuma_kesa-pakattu.jpg 910w, https:\/\/jitkonen.fi\/wp-content\/uploads\/2020\/03\/uusi-1936-kuuma_kesa-pakattu-300x272.jpg 300w, https:\/\/jitkonen.fi\/wp-content\/uploads\/2020\/03\/uusi-1936-kuuma_kesa-pakattu-768x696.jpg 768w\" sizes=\"auto, (max-width: 910px) 100vw, 910px\" \/><\/figure>\n\n\n\n<p><strong>Lumettomien joulujen tilastoa Helsingiss\u00e4<\/strong>. T\u00e4ll\u00e4 1900-luvun l\u00e4mp\u00f6kaudella niit\u00e4 on saman verran kuin 1990 alkaneella l\u00e4mp\u00f6kaudella. <strong>Lumettomat joulut Tampereella<\/strong>. Nykyisell\u00e4 ilmastonmuutoksella on kiritt\u00e4v\u00e4\u00e4 edelliseen n\u00e4hden, jos aikoo saavuttaa jakson 1930-1959 mustien joulujen lukum\u00e4\u00e4r\u00e4n.<\/p>\n\n\n\n<figure class=\"wp-block-image alignwide size-large\"><img loading=\"lazy\" decoding=\"async\" width=\"1024\" height=\"593\" src=\"https:\/\/jitkonen.fi\/wp-content\/uploads\/2021\/03\/tampere-ja_helsinki__joulu-pakattu-1024x593.jpg\" alt=\"\" class=\"wp-image-1261\" srcset=\"https:\/\/jitkonen.fi\/wp-content\/uploads\/2021\/03\/tampere-ja_helsinki__joulu-pakattu-1024x593.jpg 1024w, https:\/\/jitkonen.fi\/wp-content\/uploads\/2021\/03\/tampere-ja_helsinki__joulu-pakattu-300x174.jpg 300w, https:\/\/jitkonen.fi\/wp-content\/uploads\/2021\/03\/tampere-ja_helsinki__joulu-pakattu-768x445.jpg 768w, https:\/\/jitkonen.fi\/wp-content\/uploads\/2021\/03\/tampere-ja_helsinki__joulu-pakattu.jpg 1480w\" sizes=\"auto, (max-width: 1024px) 100vw, 1024px\" \/><\/figure>\n\n\n\n<p>Ilmastonmuutoksen mukanaan tuomia Helsingin lumettomia jouluja ei pidetty harvinaisina.<\/p>\n\n\n<div class=\"wp-block-image\">\n<figure class=\"aligncenter size-full\"><img loading=\"lazy\" decoding=\"async\" width=\"560\" height=\"883\" src=\"https:\/\/jitkonen.fi\/wp-content\/uploads\/2021\/03\/lumeton_joulu_1936_-kaisaniemi-pakattu.jpg\" alt=\"\" class=\"wp-image-1890\" srcset=\"https:\/\/jitkonen.fi\/wp-content\/uploads\/2021\/03\/lumeton_joulu_1936_-kaisaniemi-pakattu.jpg 560w, https:\/\/jitkonen.fi\/wp-content\/uploads\/2021\/03\/lumeton_joulu_1936_-kaisaniemi-pakattu-190x300.jpg 190w\" sizes=\"auto, (max-width: 560px) 100vw, 560px\" \/><\/figure><\/div>\n\n\n<p>1936 pohdittiin nopean l\u00e4mpenemisen syit\u00e4, joka n\u00e4kyy sek\u00e4 lehtikirjoituksista ett\u00e4 sen voi helposti laskea niiden s\u00e4\u00e4asemien kautta mitatuista l\u00e4mp\u00f6tiloista, jotka olivat olemassa jo 1930-luvulla, linkki:<a href=\" https:\/\/jitkonen.fi\/?p=727\"> https:\/\/jitkonen.fi\/?p=727<\/a>. N\u00e4ist\u00e4 moelmmista on tehty alla oleva kuvaaja, josta n\u00e4kee hyvin sen, ett\u00e4 1900-luvun alussa oli t\u00e4ysin vastaava nopea l\u00e4mpeneminen, joka on tapahtunut viimeisen 20 vuoden aikana. Huomiona se, ett\u00e4 vasemman puoleissa taulukossa on mukana maaliskuu, jota ei ole otettu huomioon kuvan vertailua laskettaessa.<\/p>\n\n\n\n<figure class=\"wp-block-image alignwide size-large\"><img loading=\"lazy\" decoding=\"async\" width=\"1024\" height=\"583\" src=\"https:\/\/jitkonen.fi\/wp-content\/uploads\/2020\/03\/1936-kaisaniemi_1930-luku-pakattu-1024x583.jpg\" alt=\"\" class=\"wp-image-1033\" srcset=\"https:\/\/jitkonen.fi\/wp-content\/uploads\/2020\/03\/1936-kaisaniemi_1930-luku-pakattu-1024x583.jpg 1024w, https:\/\/jitkonen.fi\/wp-content\/uploads\/2020\/03\/1936-kaisaniemi_1930-luku-pakattu-300x171.jpg 300w, https:\/\/jitkonen.fi\/wp-content\/uploads\/2020\/03\/1936-kaisaniemi_1930-luku-pakattu-768x437.jpg 768w, https:\/\/jitkonen.fi\/wp-content\/uploads\/2020\/03\/1936-kaisaniemi_1930-luku-pakattu-1200x683.jpg 1200w, https:\/\/jitkonen.fi\/wp-content\/uploads\/2020\/03\/1936-kaisaniemi_1930-luku-pakattu.jpg 1456w\" sizes=\"auto, (max-width: 1024px) 100vw, 1024px\" \/><\/figure>\n\n\n\n<p>Koska kev\u00e4\u00e4t ja syksyt olivat l\u00e4mmenneet niin paljon, jouduttiin hankkimaan v\u00e4likausien asusteita.<\/p>\n\n\n<div class=\"wp-block-image\">\n<figure class=\"aligncenter size-large\"><img loading=\"lazy\" decoding=\"async\" width=\"1024\" height=\"616\" src=\"https:\/\/jitkonen.fi\/wp-content\/uploads\/2022\/02\/talvi_1936-pakattu-1024x616.jpg\" alt=\"\" class=\"wp-image-1860\" srcset=\"https:\/\/jitkonen.fi\/wp-content\/uploads\/2022\/02\/talvi_1936-pakattu-1024x616.jpg 1024w, https:\/\/jitkonen.fi\/wp-content\/uploads\/2022\/02\/talvi_1936-pakattu-300x181.jpg 300w, https:\/\/jitkonen.fi\/wp-content\/uploads\/2022\/02\/talvi_1936-pakattu-768x462.jpg 768w, https:\/\/jitkonen.fi\/wp-content\/uploads\/2022\/02\/talvi_1936-pakattu.jpg 1299w\" sizes=\"auto, (max-width: 1024px) 100vw, 1024px\" \/><\/figure><\/div>\n\n\n<p>1936 arvuuteltiin kev\u00e4tt\u00e4 ja kes\u00e4\u00e4<\/p>\n\n\n<div class=\"wp-block-image\">\n<figure class=\"aligncenter size-full\"><img loading=\"lazy\" decoding=\"async\" width=\"350\" height=\"826\" src=\"https:\/\/jitkonen.fi\/wp-content\/uploads\/2021\/03\/1936_talvi_tulee_lauha-pakattu.jpg\" alt=\"\" class=\"wp-image-1712\" srcset=\"https:\/\/jitkonen.fi\/wp-content\/uploads\/2021\/03\/1936_talvi_tulee_lauha-pakattu.jpg 350w, https:\/\/jitkonen.fi\/wp-content\/uploads\/2021\/03\/1936_talvi_tulee_lauha-pakattu-127x300.jpg 127w\" sizes=\"auto, (max-width: 350px) 100vw, 350px\" \/><\/figure><\/div>\n\n\n<p>Arktinen alue oli sulamassa.<\/p>\n\n\n<div class=\"wp-block-image\">\n<figure class=\"aligncenter size-full\"><img loading=\"lazy\" decoding=\"async\" width=\"465\" height=\"608\" src=\"https:\/\/jitkonen.fi\/wp-content\/uploads\/2021\/11\/navat-sulavat-1936.png\" alt=\"\" class=\"wp-image-1921\" srcset=\"https:\/\/jitkonen.fi\/wp-content\/uploads\/2021\/11\/navat-sulavat-1936.png 465w, https:\/\/jitkonen.fi\/wp-content\/uploads\/2021\/11\/navat-sulavat-1936-229x300.png 229w\" sizes=\"auto, (max-width: 465px) 100vw, 465px\" \/><\/figure><\/div>\n\n\n<p>Mutta my\u00f6s j\u00e4\u00e4kauden tuloa v\u00e4l\u00e4yteltiin. Kerrottiin, ett\u00e4 S\u00f6dermalmissa on edellisen j\u00e4\u00e4kauden j\u00e4lkeen sy\u00f6ty viiniryp\u00e4leit\u00e4.<\/p>\n\n\n\n<figure class=\"wp-block-image alignfull size-large\"><img loading=\"lazy\" decoding=\"async\" width=\"1024\" height=\"660\" src=\"https:\/\/jitkonen.fi\/wp-content\/uploads\/2021\/03\/jaakausi_1936_niagara-pakattu-1024x660.jpg\" alt=\"\" class=\"wp-image-1889\" srcset=\"https:\/\/jitkonen.fi\/wp-content\/uploads\/2021\/03\/jaakausi_1936_niagara-pakattu-1024x660.jpg 1024w, https:\/\/jitkonen.fi\/wp-content\/uploads\/2021\/03\/jaakausi_1936_niagara-pakattu-300x193.jpg 300w, https:\/\/jitkonen.fi\/wp-content\/uploads\/2021\/03\/jaakausi_1936_niagara-pakattu-768x495.jpg 768w, https:\/\/jitkonen.fi\/wp-content\/uploads\/2021\/03\/jaakausi_1936_niagara-pakattu.jpg 1241w\" sizes=\"auto, (max-width: 1024px) 100vw, 1024px\" \/><\/figure>\n\n\n\n<h3 class=\"wp-block-heading\" id=\"1937\"><strong>1937<\/strong><\/h3>\n\n\n\n<p>1937 tammikuun lopussa oli Oulussa kovin lumetonta.<\/p>\n\n\n\n<figure class=\"wp-block-image size-large is-resized\"><img loading=\"lazy\" decoding=\"async\" width=\"510\" height=\"415\" src=\"https:\/\/jitkonen.fi\/wp-content\/uploads\/2020\/08\/10-Oulu-1937.png\" alt=\"\" class=\"wp-image-619\" style=\"width:637px;height:518px\" srcset=\"https:\/\/jitkonen.fi\/wp-content\/uploads\/2020\/08\/10-Oulu-1937.png 510w, https:\/\/jitkonen.fi\/wp-content\/uploads\/2020\/08\/10-Oulu-1937-300x244.png 300w\" sizes=\"auto, (max-width: 510px) 100vw, 510px\" \/><\/figure>\n\n\n\n<p>Karjanrehua kuskattiin tammikuussa veneell\u00e4.<\/p>\n\n\n<div class=\"wp-block-image\">\n<figure class=\"aligncenter size-large\"><img loading=\"lazy\" decoding=\"async\" width=\"1024\" height=\"894\" src=\"https:\/\/jitkonen.fi\/wp-content\/uploads\/2020\/03\/1937-rehua-1024x894.jpg\" alt=\"\" class=\"wp-image-885\" srcset=\"https:\/\/jitkonen.fi\/wp-content\/uploads\/2020\/03\/1937-rehua-1024x894.jpg 1024w, https:\/\/jitkonen.fi\/wp-content\/uploads\/2020\/03\/1937-rehua-300x262.jpg 300w, https:\/\/jitkonen.fi\/wp-content\/uploads\/2020\/03\/1937-rehua-768x671.jpg 768w, https:\/\/jitkonen.fi\/wp-content\/uploads\/2020\/03\/1937-rehua-1200x1048.jpg 1200w, https:\/\/jitkonen.fi\/wp-content\/uploads\/2020\/03\/1937-rehua.jpg 1359w\" sizes=\"auto, (max-width: 1024px) 100vw, 1024px\" \/><\/figure><\/div>\n\n\n<p>Talvi tuli vitkutellen 1937.<\/p>\n\n\n<div class=\"wp-block-image\">\n<figure class=\"aligncenter size-full\"><img loading=\"lazy\" decoding=\"async\" width=\"337\" height=\"796\" src=\"https:\/\/jitkonen.fi\/wp-content\/uploads\/2021\/03\/1937_talvi-pakattu.jpg\" alt=\"\" class=\"wp-image-1886\" srcset=\"https:\/\/jitkonen.fi\/wp-content\/uploads\/2021\/03\/1937_talvi-pakattu.jpg 337w, https:\/\/jitkonen.fi\/wp-content\/uploads\/2021\/03\/1937_talvi-pakattu-127x300.jpg 127w\" sizes=\"auto, (max-width: 337px) 100vw, 337px\" \/><\/figure><\/div>\n\n\n<p>1937 FMI:n johtaja totesi ilmaston muuttuneen keskieurooppalaiseksi. Toiveena oli, ett\u00e4 saamme jatkossa kulkea v\u00e4hemmiss\u00e4 vaatteissa kuin ihmiset.<\/p>\n\n\n<div class=\"wp-block-image\">\n<figure class=\"aligncenter size-large\"><img loading=\"lazy\" decoding=\"async\" width=\"507\" height=\"792\" src=\"https:\/\/jitkonen.fi\/wp-content\/uploads\/2020\/03\/ilmasto_l__mpenee_vo_pakattu-1937.jpg\" alt=\"\" class=\"wp-image-870\" srcset=\"https:\/\/jitkonen.fi\/wp-content\/uploads\/2020\/03\/ilmasto_l__mpenee_vo_pakattu-1937.jpg 507w, https:\/\/jitkonen.fi\/wp-content\/uploads\/2020\/03\/ilmasto_l__mpenee_vo_pakattu-1937-192x300.jpg 192w\" sizes=\"auto, (max-width: 507px) 100vw, 507px\" \/><\/figure><\/div>\n\n\n<p><\/p>\n\n\n\n<p>Talvet olivat nopeasti lyhentyneet kuukaudella ja omenien viljely oli 100 km pohjoisemmassa mahdollista.<\/p>\n\n\n<div class=\"wp-block-image\">\n<figure class=\"aligncenter size-large\"><img loading=\"lazy\" decoding=\"async\" width=\"673\" height=\"822\" src=\"https:\/\/jitkonen.fi\/wp-content\/uploads\/2020\/03\/ker__nen_ilmasto_l___pakattu-omenat2-1937.jpg\" alt=\"\" class=\"wp-image-875\" srcset=\"https:\/\/jitkonen.fi\/wp-content\/uploads\/2020\/03\/ker__nen_ilmasto_l___pakattu-omenat2-1937.jpg 673w, https:\/\/jitkonen.fi\/wp-content\/uploads\/2020\/03\/ker__nen_ilmasto_l___pakattu-omenat2-1937-246x300.jpg 246w\" sizes=\"auto, (max-width: 673px) 100vw, 673px\" \/><\/figure><\/div>\n\n\n<p>Matinp\u00e4iv\u00e4n ennustuksia helmikuussa 1937<\/p>\n\n\n\n<figure class=\"wp-block-image alignwide size-large\"><img loading=\"lazy\" decoding=\"async\" width=\"1024\" height=\"531\" src=\"https:\/\/jitkonen.fi\/wp-content\/uploads\/2021\/03\/matinpaiva-1937-pakattu-1024x531.png\" alt=\"\" class=\"wp-image-2746\" srcset=\"https:\/\/jitkonen.fi\/wp-content\/uploads\/2021\/03\/matinpaiva-1937-pakattu-1024x531.png 1024w, https:\/\/jitkonen.fi\/wp-content\/uploads\/2021\/03\/matinpaiva-1937-pakattu-300x155.png 300w, https:\/\/jitkonen.fi\/wp-content\/uploads\/2021\/03\/matinpaiva-1937-pakattu-768x398.png 768w, https:\/\/jitkonen.fi\/wp-content\/uploads\/2021\/03\/matinpaiva-1937-pakattu-1536x796.png 1536w, https:\/\/jitkonen.fi\/wp-content\/uploads\/2021\/03\/matinpaiva-1937-pakattu-1568x812.png 1568w, https:\/\/jitkonen.fi\/wp-content\/uploads\/2021\/03\/matinpaiva-1937-pakattu.png 1683w\" sizes=\"auto, (max-width: 1024px) 100vw, 1024px\" \/><\/figure>\n\n\n\n<p>My\u00f6s kes\u00e4 1937 l\u00e4mp\u00f6isen talven j\u00e4lkeen oli eritt\u00e4in l\u00e4mmin.<\/p>\n\n\n\n<figure class=\"wp-block-image alignwide size-large\"><img loading=\"lazy\" decoding=\"async\" width=\"816\" height=\"869\" src=\"https:\/\/jitkonen.fi\/wp-content\/uploads\/2020\/03\/uusi-helle_kesa-1937-pakattu.jpg\" alt=\"\" class=\"wp-image-1034\" srcset=\"https:\/\/jitkonen.fi\/wp-content\/uploads\/2020\/03\/uusi-helle_kesa-1937-pakattu.jpg 816w, https:\/\/jitkonen.fi\/wp-content\/uploads\/2020\/03\/uusi-helle_kesa-1937-pakattu-282x300.jpg 282w, https:\/\/jitkonen.fi\/wp-content\/uploads\/2020\/03\/uusi-helle_kesa-1937-pakattu-768x818.jpg 768w\" sizes=\"auto, (max-width: 816px) 100vw, 816px\" \/><\/figure>\n\n\n\n<p>1937 pidettiin meren pohjan muutoksia syyp\u00e4in\u00e4 tulviin ja hirmumyrskyihin.<\/p>\n\n\n\n<figure class=\"wp-block-image alignfull size-large\"><img loading=\"lazy\" decoding=\"async\" width=\"1024\" height=\"681\" src=\"https:\/\/jitkonen.fi\/wp-content\/uploads\/2021\/03\/1937_meren_pohja_1-pakattu-1024x681.jpg\" alt=\"\" class=\"wp-image-1583\" srcset=\"https:\/\/jitkonen.fi\/wp-content\/uploads\/2021\/03\/1937_meren_pohja_1-pakattu-1024x681.jpg 1024w, https:\/\/jitkonen.fi\/wp-content\/uploads\/2021\/03\/1937_meren_pohja_1-pakattu-300x200.jpg 300w, https:\/\/jitkonen.fi\/wp-content\/uploads\/2021\/03\/1937_meren_pohja_1-pakattu-768x511.jpg 768w, https:\/\/jitkonen.fi\/wp-content\/uploads\/2021\/03\/1937_meren_pohja_1-pakattu.jpg 1321w\" sizes=\"auto, (max-width: 1024px) 100vw, 1024px\" \/><\/figure>\n\n\n\n<figure class=\"wp-block-image alignfull size-large\"><img loading=\"lazy\" decoding=\"async\" width=\"1024\" height=\"642\" src=\"https:\/\/jitkonen.fi\/wp-content\/uploads\/2021\/03\/1937_meren_pohja_2-pakattu-1024x642.jpg\" alt=\"\" class=\"wp-image-1584\" srcset=\"https:\/\/jitkonen.fi\/wp-content\/uploads\/2021\/03\/1937_meren_pohja_2-pakattu-1024x642.jpg 1024w, https:\/\/jitkonen.fi\/wp-content\/uploads\/2021\/03\/1937_meren_pohja_2-pakattu-300x188.jpg 300w, https:\/\/jitkonen.fi\/wp-content\/uploads\/2021\/03\/1937_meren_pohja_2-pakattu-768x482.jpg 768w, https:\/\/jitkonen.fi\/wp-content\/uploads\/2021\/03\/1937_meren_pohja_2-pakattu.jpg 1328w\" sizes=\"auto, (max-width: 1024px) 100vw, 1024px\" \/><\/figure>\n\n\n\n<p>Kooste edellisest\u00e4<\/p>\n\n\n\n<figure class=\"wp-block-image alignwide size-large\"><img loading=\"lazy\" decoding=\"async\" width=\"1024\" height=\"581\" src=\"https:\/\/jitkonen.fi\/wp-content\/uploads\/2021\/03\/merenpohja_kooste-pakattu-1024x581.jpg\" alt=\"\" class=\"wp-image-1891\" srcset=\"https:\/\/jitkonen.fi\/wp-content\/uploads\/2021\/03\/merenpohja_kooste-pakattu-1024x581.jpg 1024w, https:\/\/jitkonen.fi\/wp-content\/uploads\/2021\/03\/merenpohja_kooste-pakattu-300x170.jpg 300w, https:\/\/jitkonen.fi\/wp-content\/uploads\/2021\/03\/merenpohja_kooste-pakattu-768x436.jpg 768w, https:\/\/jitkonen.fi\/wp-content\/uploads\/2021\/03\/merenpohja_kooste-pakattu-1536x871.jpg 1536w, https:\/\/jitkonen.fi\/wp-content\/uploads\/2021\/03\/merenpohja_kooste-pakattu.jpg 1560w\" sizes=\"auto, (max-width: 1024px) 100vw, 1024px\" \/><\/figure>\n\n\n\n<h3 class=\"wp-block-heading\" id=\"1938\"><strong>1938<\/strong><\/h3>\n\n\n\n<p>1938 FMI:n johtaja Ker\u00e4nen totesi mm. talvien l\u00e4mmenneen Lapissa 3 asteella ja Huippuvuorten ilmaston jopa 7 asteella.<\/p>\n\n\n\n<figure class=\"wp-block-image alignwide size-large\"><img loading=\"lazy\" decoding=\"async\" width=\"1024\" height=\"704\" src=\"https:\/\/jitkonen.fi\/wp-content\/uploads\/2020\/03\/1938_ker__nen_kaikki-pakattu-1024x704.jpg\" alt=\"\" class=\"wp-image-865\" srcset=\"https:\/\/jitkonen.fi\/wp-content\/uploads\/2020\/03\/1938_ker__nen_kaikki-pakattu-1024x704.jpg 1024w, https:\/\/jitkonen.fi\/wp-content\/uploads\/2020\/03\/1938_ker__nen_kaikki-pakattu-300x206.jpg 300w, https:\/\/jitkonen.fi\/wp-content\/uploads\/2020\/03\/1938_ker__nen_kaikki-pakattu-768x528.jpg 768w, https:\/\/jitkonen.fi\/wp-content\/uploads\/2020\/03\/1938_ker__nen_kaikki-pakattu-1200x825.jpg 1200w, https:\/\/jitkonen.fi\/wp-content\/uploads\/2020\/03\/1938_ker__nen_kaikki-pakattu.jpg 1220w\" sizes=\"auto, (max-width: 1024px) 100vw, 1024px\" \/><\/figure>\n\n\n\n<p>Ilmastonmuutos oli FMI:n mukaan selke\u00e4<\/p>\n\n\n\n<figure class=\"wp-block-image alignwide size-large\"><img loading=\"lazy\" decoding=\"async\" width=\"821\" height=\"884\" src=\"https:\/\/jitkonen.fi\/wp-content\/uploads\/2021\/03\/syyskuu_helle_ilmasto-keranen-1938-pakattu.jpg\" alt=\"\" class=\"wp-image-1394\" srcset=\"https:\/\/jitkonen.fi\/wp-content\/uploads\/2021\/03\/syyskuu_helle_ilmasto-keranen-1938-pakattu.jpg 821w, https:\/\/jitkonen.fi\/wp-content\/uploads\/2021\/03\/syyskuu_helle_ilmasto-keranen-1938-pakattu-279x300.jpg 279w, https:\/\/jitkonen.fi\/wp-content\/uploads\/2021\/03\/syyskuu_helle_ilmasto-keranen-1938-pakattu-768x827.jpg 768w\" sizes=\"auto, (max-width: 821px) 100vw, 821px\" \/><\/figure>\n\n\n\n<p>L\u00e4mpeneminen oli globaalia FMI:n mukaan.<\/p>\n\n\n\n<figure class=\"wp-block-image alignwide size-large\"><img loading=\"lazy\" decoding=\"async\" width=\"822\" height=\"808\" src=\"https:\/\/jitkonen.fi\/wp-content\/uploads\/2021\/03\/keranen_uusi-aurinko-uusi-1938-pakattu.jpg\" alt=\"\" class=\"wp-image-1392\" srcset=\"https:\/\/jitkonen.fi\/wp-content\/uploads\/2021\/03\/keranen_uusi-aurinko-uusi-1938-pakattu.jpg 822w, https:\/\/jitkonen.fi\/wp-content\/uploads\/2021\/03\/keranen_uusi-aurinko-uusi-1938-pakattu-300x295.jpg 300w, https:\/\/jitkonen.fi\/wp-content\/uploads\/2021\/03\/keranen_uusi-aurinko-uusi-1938-pakattu-768x755.jpg 768w\" sizes=\"auto, (max-width: 822px) 100vw, 822px\" \/><\/figure>\n\n\n\n<p>Niinp\u00e4 merilinnut alkoivat talvehtimaan arktisilla alueilla<\/p>\n\n\n<div class=\"wp-block-image\">\n<figure class=\"aligncenter size-full\"><img loading=\"lazy\" decoding=\"async\" width=\"488\" height=\"892\" src=\"https:\/\/jitkonen.fi\/wp-content\/uploads\/2021\/03\/1938_talvi_linnut-pakattu.jpg\" alt=\"\" class=\"wp-image-1887\" srcset=\"https:\/\/jitkonen.fi\/wp-content\/uploads\/2021\/03\/1938_talvi_linnut-pakattu.jpg 488w, https:\/\/jitkonen.fi\/wp-content\/uploads\/2021\/03\/1938_talvi_linnut-pakattu-164x300.jpg 164w\" sizes=\"auto, (max-width: 488px) 100vw, 488px\" \/><\/figure><\/div>\n\n\n<p>Ilmaston l\u00e4mpeni 2 asteella ja talvet lyhentyiv\u00e4t kuukaudella.<\/p>\n\n\n\n<figure class=\"wp-block-image alignwide size-large\"><img loading=\"lazy\" decoding=\"async\" width=\"1024\" height=\"596\" src=\"https:\/\/jitkonen.fi\/wp-content\/uploads\/2022\/02\/talvi_1937_1938-pakattu-1024x596.jpg\" alt=\"\" class=\"wp-image-1859\" srcset=\"https:\/\/jitkonen.fi\/wp-content\/uploads\/2022\/02\/talvi_1937_1938-pakattu-1024x596.jpg 1024w, https:\/\/jitkonen.fi\/wp-content\/uploads\/2022\/02\/talvi_1937_1938-pakattu-300x175.jpg 300w, https:\/\/jitkonen.fi\/wp-content\/uploads\/2022\/02\/talvi_1937_1938-pakattu-768x447.jpg 768w, https:\/\/jitkonen.fi\/wp-content\/uploads\/2022\/02\/talvi_1937_1938-pakattu.jpg 1462w\" sizes=\"auto, (max-width: 1024px) 100vw, 1024px\" \/><\/figure>\n\n\n\n<p><strong>Vuonna 1938 oli Sodankyl\u00e4ss\u00e4 liki musta joulu, kun lunta oli vain 2 cm.<\/strong><\/p>\n\n\n\n<figure class=\"wp-block-image alignwide size-large\"><img loading=\"lazy\" decoding=\"async\" width=\"1024\" height=\"677\" src=\"https:\/\/jitkonen.fi\/wp-content\/uploads\/2021\/03\/1938-sodankyla-lumi-1024x677.png\" alt=\"\" class=\"wp-image-1235\" srcset=\"https:\/\/jitkonen.fi\/wp-content\/uploads\/2021\/03\/1938-sodankyla-lumi-1024x677.png 1024w, https:\/\/jitkonen.fi\/wp-content\/uploads\/2021\/03\/1938-sodankyla-lumi-300x198.png 300w, https:\/\/jitkonen.fi\/wp-content\/uploads\/2021\/03\/1938-sodankyla-lumi-768x508.png 768w, https:\/\/jitkonen.fi\/wp-content\/uploads\/2021\/03\/1938-sodankyla-lumi.png 1227w\" sizes=\"auto, (max-width: 1024px) 100vw, 1024px\" \/><\/figure>\n\n\n\n<p>L\u00e4tk\u00e4mailaa on Sodankyl\u00e4ss\u00e4k\u00e4\u00e4n vaikea n\u00e4hd\u00e4 rehellisin silmin katsottuna.<\/p>\n\n\n\n<figure class=\"wp-block-image alignwide size-large\"><img loading=\"lazy\" decoding=\"async\" width=\"1024\" height=\"575\" src=\"https:\/\/jitkonen.fi\/wp-content\/uploads\/2021\/03\/1938_keranen_sodankyla-pakattu-1024x575.jpg\" alt=\"\" class=\"wp-image-1927\" srcset=\"https:\/\/jitkonen.fi\/wp-content\/uploads\/2021\/03\/1938_keranen_sodankyla-pakattu-1024x575.jpg 1024w, https:\/\/jitkonen.fi\/wp-content\/uploads\/2021\/03\/1938_keranen_sodankyla-pakattu-300x168.jpg 300w, https:\/\/jitkonen.fi\/wp-content\/uploads\/2021\/03\/1938_keranen_sodankyla-pakattu-768x431.jpg 768w, https:\/\/jitkonen.fi\/wp-content\/uploads\/2021\/03\/1938_keranen_sodankyla-pakattu.jpg 1453w\" sizes=\"auto, (max-width: 1024px) 100vw, 1024px\" \/><\/figure>\n\n\n\n<p>Andreen retkikunnan j\u00e4\u00e4nn\u00f6kset tulivat esille ikij\u00e4\u00e4st\u00e4 ja sit\u00e4 pohdittiin, kuinka pysyv\u00e4 l\u00e4mmin ilmastonmuutos on.<\/p>\n\n\n\n<figure class=\"wp-block-image alignwide size-large\"><img loading=\"lazy\" decoding=\"async\" width=\"793\" height=\"820\" src=\"https:\/\/jitkonen.fi\/wp-content\/uploads\/2020\/03\/1938_talvi_jurva_kok_pakattu.jpg\" alt=\"\" class=\"wp-image-866\" srcset=\"https:\/\/jitkonen.fi\/wp-content\/uploads\/2020\/03\/1938_talvi_jurva_kok_pakattu.jpg 793w, https:\/\/jitkonen.fi\/wp-content\/uploads\/2020\/03\/1938_talvi_jurva_kok_pakattu-290x300.jpg 290w, https:\/\/jitkonen.fi\/wp-content\/uploads\/2020\/03\/1938_talvi_jurva_kok_pakattu-768x794.jpg 768w\" sizes=\"auto, (max-width: 793px) 100vw, 793px\" \/><\/figure>\n\n\n\n<p><\/p>\n\n\n\n<p>L\u00e4mp\u00f6enn\u00e4tyksist\u00e4 uutisoitiin ihan kuten 2000-luvullakin ja pohdittiin koska appelsiineja kasvatetaan Suomessa. Merenkulkulaitos oli sent\u00e4\u00e4n tolkuissaan ja luoasi, ett\u00e4 tulee niit\u00e4 oikeitakin talvia viel\u00e4<\/p>\n\n\n\n<figure class=\"wp-block-image alignwide size-large\"><img loading=\"lazy\" decoding=\"async\" width=\"908\" height=\"792\" src=\"https:\/\/jitkonen.fi\/wp-content\/uploads\/2020\/03\/ilmasto_l__mpenee_1938_pakattu.jpg\" alt=\"\" class=\"wp-image-869\" srcset=\"https:\/\/jitkonen.fi\/wp-content\/uploads\/2020\/03\/ilmasto_l__mpenee_1938_pakattu.jpg 908w, https:\/\/jitkonen.fi\/wp-content\/uploads\/2020\/03\/ilmasto_l__mpenee_1938_pakattu-300x262.jpg 300w, https:\/\/jitkonen.fi\/wp-content\/uploads\/2020\/03\/ilmasto_l__mpenee_1938_pakattu-768x670.jpg 768w\" sizes=\"auto, (max-width: 908px) 100vw, 908px\" \/><\/figure>\n\n\n\n<p><\/p>\n\n\n\n<p>Puiden kasvun syklisyytt\u00e4 ja kasvua yleens\u00e4 ei pidetty h\u00f6mpp\u00e4n\u00e4, kuten FMI Laaksonen 2020 pit\u00e4\u00e4. Tri Ker\u00e4nen \/ FMI siit\u00e4 raportoi 1938.<\/p>\n\n\n\n<figure class=\"wp-block-image size-large is-resized\"><img loading=\"lazy\" decoding=\"async\" width=\"397\" height=\"863\" src=\"https:\/\/jitkonen.fi\/wp-content\/uploads\/2020\/03\/ker__nen_puut-1938pakattu.jpg\" alt=\"\" class=\"wp-image-876\" style=\"width:604px;height:1313px\" srcset=\"https:\/\/jitkonen.fi\/wp-content\/uploads\/2020\/03\/ker__nen_puut-1938pakattu.jpg 397w, https:\/\/jitkonen.fi\/wp-content\/uploads\/2020\/03\/ker__nen_puut-1938pakattu-138x300.jpg 138w\" sizes=\"auto, (max-width: 397px) 100vw, 397px\" \/><\/figure>\n\n\n\n<p>Puiden kasvusta oli laajempikin kirjoitus vuonna 1938.<\/p>\n\n\n\n<figure class=\"wp-block-image alignwide size-large\"><img loading=\"lazy\" decoding=\"async\" width=\"1024\" height=\"569\" src=\"https:\/\/jitkonen.fi\/wp-content\/uploads\/2021\/03\/metsa-1938-kasvu-luontokato-pakattu-1024x569.jpg\" alt=\"\" class=\"wp-image-2581\" srcset=\"https:\/\/jitkonen.fi\/wp-content\/uploads\/2021\/03\/metsa-1938-kasvu-luontokato-pakattu-1024x569.jpg 1024w, https:\/\/jitkonen.fi\/wp-content\/uploads\/2021\/03\/metsa-1938-kasvu-luontokato-pakattu-300x167.jpg 300w, https:\/\/jitkonen.fi\/wp-content\/uploads\/2021\/03\/metsa-1938-kasvu-luontokato-pakattu-768x427.jpg 768w, https:\/\/jitkonen.fi\/wp-content\/uploads\/2021\/03\/metsa-1938-kasvu-luontokato-pakattu.jpg 1505w\" sizes=\"auto, (max-width: 1024px) 100vw, 1024px\" \/><\/figure>\n\n\n\n<p>Eri paikkakuntien ilmaston l\u00e4mpenemisest\u00e4 uustisoitiin.<\/p>\n\n\n\n<figure class=\"wp-block-image alignwide size-large\"><img loading=\"lazy\" decoding=\"async\" width=\"687\" height=\"832\" src=\"https:\/\/jitkonen.fi\/wp-content\/uploads\/2020\/03\/1938_ilmasto_l__mpen-pakattu.jpg\" alt=\"\" class=\"wp-image-864\" srcset=\"https:\/\/jitkonen.fi\/wp-content\/uploads\/2020\/03\/1938_ilmasto_l__mpen-pakattu.jpg 687w, https:\/\/jitkonen.fi\/wp-content\/uploads\/2020\/03\/1938_ilmasto_l__mpen-pakattu-248x300.jpg 248w\" sizes=\"auto, (max-width: 687px) 100vw, 687px\" \/><\/figure>\n\n\n\n<p>Oli suru puserossa sen suhteen, ettei saada talviolympialaisia Suomeen, vaan joudutaan kiipeilem\u00e4\u00e4n apinaleip\u00e4puissa.<\/p>\n\n\n\n<figure class=\"wp-block-image alignwide size-large\"><img loading=\"lazy\" decoding=\"async\" width=\"1024\" height=\"515\" src=\"https:\/\/jitkonen.fi\/wp-content\/uploads\/2021\/03\/jaakarhut-ilmasto-olympialaiset-apinaleipapuu-kooste-pakattu-1024x515.png\" alt=\"\" class=\"wp-image-2756\" srcset=\"https:\/\/jitkonen.fi\/wp-content\/uploads\/2021\/03\/jaakarhut-ilmasto-olympialaiset-apinaleipapuu-kooste-pakattu-1024x515.png 1024w, https:\/\/jitkonen.fi\/wp-content\/uploads\/2021\/03\/jaakarhut-ilmasto-olympialaiset-apinaleipapuu-kooste-pakattu-300x151.png 300w, https:\/\/jitkonen.fi\/wp-content\/uploads\/2021\/03\/jaakarhut-ilmasto-olympialaiset-apinaleipapuu-kooste-pakattu-768x387.png 768w, https:\/\/jitkonen.fi\/wp-content\/uploads\/2021\/03\/jaakarhut-ilmasto-olympialaiset-apinaleipapuu-kooste-pakattu-1536x773.png 1536w, https:\/\/jitkonen.fi\/wp-content\/uploads\/2021\/03\/jaakarhut-ilmasto-olympialaiset-apinaleipapuu-kooste-pakattu-1568x789.png 1568w, https:\/\/jitkonen.fi\/wp-content\/uploads\/2021\/03\/jaakarhut-ilmasto-olympialaiset-apinaleipapuu-kooste-pakattu.png 1768w\" sizes=\"auto, (max-width: 1024px) 100vw, 1024px\" \/><\/figure>\n\n\n\n<p>Ilmaston l\u00e4mpenemisen syiden miettiminen oli haastavampaa 1938, kun ihmist\u00e4 ei viel\u00e4 osattu sanoa syyp\u00e4\u00e4ksi siihen. Pohdittiin Golfvirtaa, aurinkoa ja kuuta. Voi kuinka lokoisat p\u00e4iv\u00e4t nykyisell\u00e4 ilmatieteell\u00e4 on, kun ei moisia asioita tarvitse pohtia.<\/p>\n\n\n\n<figure class=\"wp-block-image alignwide size-large\"><img loading=\"lazy\" decoding=\"async\" width=\"1024\" height=\"400\" src=\"https:\/\/jitkonen.fi\/wp-content\/uploads\/2020\/03\/aurinko_kuu_ker__nen_pakattu-1938-1024x400.jpg\" alt=\"\" class=\"wp-image-867\" srcset=\"https:\/\/jitkonen.fi\/wp-content\/uploads\/2020\/03\/aurinko_kuu_ker__nen_pakattu-1938-1024x400.jpg 1024w, https:\/\/jitkonen.fi\/wp-content\/uploads\/2020\/03\/aurinko_kuu_ker__nen_pakattu-1938-300x117.jpg 300w, https:\/\/jitkonen.fi\/wp-content\/uploads\/2020\/03\/aurinko_kuu_ker__nen_pakattu-1938-768x300.jpg 768w, https:\/\/jitkonen.fi\/wp-content\/uploads\/2020\/03\/aurinko_kuu_ker__nen_pakattu-1938-1536x599.jpg 1536w, https:\/\/jitkonen.fi\/wp-content\/uploads\/2020\/03\/aurinko_kuu_ker__nen_pakattu-1938-1200x468.jpg 1200w, https:\/\/jitkonen.fi\/wp-content\/uploads\/2020\/03\/aurinko_kuu_ker__nen_pakattu-1938.jpg 1763w\" sizes=\"auto, (max-width: 1024px) 100vw, 1024px\" \/><\/figure>\n\n\n\n<p>Ilmastonmuutoksen syit\u00e4 pohdittiin. Golfvirta vai auringonpilkut? Ihmist\u00e4 ei viel\u00e4 silloin osattu syyllist\u00e4\u00e4.<\/p>\n\n\n\n<figure class=\"wp-block-image size-full\"><img loading=\"lazy\" decoding=\"async\" width=\"612\" height=\"618\" src=\"https:\/\/jitkonen.fi\/wp-content\/uploads\/2021\/03\/1938_aurinko_vai_pilkut-leike-pakattu.jpg\" alt=\"\" class=\"wp-image-1888\" srcset=\"https:\/\/jitkonen.fi\/wp-content\/uploads\/2021\/03\/1938_aurinko_vai_pilkut-leike-pakattu.jpg 612w, https:\/\/jitkonen.fi\/wp-content\/uploads\/2021\/03\/1938_aurinko_vai_pilkut-leike-pakattu-297x300.jpg 297w, https:\/\/jitkonen.fi\/wp-content\/uploads\/2021\/03\/1938_aurinko_vai_pilkut-leike-pakattu-150x150.jpg 150w\" sizes=\"auto, (max-width: 612px) 100vw, 612px\" \/><\/figure>\n\n\n\n<p>Taisi se sataa 1930-luvullakin jonkin verran. Nykyisin n\u00e4m\u00e4 tulvat johtuvat kuvitellusta ilmastonmuutoksesta. Ennen ne olivat normaalia suomalaista s\u00e4\u00e4t\u00e4.<\/p>\n\n\n\n<figure class=\"wp-block-image size-large\"><img loading=\"lazy\" decoding=\"async\" width=\"974\" height=\"810\" src=\"https:\/\/jitkonen.fi\/wp-content\/uploads\/2020\/08\/11-tulva_helsinki3.jpg\" alt=\"\" class=\"wp-image-620\" srcset=\"https:\/\/jitkonen.fi\/wp-content\/uploads\/2020\/08\/11-tulva_helsinki3.jpg 974w, https:\/\/jitkonen.fi\/wp-content\/uploads\/2020\/08\/11-tulva_helsinki3-300x249.jpg 300w, https:\/\/jitkonen.fi\/wp-content\/uploads\/2020\/08\/11-tulva_helsinki3-768x639.jpg 768w\" sizes=\"auto, (max-width: 974px) 100vw, 974px\" \/><\/figure>\n\n\n\n<h3 class=\"wp-block-heading\" id=\"1939\"><strong>1939<\/strong><\/h3>\n\n\n\n<p>FMI:n johtaja Ker\u00e4nen totesi, ett\u00e4 Helsingin ilmat ovat lauhtuneet 2,5 asteella. Ksymykseen, ett\u00e4 jatkuuko ilmaston l\u00e4mpeneminen yh\u00e4, Ker\u00e4nen sanoi, ettei sit\u00e4 kukaan voi tiet\u00e4\u00e4. Kovin ovat siin\u00e4 suhteessa ajat muuttuneet, kun on l\u00e4tk\u00e4mailaporukat astuneet remmiin. Banaaneja ei ehk\u00e4 saada kuitenkaan viljelty\u00e4, kuin vasta nyt 2020-luvulla, jos nykyist\u00e4 FMI:t\u00e4 uskoo.<\/p>\n\n\n\n<figure class=\"wp-block-image alignwide size-large\"><img loading=\"lazy\" decoding=\"async\" width=\"1024\" height=\"882\" src=\"https:\/\/jitkonen.fi\/wp-content\/uploads\/2020\/03\/ker__nen_ilmasto_l___pakattu-1939-banaanit-1024x882.jpg\" alt=\"\" class=\"wp-image-874\" srcset=\"https:\/\/jitkonen.fi\/wp-content\/uploads\/2020\/03\/ker__nen_ilmasto_l___pakattu-1939-banaanit-1024x882.jpg 1024w, https:\/\/jitkonen.fi\/wp-content\/uploads\/2020\/03\/ker__nen_ilmasto_l___pakattu-1939-banaanit-300x258.jpg 300w, https:\/\/jitkonen.fi\/wp-content\/uploads\/2020\/03\/ker__nen_ilmasto_l___pakattu-1939-banaanit-768x661.jpg 768w, https:\/\/jitkonen.fi\/wp-content\/uploads\/2020\/03\/ker__nen_ilmasto_l___pakattu-1939-banaanit.jpg 1100w\" sizes=\"auto, (max-width: 1024px) 100vw, 1024px\" \/><\/figure>\n\n\n\n<p>Riekot ja Siperian ikirouta vet\u00e4ytyi pohjoiseen ja vehn\u00e4\u00e4 viljeltiin Lapissa.<\/p>\n\n\n\n<figure class=\"wp-block-image size-full\"><img loading=\"lazy\" decoding=\"async\" width=\"597\" height=\"818\" src=\"https:\/\/jitkonen.fi\/wp-content\/uploads\/2022\/01\/1939_vehn___riekko_s_mYvap.jpg\" alt=\"\" class=\"wp-image-1865\" srcset=\"https:\/\/jitkonen.fi\/wp-content\/uploads\/2022\/01\/1939_vehn___riekko_s_mYvap.jpg 597w, https:\/\/jitkonen.fi\/wp-content\/uploads\/2022\/01\/1939_vehn___riekko_s_mYvap-219x300.jpg 219w\" sizes=\"auto, (max-width: 597px) 100vw, 597px\" \/><\/figure>\n\n\n\n<p>Kalat ja linnut ikiroudan ohella siirtyiv\u00e4t kohti pohjoista.<\/p>\n\n\n\n<figure class=\"wp-block-image alignwide size-large\"><img loading=\"lazy\" decoding=\"async\" width=\"1024\" height=\"469\" src=\"https:\/\/jitkonen.fi\/wp-content\/uploads\/2021\/11\/1939_1912_ikirouta_keranen-kooste-navat-pakattu-1024x469.jpg\" alt=\"\" class=\"wp-image-1923\" srcset=\"https:\/\/jitkonen.fi\/wp-content\/uploads\/2021\/11\/1939_1912_ikirouta_keranen-kooste-navat-pakattu-1024x469.jpg 1024w, https:\/\/jitkonen.fi\/wp-content\/uploads\/2021\/11\/1939_1912_ikirouta_keranen-kooste-navat-pakattu-300x138.jpg 300w, https:\/\/jitkonen.fi\/wp-content\/uploads\/2021\/11\/1939_1912_ikirouta_keranen-kooste-navat-pakattu-768x352.jpg 768w, https:\/\/jitkonen.fi\/wp-content\/uploads\/2021\/11\/1939_1912_ikirouta_keranen-kooste-navat-pakattu-1536x704.jpg 1536w, https:\/\/jitkonen.fi\/wp-content\/uploads\/2021\/11\/1939_1912_ikirouta_keranen-kooste-navat-pakattu-1568x719.jpg 1568w, https:\/\/jitkonen.fi\/wp-content\/uploads\/2021\/11\/1939_1912_ikirouta_keranen-kooste-navat-pakattu.jpg 1789w\" sizes=\"auto, (max-width: 1024px) 100vw, 1024px\" \/><\/figure>\n\n\n\n<p>Petsamosta uusi Riviera?<\/p>\n\n\n\n<figure class=\"wp-block-image alignwide size-large\"><img loading=\"lazy\" decoding=\"async\" width=\"1024\" height=\"558\" src=\"https:\/\/jitkonen.fi\/wp-content\/uploads\/2021\/03\/1938-petsamo-riviera-keranen-1024x558.jpg\" alt=\"\" class=\"wp-image-2585\" srcset=\"https:\/\/jitkonen.fi\/wp-content\/uploads\/2021\/03\/1938-petsamo-riviera-keranen-1024x558.jpg 1024w, https:\/\/jitkonen.fi\/wp-content\/uploads\/2021\/03\/1938-petsamo-riviera-keranen-300x164.jpg 300w, https:\/\/jitkonen.fi\/wp-content\/uploads\/2021\/03\/1938-petsamo-riviera-keranen-768x419.jpg 768w, https:\/\/jitkonen.fi\/wp-content\/uploads\/2021\/03\/1938-petsamo-riviera-keranen.jpg 1478w\" sizes=\"auto, (max-width: 1024px) 100vw, 1024px\" \/><\/figure>\n\n\n\n<p>1939 talven s\u00e4\u00e4 sahasi kovasti.<\/p>\n\n\n<div class=\"wp-block-image\">\n<figure class=\"aligncenter size-full\"><img loading=\"lazy\" decoding=\"async\" width=\"571\" height=\"812\" src=\"https:\/\/jitkonen.fi\/wp-content\/uploads\/2021\/11\/1939-vaasa-helmikuu-nopea-saa-muutos.png\" alt=\"\" class=\"wp-image-1924\" srcset=\"https:\/\/jitkonen.fi\/wp-content\/uploads\/2021\/11\/1939-vaasa-helmikuu-nopea-saa-muutos.png 571w, https:\/\/jitkonen.fi\/wp-content\/uploads\/2021\/11\/1939-vaasa-helmikuu-nopea-saa-muutos-211x300.png 211w\" sizes=\"auto, (max-width: 571px) 100vw, 571px\" \/><\/figure><\/div>\n\n\n<p>Suomessa on <strong>ilmastotiede tehnyt ilmastotutkimusta<\/strong> monesta eri l\u00e4hteest\u00e4 (lustot, neulaste, suossa oleva siitep\u00f6ly, sedimentit) ja tehnut niist\u00e4 ilmastotieteellisen l\u00e4mp\u00f6tilakuvaajan (yl\u00e4kuva). Edell\u00e4 olevien lehtileikkeiden mukaan <strong>Suomen ilmatiede oli viel\u00e4 1930-luvulla t\u00e4ysin samoilla linjoilla ilmastotieteellisten tutkimusten kanssa<\/strong>.<\/p>\n\n\n\n<figure class=\"wp-block-image alignfull size-large\"><img loading=\"lazy\" decoding=\"async\" width=\"1024\" height=\"519\" src=\"https:\/\/jitkonen.fi\/wp-content\/uploads\/2021\/11\/mielikainen_lustot__keranen-pakattu-1024x519.jpg\" alt=\"\" class=\"wp-image-1875\" srcset=\"https:\/\/jitkonen.fi\/wp-content\/uploads\/2021\/11\/mielikainen_lustot__keranen-pakattu-1024x519.jpg 1024w, https:\/\/jitkonen.fi\/wp-content\/uploads\/2021\/11\/mielikainen_lustot__keranen-pakattu-300x152.jpg 300w, https:\/\/jitkonen.fi\/wp-content\/uploads\/2021\/11\/mielikainen_lustot__keranen-pakattu-768x389.jpg 768w, https:\/\/jitkonen.fi\/wp-content\/uploads\/2021\/11\/mielikainen_lustot__keranen-pakattu-1536x778.jpg 1536w, https:\/\/jitkonen.fi\/wp-content\/uploads\/2021\/11\/mielikainen_lustot__keranen-pakattu-1568x795.jpg 1568w, https:\/\/jitkonen.fi\/wp-content\/uploads\/2021\/11\/mielikainen_lustot__keranen-pakattu.jpg 1620w\" sizes=\"auto, (max-width: 1024px) 100vw, 1024px\" \/><\/figure>\n\n\n\n<h3 class=\"wp-block-heading alignwide\"><strong>Pari koostetta vuosisadan alusta<\/strong><\/h3>\n\n\n\n<p>Kuumaa, kuivaa ja lauhoja talvia maapallolla<\/p>\n\n\n\n<figure class=\"wp-block-image alignwide size-large\"><img loading=\"lazy\" decoding=\"async\" width=\"1024\" height=\"488\" src=\"https:\/\/jitkonen.fi\/wp-content\/uploads\/2021\/03\/kuumaa-kylmaa-helle-keranen-kooste-usa-1024x488.jpg\" alt=\"\" class=\"wp-image-2682\" srcset=\"https:\/\/jitkonen.fi\/wp-content\/uploads\/2021\/03\/kuumaa-kylmaa-helle-keranen-kooste-usa-1024x488.jpg 1024w, https:\/\/jitkonen.fi\/wp-content\/uploads\/2021\/03\/kuumaa-kylmaa-helle-keranen-kooste-usa-300x143.jpg 300w, https:\/\/jitkonen.fi\/wp-content\/uploads\/2021\/03\/kuumaa-kylmaa-helle-keranen-kooste-usa-768x366.jpg 768w, https:\/\/jitkonen.fi\/wp-content\/uploads\/2021\/03\/kuumaa-kylmaa-helle-keranen-kooste-usa-1536x733.jpg 1536w, https:\/\/jitkonen.fi\/wp-content\/uploads\/2021\/03\/kuumaa-kylmaa-helle-keranen-kooste-usa-1568x748.jpg 1568w, https:\/\/jitkonen.fi\/wp-content\/uploads\/2021\/03\/kuumaa-kylmaa-helle-keranen-kooste-usa.jpg 1820w\" sizes=\"auto, (max-width: 1024px) 100vw, 1024px\" \/><\/figure>\n\n\n\n<figure class=\"wp-block-image alignwide size-large\"><img loading=\"lazy\" decoding=\"async\" width=\"1024\" height=\"520\" src=\"https:\/\/jitkonen.fi\/wp-content\/uploads\/2021\/03\/usa-helle-kooste-uusi-pakattu-1-1024x520.jpg\" alt=\"\" class=\"wp-image-2683\" srcset=\"https:\/\/jitkonen.fi\/wp-content\/uploads\/2021\/03\/usa-helle-kooste-uusi-pakattu-1-1024x520.jpg 1024w, https:\/\/jitkonen.fi\/wp-content\/uploads\/2021\/03\/usa-helle-kooste-uusi-pakattu-1-300x152.jpg 300w, https:\/\/jitkonen.fi\/wp-content\/uploads\/2021\/03\/usa-helle-kooste-uusi-pakattu-1-768x390.jpg 768w, https:\/\/jitkonen.fi\/wp-content\/uploads\/2021\/03\/usa-helle-kooste-uusi-pakattu-1-1536x780.jpg 1536w, https:\/\/jitkonen.fi\/wp-content\/uploads\/2021\/03\/usa-helle-kooste-uusi-pakattu-1-1568x796.jpg 1568w, https:\/\/jitkonen.fi\/wp-content\/uploads\/2021\/03\/usa-helle-kooste-uusi-pakattu-1.jpg 1755w\" sizes=\"auto, (max-width: 1024px) 100vw, 1024px\" \/><\/figure>\n\n\n\n<h2 class=\"wp-block-heading alignwide\" id=\"1940-luku\"><strong>1940-luku<\/strong><\/h2>\n\n\n\n<h3 class=\"wp-block-heading\" id=\"1940\"><strong>1940<\/strong><\/h3>\n\n\n\n<p> L\u00e4mmin 1930-luku p\u00e4\u00e4ttyi talvisodan pakkasiin 1940 ja ankaria talvia oli kolme per\u00e4kk\u00e4in. Kuvassa tri Risto Jurva pohtii voisiko Europpaa ja Amerikkaa my\u00f6ten levinnyt kova ja ankara talvi 1940 toistua.<\/p>\n\n\n\n<figure class=\"wp-block-image alignwide size-large\"><img loading=\"lazy\" decoding=\"async\" width=\"1024\" height=\"616\" src=\"https:\/\/jitkonen.fi\/wp-content\/uploads\/2020\/03\/1940-jurva_talvi-pakattu-1024x616.jpg\" alt=\"\" class=\"wp-image-1036\" srcset=\"https:\/\/jitkonen.fi\/wp-content\/uploads\/2020\/03\/1940-jurva_talvi-pakattu-1024x616.jpg 1024w, https:\/\/jitkonen.fi\/wp-content\/uploads\/2020\/03\/1940-jurva_talvi-pakattu-300x181.jpg 300w, https:\/\/jitkonen.fi\/wp-content\/uploads\/2020\/03\/1940-jurva_talvi-pakattu-768x462.jpg 768w, https:\/\/jitkonen.fi\/wp-content\/uploads\/2020\/03\/1940-jurva_talvi-pakattu-1200x722.jpg 1200w, https:\/\/jitkonen.fi\/wp-content\/uploads\/2020\/03\/1940-jurva_talvi-pakattu.jpg 1344w\" sizes=\"auto, (max-width: 1024px) 100vw, 1024px\" \/><\/figure>\n\n\n\n<p><\/p>\n\n\n\n<h3 class=\"wp-block-heading\" id=\"1943\"><strong>1943<\/strong><\/h3>\n\n\n\n<p>Suomessa oli kolme kovaa talvea 1940-1943. Vuonna 1943 oli j\u00e4lleen leuto, ns. valtamerellinen talvi, jolloin Helsingin Ilmalassa tehtiin 28.2.1943 helmikuiden kaikkien aikojen l\u00e4mp\u00f6enn\u00e4tys 11,8 C-astetta.<\/p>\n\n\n\n<figure class=\"wp-block-image alignwide size-large\"><img loading=\"lazy\" decoding=\"async\" width=\"936\" height=\"902\" src=\"https:\/\/jitkonen.fi\/wp-content\/uploads\/2020\/03\/1943-lauha_talvi-pakattu.jpg\" alt=\"\" class=\"wp-image-1037\" srcset=\"https:\/\/jitkonen.fi\/wp-content\/uploads\/2020\/03\/1943-lauha_talvi-pakattu.jpg 936w, https:\/\/jitkonen.fi\/wp-content\/uploads\/2020\/03\/1943-lauha_talvi-pakattu-300x289.jpg 300w, https:\/\/jitkonen.fi\/wp-content\/uploads\/2020\/03\/1943-lauha_talvi-pakattu-768x740.jpg 768w\" sizes=\"auto, (max-width: 936px) 100vw, 936px\" \/><\/figure>\n\n\n\n<h3 class=\"wp-block-heading\" id=\"1944\"><strong>1944<\/strong><\/h3>\n\n\n\n<p> 1944 oltiin vedetty sellainen johtop\u00e4\u00e4t\u00f6s, ett\u00e4 lauhan talven j\u00e4lkeen tulee hyv\u00e4 sato.<br><\/p>\n\n\n\n<figure class=\"wp-block-image alignwide size-large\"><img loading=\"lazy\" decoding=\"async\" width=\"1024\" height=\"450\" src=\"https:\/\/jitkonen.fi\/wp-content\/uploads\/2020\/08\/15-1944_kuin_2020_sato-1024x450.jpg\" alt=\"\" class=\"wp-image-624\" srcset=\"https:\/\/jitkonen.fi\/wp-content\/uploads\/2020\/08\/15-1944_kuin_2020_sato-1024x450.jpg 1024w, https:\/\/jitkonen.fi\/wp-content\/uploads\/2020\/08\/15-1944_kuin_2020_sato-300x132.jpg 300w, https:\/\/jitkonen.fi\/wp-content\/uploads\/2020\/08\/15-1944_kuin_2020_sato-768x337.jpg 768w, https:\/\/jitkonen.fi\/wp-content\/uploads\/2020\/08\/15-1944_kuin_2020_sato-1536x675.jpg 1536w, https:\/\/jitkonen.fi\/wp-content\/uploads\/2020\/08\/15-1944_kuin_2020_sato-1200x527.jpg 1200w, https:\/\/jitkonen.fi\/wp-content\/uploads\/2020\/08\/15-1944_kuin_2020_sato.jpg 1582w\" sizes=\"auto, (max-width: 1024px) 100vw, 1024px\" \/><\/figure>\n\n\n\n<p><\/p>\n\n\n\n<p>Pienest\u00e4 j\u00e4\u00e4kaudesta palautuminen, tai niin kuin FMI Laaksonen ivallisesti twitteriss\u00e4 puhui toipumisesta, kun ilmatiede ei taida ymm\u00e4rt\u00e4\u00e4 t\u00e4t\u00e4 palautumisasiaa, niin palautuminen j\u00e4\u00e4kaudesta huipentui tosiaan 1940-luvulle tultaessa. Se n\u00e4kyy hyvin t\u00e4ss\u00e4 lehtileikkeess\u00e4 sen suhteen kuinka pahat katovuodet ovat vuosisatojen saatossa v\u00e4hentyneet. Ihmiskunta el\u00e4\u00e4 siis eritt\u00e4in hyvi\u00e4 aikoja 1900-luvulla jopa niin, ett\u00e4 sen populaation kasvu on 150 vuodessa nousemassa 1 miljardista 10 miljardiin vuoden 2050 paikkeilla.<\/p>\n\n\n\n<figure class=\"wp-block-image size-large is-resized\"><img loading=\"lazy\" decoding=\"async\" width=\"426\" height=\"444\" src=\"https:\/\/jitkonen.fi\/wp-content\/uploads\/2020\/12\/Katovuodet-1944tilastoa.png\" alt=\"\" class=\"wp-image-892\" style=\"width:627px;height:653px\" srcset=\"https:\/\/jitkonen.fi\/wp-content\/uploads\/2020\/12\/Katovuodet-1944tilastoa.png 426w, https:\/\/jitkonen.fi\/wp-content\/uploads\/2020\/12\/Katovuodet-1944tilastoa-288x300.png 288w\" sizes=\"auto, (max-width: 426px) 100vw, 426px\" \/><\/figure>\n\n\n\n<p>1944 esitettiin sellainen teoria, ett\u00e4 Golfvirta pys\u00e4htyi 1940 aikoihin siksi, ett\u00e4 se tuli liian l\u00e4mpim\u00e4ksi ja siksi tukehtui. Teoria ei varmaankaan kest\u00e4 tieteellist\u00e4 tarkastelua, mutta vastaava yhteensattuma n\u00e4ytt\u00e4isi tapahtuneen vuonna 2021 l\u00e4mp\u00f6isten 2000- ja 2010-lukujen j\u00e4lkeen.<\/p>\n\n\n\n<figure class=\"wp-block-image alignwide size-large\"><img loading=\"lazy\" decoding=\"async\" width=\"1024\" height=\"534\" src=\"https:\/\/jitkonen.fi\/wp-content\/uploads\/2020\/03\/1944-golf_virta_teoria-pakattu-1024x534.jpg\" alt=\"\" class=\"wp-image-1040\" srcset=\"https:\/\/jitkonen.fi\/wp-content\/uploads\/2020\/03\/1944-golf_virta_teoria-pakattu-1024x534.jpg 1024w, https:\/\/jitkonen.fi\/wp-content\/uploads\/2020\/03\/1944-golf_virta_teoria-pakattu-300x157.jpg 300w, https:\/\/jitkonen.fi\/wp-content\/uploads\/2020\/03\/1944-golf_virta_teoria-pakattu-768x401.jpg 768w, https:\/\/jitkonen.fi\/wp-content\/uploads\/2020\/03\/1944-golf_virta_teoria-pakattu-1536x802.jpg 1536w, https:\/\/jitkonen.fi\/wp-content\/uploads\/2020\/03\/1944-golf_virta_teoria-pakattu-1200x626.jpg 1200w, https:\/\/jitkonen.fi\/wp-content\/uploads\/2020\/03\/1944-golf_virta_teoria-pakattu.jpg 1556w\" sizes=\"auto, (max-width: 1024px) 100vw, 1024px\" \/><\/figure>\n\n\n\n<h3 class=\"wp-block-heading\" id=\"1949\"><strong>1949<\/strong><\/h3>\n\n\n\n<p>T\u00e4mm\u00f6inen p\u00e4iv\u00e4kirjahavainto helmikuussa 1949<\/p>\n\n\n\n<figure class=\"wp-block-image size-large is-resized\"><img loading=\"lazy\" decoding=\"async\" width=\"1024\" height=\"768\" src=\"https:\/\/jitkonen.fi\/wp-content\/uploads\/2020\/08\/16-1949_p__iv__kirja-1024x768.jpg\" alt=\"\" class=\"wp-image-625\" style=\"width:602px;height:451px\" srcset=\"https:\/\/jitkonen.fi\/wp-content\/uploads\/2020\/08\/16-1949_p__iv__kirja-1024x768.jpg 1024w, https:\/\/jitkonen.fi\/wp-content\/uploads\/2020\/08\/16-1949_p__iv__kirja-300x225.jpg 300w, https:\/\/jitkonen.fi\/wp-content\/uploads\/2020\/08\/16-1949_p__iv__kirja-768x576.jpg 768w, https:\/\/jitkonen.fi\/wp-content\/uploads\/2020\/08\/16-1949_p__iv__kirja-1536x1152.jpg 1536w, https:\/\/jitkonen.fi\/wp-content\/uploads\/2020\/08\/16-1949_p__iv__kirja-1200x900.jpg 1200w, https:\/\/jitkonen.fi\/wp-content\/uploads\/2020\/08\/16-1949_p__iv__kirja.jpg 2016w\" sizes=\"auto, (max-width: 1024px) 100vw, 1024px\" \/><\/figure>\n\n\n\n<p> 1949 ei viel\u00e4 oltu niin hirve\u00e4n tosissaan, kun tammikuun lopussa huumoria v\u00e4\u00e4nnettiin. Olivat tosin onnekkaampia, koska olivat Helsinkiin saaneet aikaiseksi 5 km ladun, joka oli metrin leve\u00e4!<\/p>\n\n\n\n<figure class=\"wp-block-image alignwide size-large\"><img loading=\"lazy\" decoding=\"async\" width=\"573\" height=\"823\" src=\"https:\/\/jitkonen.fi\/wp-content\/uploads\/2020\/08\/17-1949-helsinki-hiihto.png\" alt=\"\" class=\"wp-image-626\" srcset=\"https:\/\/jitkonen.fi\/wp-content\/uploads\/2020\/08\/17-1949-helsinki-hiihto.png 573w, https:\/\/jitkonen.fi\/wp-content\/uploads\/2020\/08\/17-1949-helsinki-hiihto-209x300.png 209w\" sizes=\"auto, (max-width: 573px) 100vw, 573px\" \/><\/figure>\n\n\n\n<p>Pl\u00f6rin\u00e4ksi meniv\u00e4t nuo hiihdot, mutta huumorilla siit\u00e4 selvittiin.<\/p>\n\n\n\n<figure class=\"wp-block-image alignwide size-large\"><img loading=\"lazy\" decoding=\"async\" width=\"641\" height=\"825\" src=\"https:\/\/jitkonen.fi\/wp-content\/uploads\/2020\/08\/18-1949-helsinki-hiihto2.png\" alt=\"\" class=\"wp-image-627\" srcset=\"https:\/\/jitkonen.fi\/wp-content\/uploads\/2020\/08\/18-1949-helsinki-hiihto2.png 641w, https:\/\/jitkonen.fi\/wp-content\/uploads\/2020\/08\/18-1949-helsinki-hiihto2-233x300.png 233w\" sizes=\"auto, (max-width: 641px) 100vw, 641px\" \/><\/figure>\n\n\n\n<p>Australian lehdiss\u00e4 raportoitiin ilmaston muutoksesta<\/p>\n\n\n\n<figure class=\"wp-block-image alignwide size-large\"><img loading=\"lazy\" decoding=\"async\" width=\"1024\" height=\"532\" src=\"https:\/\/jitkonen.fi\/wp-content\/uploads\/2022\/02\/Gronlanti-1949-pakattu-1024x532.jpg\" alt=\"\" class=\"wp-image-2480\" srcset=\"https:\/\/jitkonen.fi\/wp-content\/uploads\/2022\/02\/Gronlanti-1949-pakattu-1024x532.jpg 1024w, https:\/\/jitkonen.fi\/wp-content\/uploads\/2022\/02\/Gronlanti-1949-pakattu-300x156.jpg 300w, https:\/\/jitkonen.fi\/wp-content\/uploads\/2022\/02\/Gronlanti-1949-pakattu-768x399.jpg 768w, https:\/\/jitkonen.fi\/wp-content\/uploads\/2022\/02\/Gronlanti-1949-pakattu-1536x798.jpg 1536w, https:\/\/jitkonen.fi\/wp-content\/uploads\/2022\/02\/Gronlanti-1949-pakattu-1568x815.jpg 1568w, https:\/\/jitkonen.fi\/wp-content\/uploads\/2022\/02\/Gronlanti-1949-pakattu.jpg 1640w\" sizes=\"auto, (max-width: 1024px) 100vw, 1024px\" \/><\/figure>\n\n\n\n<h2 class=\"wp-block-heading alignwide\" id=\"1950-luku\"><strong>1950-luku<\/strong><\/h2>\n\n\n\n<h3 class=\"wp-block-heading\" id=\"1951\"><strong>1951<\/strong><\/h3>\n\n\n\n<p>Oli leudoin tammikuu 90 vuoteen.<\/p>\n\n\n\n<figure class=\"wp-block-image size-large is-resized\"><img loading=\"lazy\" decoding=\"async\" width=\"260\" height=\"759\" src=\"https:\/\/jitkonen.fi\/wp-content\/uploads\/2020\/08\/19-1951-ruotsi-ja-suomi.png\" alt=\"\" class=\"wp-image-628\" style=\"width:601px;height:1754px\" srcset=\"https:\/\/jitkonen.fi\/wp-content\/uploads\/2020\/08\/19-1951-ruotsi-ja-suomi.png 260w, https:\/\/jitkonen.fi\/wp-content\/uploads\/2020\/08\/19-1951-ruotsi-ja-suomi-103x300.png 103w\" sizes=\"auto, (max-width: 260px) 100vw, 260px\" \/><\/figure>\n\n\n\n<p>Australian lehdiss\u00e4 yh\u00e4 raportoitiin ilmaston muutoksesta.<\/p>\n\n\n\n<figure class=\"wp-block-image alignwide size-large\"><img loading=\"lazy\" decoding=\"async\" width=\"1024\" height=\"537\" src=\"https:\/\/jitkonen.fi\/wp-content\/uploads\/2022\/02\/gronlanti-1951-australia-blogi-3-pakattu-1024x537.jpg\" alt=\"\" class=\"wp-image-2477\" srcset=\"https:\/\/jitkonen.fi\/wp-content\/uploads\/2022\/02\/gronlanti-1951-australia-blogi-3-pakattu-1024x537.jpg 1024w, https:\/\/jitkonen.fi\/wp-content\/uploads\/2022\/02\/gronlanti-1951-australia-blogi-3-pakattu-300x157.jpg 300w, https:\/\/jitkonen.fi\/wp-content\/uploads\/2022\/02\/gronlanti-1951-australia-blogi-3-pakattu-768x403.jpg 768w, https:\/\/jitkonen.fi\/wp-content\/uploads\/2022\/02\/gronlanti-1951-australia-blogi-3-pakattu-1536x806.jpg 1536w, https:\/\/jitkonen.fi\/wp-content\/uploads\/2022\/02\/gronlanti-1951-australia-blogi-3-pakattu-1568x822.jpg 1568w, https:\/\/jitkonen.fi\/wp-content\/uploads\/2022\/02\/gronlanti-1951-australia-blogi-3-pakattu.jpg 1632w\" sizes=\"auto, (max-width: 1024px) 100vw, 1024px\" \/><\/figure>\n\n\n\n<h3 class=\"wp-block-heading\"><strong>1952<\/strong><\/h3>\n\n\n\n<p>Talven ukkosia my\u00f6s 1952.<\/p>\n\n\n\n<figure class=\"wp-block-image alignwide size-large\"><img loading=\"lazy\" decoding=\"async\" width=\"1024\" height=\"631\" src=\"https:\/\/jitkonen.fi\/wp-content\/uploads\/2021\/03\/talvi-ukkonen-1024x631.jpg\" alt=\"\" class=\"wp-image-2680\" srcset=\"https:\/\/jitkonen.fi\/wp-content\/uploads\/2021\/03\/talvi-ukkonen-1024x631.jpg 1024w, https:\/\/jitkonen.fi\/wp-content\/uploads\/2021\/03\/talvi-ukkonen-300x185.jpg 300w, https:\/\/jitkonen.fi\/wp-content\/uploads\/2021\/03\/talvi-ukkonen-768x473.jpg 768w, https:\/\/jitkonen.fi\/wp-content\/uploads\/2021\/03\/talvi-ukkonen.jpg 1336w\" sizes=\"auto, (max-width: 1024px) 100vw, 1024px\" \/><\/figure>\n\n\n\n<h3 class=\"wp-block-heading\" id=\"1954\"><strong>1954<\/strong><\/h3>\n\n\n\n<p>1954 oltiin Ven\u00e4j\u00e4ll\u00e4 jo sit\u00e4 mielt\u00e4, ett\u00e4 l\u00e4mmin ilmastojakso on p\u00e4\u00e4ttym\u00e4ss\u00e4. Siltikin vaikka oli ollut l\u00e4mmint\u00e4, oltiin historian valossa kylmiss\u00e4 ajoissa yh\u00e4, kute alemman kuvan teksti kertoo. <\/p>\n\n\n\n<figure class=\"wp-block-image alignwide size-large\"><img loading=\"lazy\" decoding=\"async\" width=\"1024\" height=\"905\" src=\"https:\/\/jitkonen.fi\/wp-content\/uploads\/2020\/03\/hs_1954_ilmasto_kylm_pakattu-1024x905.jpg\" alt=\"\" class=\"wp-image-868\" srcset=\"https:\/\/jitkonen.fi\/wp-content\/uploads\/2020\/03\/hs_1954_ilmasto_kylm_pakattu-1024x905.jpg 1024w, https:\/\/jitkonen.fi\/wp-content\/uploads\/2020\/03\/hs_1954_ilmasto_kylm_pakattu-300x265.jpg 300w, https:\/\/jitkonen.fi\/wp-content\/uploads\/2020\/03\/hs_1954_ilmasto_kylm_pakattu-768x679.jpg 768w, https:\/\/jitkonen.fi\/wp-content\/uploads\/2020\/03\/hs_1954_ilmasto_kylm_pakattu.jpg 1035w\" sizes=\"auto, (max-width: 1024px) 100vw, 1024px\" \/><\/figure>\n\n\n\n<p>Edellisen leikkeen alakuvassa sanotaan, ett\u00e4 maapallon l\u00e4mp\u00f6tila on ollut tuhansia vuosia optimil\u00e4mp\u00f6tilansa alapuolella. T\u00e4st\u00e4 maapallon optimil\u00e4mp\u00f6tilasta kiinnostuin niin paljon, ett\u00e4 pohdin sit\u00e4 asiaa omassa blogikirjoituksessa, johon on linkki t\u00e4ss\u00e4: <a href=\"https:\/\/jitkonen.fi\/?p=904\">https:\/\/jitkonen.fi\/?p=904<\/a><\/p>\n\n\n\n<figure class=\"wp-block-image size-large is-resized\"><img loading=\"lazy\" decoding=\"async\" width=\"728\" height=\"698\" src=\"https:\/\/jitkonen.fi\/wp-content\/uploads\/2020\/03\/Optimilampo.png\" alt=\"\" class=\"wp-image-1041\" style=\"width:509px;height:488px\" srcset=\"https:\/\/jitkonen.fi\/wp-content\/uploads\/2020\/03\/Optimilampo.png 728w, https:\/\/jitkonen.fi\/wp-content\/uploads\/2020\/03\/Optimilampo-300x288.png 300w\" sizes=\"auto, (max-width: 728px) 100vw, 728px\" \/><\/figure>\n\n\n\n<p><\/p>\n\n\n\n<h2 class=\"wp-block-heading alignwide\" id=\"1960-luku\"><strong>1960-luku<\/strong><\/h2>\n\n\n\n<h3 class=\"wp-block-heading\" id=\"1961\"><strong>1961<\/strong><\/h3>\n\n\n\n<p> 2020 talvella Talousel\u00e4m\u00e4 kirjoitti, ett\u00e4 Norjassa ei ole lunta ja pel\u00e4t\u00e4\u00e4n tulevaisuuden puolesta. 1961 pelattiin j\u00e4\u00e4palloa helmikuun lopussa syyssateiden kaltaisessa keliss\u00e4 bisletill\u00e4. Ikiaikainen perinne lauha helmikuu siell\u00e4kin, eik\u00e4 pelkoa 1961 tunnettu. <\/p>\n\n\n\n<figure class=\"wp-block-image size-large is-resized\"><img loading=\"lazy\" decoding=\"async\" width=\"1024\" height=\"811\" src=\"https:\/\/jitkonen.fi\/wp-content\/uploads\/2020\/08\/20-1961_oslo_helmikuu-1024x811.jpg\" alt=\"\" class=\"wp-image-629\" style=\"width:893px;height:706px\" srcset=\"https:\/\/jitkonen.fi\/wp-content\/uploads\/2020\/08\/20-1961_oslo_helmikuu-1024x811.jpg 1024w, https:\/\/jitkonen.fi\/wp-content\/uploads\/2020\/08\/20-1961_oslo_helmikuu-300x238.jpg 300w, https:\/\/jitkonen.fi\/wp-content\/uploads\/2020\/08\/20-1961_oslo_helmikuu-768x608.jpg 768w, https:\/\/jitkonen.fi\/wp-content\/uploads\/2020\/08\/20-1961_oslo_helmikuu.jpg 1106w\" sizes=\"auto, (max-width: 1024px) 100vw, 1024px\" \/><\/figure>\n\n\n\n<p>Suomessakin oltiin helmikuussa 1961 noihin aikoihin vahvasti plussan puolella.<\/p>\n\n\n\n<figure class=\"wp-block-image size-large\"><img loading=\"lazy\" decoding=\"async\" width=\"1024\" height=\"649\" src=\"https:\/\/jitkonen.fi\/wp-content\/uploads\/2020\/08\/21-1961_02_27-1024x649.jpg\" alt=\"\" class=\"wp-image-630\" srcset=\"https:\/\/jitkonen.fi\/wp-content\/uploads\/2020\/08\/21-1961_02_27-1024x649.jpg 1024w, https:\/\/jitkonen.fi\/wp-content\/uploads\/2020\/08\/21-1961_02_27-300x190.jpg 300w, https:\/\/jitkonen.fi\/wp-content\/uploads\/2020\/08\/21-1961_02_27-768x487.jpg 768w, https:\/\/jitkonen.fi\/wp-content\/uploads\/2020\/08\/21-1961_02_27-1200x761.jpg 1200w, https:\/\/jitkonen.fi\/wp-content\/uploads\/2020\/08\/21-1961_02_27.jpg 1454w\" sizes=\"auto, (max-width: 1024px) 100vw, 1024px\" \/><\/figure>\n\n\n\n<p> 1961 ei p\u00e4\u00e4sty vet\u00e4m\u00e4\u00e4n nuottaa Rym\u00e4ttyl\u00e4ss\u00e4. Silloin muisteltiin, ett\u00e4 1925 l\u00e4mp\u00f6isen talven j\u00e4lkeen oli kylm\u00e4 talvi 1926. No 1962 oli pikkasen kylmempi. mutta ei superkylm\u00e4 talvi.<br><\/p>\n\n\n\n<figure class=\"wp-block-image alignwide size-large\"><img loading=\"lazy\" decoding=\"async\" width=\"445\" height=\"899\" src=\"https:\/\/jitkonen.fi\/wp-content\/uploads\/2020\/08\/22-1961-rym\u00e4ttyl\u00e4-helmikuu.png\" alt=\"\" class=\"wp-image-631\" srcset=\"https:\/\/jitkonen.fi\/wp-content\/uploads\/2020\/08\/22-1961-rym\u00e4ttyl\u00e4-helmikuu.png 445w, https:\/\/jitkonen.fi\/wp-content\/uploads\/2020\/08\/22-1961-rym\u00e4ttyl\u00e4-helmikuu-148x300.png 148w\" sizes=\"auto, (max-width: 445px) 100vw, 445px\" \/><\/figure>\n\n\n\n<p>1961 osattiin iloita monista s\u00e4\u00e4st\u00f6ist\u00e4!<\/p>\n\n\n\n<figure class=\"wp-block-image alignwide size-large\"><img loading=\"lazy\" decoding=\"async\" width=\"679\" height=\"808\" src=\"https:\/\/jitkonen.fi\/wp-content\/uploads\/2020\/08\/23-1961-s\u00e4\u00e4st\u00f6.png\" alt=\"\" class=\"wp-image-632\" srcset=\"https:\/\/jitkonen.fi\/wp-content\/uploads\/2020\/08\/23-1961-s\u00e4\u00e4st\u00f6.png 679w, https:\/\/jitkonen.fi\/wp-content\/uploads\/2020\/08\/23-1961-s\u00e4\u00e4st\u00f6-252x300.png 252w\" sizes=\"auto, (max-width: 679px) 100vw, 679px\" \/><\/figure>\n\n\n\n<p> 18. p\u00e4iv\u00e4 helmikuuta 1961 otettiin aurinkoa Tuomiokirkon portailla, pikkupojilla oli polttolasit esill\u00e4, kev\u00e4tpurot lirisiv\u00e4t ja kev\u00e4\u00e4n kukkia ty\u00f6ntyi mullasta, kuten krookuksia helmikuussa 1961 kev\u00e4tpuron varrella. Liikaa CO2:ta ilmassa? <\/p>\n\n\n\n<figure class=\"wp-block-image alignwide size-large\"><img loading=\"lazy\" decoding=\"async\" width=\"680\" height=\"973\" src=\"https:\/\/jitkonen.fi\/wp-content\/uploads\/2020\/08\/24-1961_kukkasia.jpg\" alt=\"\" class=\"wp-image-633\" srcset=\"https:\/\/jitkonen.fi\/wp-content\/uploads\/2020\/08\/24-1961_kukkasia.jpg 680w, https:\/\/jitkonen.fi\/wp-content\/uploads\/2020\/08\/24-1961_kukkasia-210x300.jpg 210w\" sizes=\"auto, (max-width: 680px) 100vw, 680px\" \/><\/figure>\n\n\n\n<p><\/p>\n\n\n\n<h3 class=\"wp-block-heading\" id=\"1964\"><strong>1964<\/strong><\/h3>\n\n\n\n<p>Neuvostoliittolainen ilmastotiedemies oli Suomessa luennoimassa menneist\u00e4 ilmastovaiheista ja oli vakuuttunut siit\u00e4, ett\u00e4 edellinen l\u00e4mmin ilmastojakso on p\u00e4\u00e4ttym\u00e4ss\u00e4. Me nyt tied\u00e4mme vuonna 2021 kuinka oikeassa h\u00e4n oli. Tosin siihen aikaan ei oltu yht\u00e4 pomminvarmoja klimatologiasta, kute nyky\u00e4\u00e4n ollaan ja niinp\u00e4 tuo tiedemies totesikin: <strong><em>&#8221;Jos pystyisin m\u00e4\u00e4rittelem\u00e4\u00e4n ilmaston seuraavien 10 vuoden kaudelta, klimatologian puuttuva teoria olisi ratkaistu.&#8221;<\/em><\/strong><\/p>\n\n\n\n<figure class=\"wp-block-image alignwide size-large\"><img loading=\"lazy\" decoding=\"async\" width=\"808\" height=\"1020\" src=\"https:\/\/jitkonen.fi\/wp-content\/uploads\/2020\/03\/neuvostoliitto_prof__pakattu.jpg\" alt=\"\" class=\"wp-image-878\" srcset=\"https:\/\/jitkonen.fi\/wp-content\/uploads\/2020\/03\/neuvostoliitto_prof__pakattu.jpg 808w, https:\/\/jitkonen.fi\/wp-content\/uploads\/2020\/03\/neuvostoliitto_prof__pakattu-238x300.jpg 238w, https:\/\/jitkonen.fi\/wp-content\/uploads\/2020\/03\/neuvostoliitto_prof__pakattu-768x970.jpg 768w\" sizes=\"auto, (max-width: 808px) 100vw, 808px\" \/><\/figure>\n\n\n\n<p><\/p>\n\n\n\n<p>1<strong>964 olivat Innsbruckissa olympialaiset<\/strong>. Lampaat s\u00f6iv\u00e4t ruohoa Alppiniityill\u00e4, kun latuja rakennettiin<\/p>\n\n\n\n<figure class=\"wp-block-image alignwide size-large\"><img loading=\"lazy\" decoding=\"async\" width=\"1024\" height=\"569\" src=\"https:\/\/jitkonen.fi\/wp-content\/uploads\/2020\/03\/1964-talvi_uusi-pakattu-1024x569.jpg\" alt=\"\" class=\"wp-image-1050\" srcset=\"https:\/\/jitkonen.fi\/wp-content\/uploads\/2020\/03\/1964-talvi_uusi-pakattu-1024x569.jpg 1024w, https:\/\/jitkonen.fi\/wp-content\/uploads\/2020\/03\/1964-talvi_uusi-pakattu-300x167.jpg 300w, https:\/\/jitkonen.fi\/wp-content\/uploads\/2020\/03\/1964-talvi_uusi-pakattu-768x427.jpg 768w, https:\/\/jitkonen.fi\/wp-content\/uploads\/2020\/03\/1964-talvi_uusi-pakattu-1536x853.jpg 1536w, https:\/\/jitkonen.fi\/wp-content\/uploads\/2020\/03\/1964-talvi_uusi-pakattu-1200x667.jpg 1200w, https:\/\/jitkonen.fi\/wp-content\/uploads\/2020\/03\/1964-talvi_uusi-pakattu.jpg 1784w\" sizes=\"auto, (max-width: 1024px) 100vw, 1024px\" \/><\/figure>\n\n\n\n<h3 class=\"wp-block-heading\" id=\"1966\"><strong>1966<\/strong><\/h3>\n\n\n\n<p>Vuonna 1966 muistutettiin siit\u00e4, ett\u00e4 maanviljelyss\u00e4 ei pid\u00e4 tuudittautua jatkuvan l\u00e4mp\u00f6iseen ilmastoon.<\/p>\n\n\n\n<figure class=\"wp-block-image size-large is-resized\"><img loading=\"lazy\" decoding=\"async\" width=\"531\" height=\"863\" src=\"https:\/\/jitkonen.fi\/wp-content\/uploads\/2020\/12\/keranen-vuonna-1966.png\" alt=\"\" class=\"wp-image-946\" style=\"width:606px;height:985px\" srcset=\"https:\/\/jitkonen.fi\/wp-content\/uploads\/2020\/12\/keranen-vuonna-1966.png 531w, https:\/\/jitkonen.fi\/wp-content\/uploads\/2020\/12\/keranen-vuonna-1966-185x300.png 185w\" sizes=\"auto, (max-width: 531px) 100vw, 531px\" \/><\/figure>\n\n\n\n<p>1966 HS kirjoitti, ett\u00e4 meill\u00e4 on ilmaston suhteen k\u00e4ynyt hyv\u00e4 tuuri ja ett\u00e4 ilmastonmuutokset tapahtuvat hyvin nopeasti suuntaan jos toiseenkin,<\/p>\n\n\n\n<figure class=\"wp-block-image alignfull size-large\"><img loading=\"lazy\" decoding=\"async\" width=\"1024\" height=\"543\" src=\"https:\/\/jitkonen.fi\/wp-content\/uploads\/2021\/03\/hs_1996_uusi_jaakausi-ilmasto-pakattu-1024x543.jpg\" alt=\"\" class=\"wp-image-1892\" srcset=\"https:\/\/jitkonen.fi\/wp-content\/uploads\/2021\/03\/hs_1996_uusi_jaakausi-ilmasto-pakattu-1024x543.jpg 1024w, https:\/\/jitkonen.fi\/wp-content\/uploads\/2021\/03\/hs_1996_uusi_jaakausi-ilmasto-pakattu-300x159.jpg 300w, https:\/\/jitkonen.fi\/wp-content\/uploads\/2021\/03\/hs_1996_uusi_jaakausi-ilmasto-pakattu-768x407.jpg 768w, https:\/\/jitkonen.fi\/wp-content\/uploads\/2021\/03\/hs_1996_uusi_jaakausi-ilmasto-pakattu.jpg 1457w\" sizes=\"auto, (max-width: 1024px) 100vw, 1024px\" \/><\/figure>\n\n\n\n<h2 class=\"wp-block-heading alignwide\" id=\"1970-luku\"><strong>1970-luku<\/strong><\/h2>\n\n\n\n<h3 class=\"wp-block-heading\" id=\"1971\"><strong>1971<\/strong><\/h3>\n\n\n\n<p>1971 oli lauha talvi.<\/p>\n\n\n\n<figure class=\"wp-block-image alignwide size-large\"><img loading=\"lazy\" decoding=\"async\" width=\"1024\" height=\"583\" src=\"https:\/\/jitkonen.fi\/wp-content\/uploads\/2020\/08\/25-1971_hs-1024x583.jpg\" alt=\"\" class=\"wp-image-634\" srcset=\"https:\/\/jitkonen.fi\/wp-content\/uploads\/2020\/08\/25-1971_hs-1024x583.jpg 1024w, https:\/\/jitkonen.fi\/wp-content\/uploads\/2020\/08\/25-1971_hs-300x171.jpg 300w, https:\/\/jitkonen.fi\/wp-content\/uploads\/2020\/08\/25-1971_hs-768x437.jpg 768w, https:\/\/jitkonen.fi\/wp-content\/uploads\/2020\/08\/25-1971_hs-1200x683.jpg 1200w, https:\/\/jitkonen.fi\/wp-content\/uploads\/2020\/08\/25-1971_hs.jpg 1460w\" sizes=\"auto, (max-width: 1024px) 100vw, 1024px\" \/><\/figure>\n\n\n\n<p><\/p>\n\n\n\n<p>Viel\u00e4 1971 ei osattu pit\u00e4\u00e4 lauhoja tammikuita mitenk\u00e4\u00e4n poikkeuksellisina. HS arkistokuva on hieman valottunut.<\/p>\n\n\n\n<figure class=\"wp-block-image alignwide size-large\"><img loading=\"lazy\" decoding=\"async\" width=\"1016\" height=\"940\" src=\"https:\/\/jitkonen.fi\/wp-content\/uploads\/2020\/03\/1971-tammikuu_uusi-pakattu.jpg\" alt=\"\" class=\"wp-image-1051\" srcset=\"https:\/\/jitkonen.fi\/wp-content\/uploads\/2020\/03\/1971-tammikuu_uusi-pakattu.jpg 1016w, https:\/\/jitkonen.fi\/wp-content\/uploads\/2020\/03\/1971-tammikuu_uusi-pakattu-300x278.jpg 300w, https:\/\/jitkonen.fi\/wp-content\/uploads\/2020\/03\/1971-tammikuu_uusi-pakattu-768x711.jpg 768w\" sizes=\"auto, (max-width: 1016px) 100vw, 1016px\" \/><\/figure>\n\n\n\n<p><\/p>\n\n\n\n<h3 class=\"wp-block-heading\" id=\"1972\"><strong>1972<\/strong><\/h3>\n\n\n\n<p>1972 oli lauha talvi aina ulkomaita my\u00f6ten.<\/p>\n\n\n\n<figure class=\"wp-block-image size-large is-resized\"><img loading=\"lazy\" decoding=\"async\" width=\"239\" height=\"545\" src=\"https:\/\/jitkonen.fi\/wp-content\/uploads\/2020\/03\/1972-leningrad-uusi.png\" alt=\"\" class=\"wp-image-1052\" style=\"width:602px;height:1372px\" srcset=\"https:\/\/jitkonen.fi\/wp-content\/uploads\/2020\/03\/1972-leningrad-uusi.png 239w, https:\/\/jitkonen.fi\/wp-content\/uploads\/2020\/03\/1972-leningrad-uusi-132x300.png 132w\" sizes=\"auto, (max-width: 239px) 100vw, 239px\" \/><\/figure>\n\n\n\n<p>Lauhan 1972 talven j\u00e4lkeen n\u00e4htiin t\u00e4h\u00e4n menness\u00e4 ly\u00f6m\u00e4t\u00f6n 30 asteen helleputki pohjoisimmassa Suomessa Inarissa ja jopa Utsjoella asti.<\/p>\n\n\n\n<figure class=\"wp-block-image size-large\"><img loading=\"lazy\" decoding=\"async\" width=\"1024\" height=\"537\" src=\"https:\/\/jitkonen.fi\/wp-content\/uploads\/2020\/03\/helle-enn\u00e4tyksi\u00e4-2-1024x537.png\" alt=\"\" class=\"wp-image-55\" srcset=\"https:\/\/jitkonen.fi\/wp-content\/uploads\/2020\/03\/helle-enn\u00e4tyksi\u00e4-2-1024x537.png 1024w, https:\/\/jitkonen.fi\/wp-content\/uploads\/2020\/03\/helle-enn\u00e4tyksi\u00e4-2-300x157.png 300w, https:\/\/jitkonen.fi\/wp-content\/uploads\/2020\/03\/helle-enn\u00e4tyksi\u00e4-2-768x403.png 768w, https:\/\/jitkonen.fi\/wp-content\/uploads\/2020\/03\/helle-enn\u00e4tyksi\u00e4-2.png 1127w\" sizes=\"auto, (max-width: 1024px) 100vw, 1024px\" \/><\/figure>\n\n\n\n<p>Pakkasenn\u00e4tyksi\u00e4 ei en\u00e4\u00e4 n\u00e4hd\u00e4, koska niit\u00e4 tehneet mittauspisteet on siirretty ymp\u00e4rist\u00f6n kannalta &#8221;sopivampiin&#8221; paikkoihin. <br><br>L\u00e4mp\u00f6- ja helle-enn\u00e4tyksi\u00e4 sen sijaan kyll\u00e4 tulemme n\u00e4kem\u00e4\u00e4n, koska niihin liittyv\u00e4t mittaukset on siirretty sopivampiin paikkoihin rautatieasemille, lentokentille ja satamiin tukemaan ilmastoalarmiin liittyv\u00e4\u00e4 uutisointia sek\u00e4 mielikuvaa l\u00e4mpenemisen suhteen.<\/p>\n\n\n\n<figure class=\"wp-block-image alignwide size-large\"><img loading=\"lazy\" decoding=\"async\" width=\"1024\" height=\"464\" src=\"https:\/\/jitkonen.fi\/wp-content\/uploads\/2020\/03\/Pokka-lentoasemat_LI-1024x464.jpg\" alt=\"\" class=\"wp-image-57\" srcset=\"https:\/\/jitkonen.fi\/wp-content\/uploads\/2020\/03\/Pokka-lentoasemat_LI-1024x464.jpg 1024w, https:\/\/jitkonen.fi\/wp-content\/uploads\/2020\/03\/Pokka-lentoasemat_LI-300x136.jpg 300w, https:\/\/jitkonen.fi\/wp-content\/uploads\/2020\/03\/Pokka-lentoasemat_LI-768x348.jpg 768w, https:\/\/jitkonen.fi\/wp-content\/uploads\/2020\/03\/Pokka-lentoasemat_LI-1536x697.jpg 1536w, https:\/\/jitkonen.fi\/wp-content\/uploads\/2020\/03\/Pokka-lentoasemat_LI-1568x711.jpg 1568w, https:\/\/jitkonen.fi\/wp-content\/uploads\/2020\/03\/Pokka-lentoasemat_LI.jpg 1698w\" sizes=\"auto, (max-width: 1024px) 100vw, 1024px\" \/><\/figure>\n\n\n\n<p><\/p>\n\n\n\n<h3 class=\"wp-block-heading\" id=\"1973\"><strong>1973 <\/strong><\/h3>\n\n\n\n<p>Viel\u00e4 vuonna 1973 FMI:n Veikko Helminen arveli, ettei Suomi ole muuttumassa tropiikiksi. Ilmatieteen ja median hekuttamaa kaikkien aikojen kuuminta kes\u00e4\u00e4 2018 kes\u00e4\u00e4 voi verrata muihin l\u00e4mpimiin kesiin, jotka Helminen toi esiin 1973. Helsingiss\u00e4 se p\u00e4rj\u00e4\u00e4, koska 1901 kes\u00e4n lukema 19.9 C on jossakin vaiheessa muuttunut 17,5 C-asteeksi. Samoin Sodankyl\u00e4ss\u00e4 se 2018 kes\u00e4 p\u00e4rj\u00e4\u00e4.<\/p>\n\n\n\n<figure class=\"wp-block-image alignwide size-large\"><img loading=\"lazy\" decoding=\"async\" width=\"1024\" height=\"574\" src=\"https:\/\/jitkonen.fi\/wp-content\/uploads\/2020\/03\/1973-helle_kesa-fmi-pakattu-1024x574.jpg\" alt=\"\" class=\"wp-image-1042\" srcset=\"https:\/\/jitkonen.fi\/wp-content\/uploads\/2020\/03\/1973-helle_kesa-fmi-pakattu-1024x574.jpg 1024w, https:\/\/jitkonen.fi\/wp-content\/uploads\/2020\/03\/1973-helle_kesa-fmi-pakattu-300x168.jpg 300w, https:\/\/jitkonen.fi\/wp-content\/uploads\/2020\/03\/1973-helle_kesa-fmi-pakattu-768x431.jpg 768w, https:\/\/jitkonen.fi\/wp-content\/uploads\/2020\/03\/1973-helle_kesa-fmi-pakattu-1200x673.jpg 1200w, https:\/\/jitkonen.fi\/wp-content\/uploads\/2020\/03\/1973-helle_kesa-fmi-pakattu.jpg 1523w\" sizes=\"auto, (max-width: 1024px) 100vw, 1024px\" \/><\/figure>\n\n\n\n<p><\/p>\n\n\n\n<h2 class=\"wp-block-heading alignwide\" id=\"1980-luku\"><strong>1980-luku<\/strong><\/h2>\n\n\n\n<h3 class=\"wp-block-heading\" id=\"1983\"><strong>1983<\/strong><\/h3>\n\n\n\n<p> 1983 tammikuun lopussa yritettiin Helsingiss\u00e4 tehd\u00e4 lumiveistoksia, muitta musta talvi latisti sen homman.<\/p>\n\n\n\n<figure class=\"wp-block-image alignwide size-large\"><img loading=\"lazy\" decoding=\"async\" width=\"1024\" height=\"685\" src=\"https:\/\/jitkonen.fi\/wp-content\/uploads\/2020\/08\/26-hs_1983_tammikuu-1024x685.jpg\" alt=\"\" class=\"wp-image-635\" srcset=\"https:\/\/jitkonen.fi\/wp-content\/uploads\/2020\/08\/26-hs_1983_tammikuu-1024x685.jpg 1024w, https:\/\/jitkonen.fi\/wp-content\/uploads\/2020\/08\/26-hs_1983_tammikuu-300x201.jpg 300w, https:\/\/jitkonen.fi\/wp-content\/uploads\/2020\/08\/26-hs_1983_tammikuu-768x514.jpg 768w, https:\/\/jitkonen.fi\/wp-content\/uploads\/2020\/08\/26-hs_1983_tammikuu-1200x803.jpg 1200w, https:\/\/jitkonen.fi\/wp-content\/uploads\/2020\/08\/26-hs_1983_tammikuu.jpg 1331w\" sizes=\"auto, (max-width: 1024px) 100vw, 1024px\" \/><\/figure>\n\n\n\n<h3 class=\"wp-block-heading\" id=\"1984\"><strong>1984<\/strong><\/h3>\n\n\n\n<p>MTV3 alkoi paatoksellisen ilmastopropagandan levitt\u00e4misen. <br> <a href=\"https:\/\/www.youtube.com\/watch?fbclid=IwAR1EQH-fiJY2NHqzafRYWTHcfls9abR3bgMZ2pS7wOi90Sex0BNjsOlyBjY&amp;v=R8Sy8J0psqQ&amp;feature=youtu.be&amp;app=desktop\">https:\/\/www.youtube.com\/watch?<\/a> <\/p>\n\n\n\n<h3 class=\"wp-block-heading\" id=\"1988\"><strong>1988<\/strong><\/h3>\n\n\n\n<p>Vuonna 1988 n\u00e4ytti jopa silt\u00e4, ett\u00e4 j\u00e4\u00e4kausi tulee yht\u00e4 varmasti kuin flunssa. Ilmasto oli j\u00e4\u00e4htynyt 1930-luvulta alkaen 50 vuoden ajan. Golvirta oli kovasti j\u00e4\u00e4htynyt.<\/p>\n\n\n\n<figure class=\"wp-block-image alignwide size-large\"><img loading=\"lazy\" decoding=\"async\" width=\"1024\" height=\"563\" src=\"https:\/\/jitkonen.fi\/wp-content\/uploads\/2020\/03\/1988-jaakausi-HS-1024x563.jpg\" alt=\"\" class=\"wp-image-1072\" srcset=\"https:\/\/jitkonen.fi\/wp-content\/uploads\/2020\/03\/1988-jaakausi-HS-1024x563.jpg 1024w, https:\/\/jitkonen.fi\/wp-content\/uploads\/2020\/03\/1988-jaakausi-HS-300x165.jpg 300w, https:\/\/jitkonen.fi\/wp-content\/uploads\/2020\/03\/1988-jaakausi-HS-768x423.jpg 768w, https:\/\/jitkonen.fi\/wp-content\/uploads\/2020\/03\/1988-jaakausi-HS-1200x660.jpg 1200w, https:\/\/jitkonen.fi\/wp-content\/uploads\/2020\/03\/1988-jaakausi-HS.jpg 1503w\" sizes=\"auto, (max-width: 1024px) 100vw, 1024px\" \/><\/figure>\n\n\n\n<h3 class=\"wp-block-heading\" id=\"1989\"><strong>1989<\/strong><\/h3>\n\n\n\n<p> 1989 Helsingiss\u00e4 oltiin tammikuu plussan puolella. FMI:n kommentointi oli viel\u00e4 siihen aikaan asiallista ja s\u00e4\u00e4historiaa tunnettiin siell\u00e4kin.  My\u00f6s Helmikuu oli enn\u00e4tyksellisen l\u00e4mmin.<\/p>\n\n\n\n<p>1989 hiihdettiin MM-cup 9. p\u00e4iv\u00e4 helmikuuta Falunissa lumettomissa keleiss\u00e4. <a href=\"https:\/\/yle.fi\/urheilu\/3-11200143?\">https:\/\/yle.fi\/urheilu\/3-11200143?<\/a><\/p>\n\n\n\n<figure class=\"wp-block-image alignwide size-large\"><img loading=\"lazy\" decoding=\"async\" width=\"1024\" height=\"568\" src=\"https:\/\/jitkonen.fi\/wp-content\/uploads\/2020\/03\/1989-lauha_falun-pakattu-1024x568.jpg\" alt=\"\" class=\"wp-image-1043\" srcset=\"https:\/\/jitkonen.fi\/wp-content\/uploads\/2020\/03\/1989-lauha_falun-pakattu-1024x568.jpg 1024w, https:\/\/jitkonen.fi\/wp-content\/uploads\/2020\/03\/1989-lauha_falun-pakattu-300x166.jpg 300w, https:\/\/jitkonen.fi\/wp-content\/uploads\/2020\/03\/1989-lauha_falun-pakattu-768x426.jpg 768w, https:\/\/jitkonen.fi\/wp-content\/uploads\/2020\/03\/1989-lauha_falun-pakattu-1200x666.jpg 1200w, https:\/\/jitkonen.fi\/wp-content\/uploads\/2020\/03\/1989-lauha_falun-pakattu.jpg 1523w\" sizes=\"auto, (max-width: 1024px) 100vw, 1024px\" \/><\/figure>\n\n\n\n<p>Keskim\u00e4\u00e4r\u00e4ist\u00e4 talvea luonnehdittiin hauskasti.<\/p>\n\n\n\n<figure class=\"wp-block-image alignwide size-large\"><img loading=\"lazy\" decoding=\"async\" width=\"698\" height=\"819\" src=\"https:\/\/jitkonen.fi\/wp-content\/uploads\/2020\/03\/1989-uusi-ekonomi.png\" alt=\"\" class=\"wp-image-1045\" srcset=\"https:\/\/jitkonen.fi\/wp-content\/uploads\/2020\/03\/1989-uusi-ekonomi.png 698w, https:\/\/jitkonen.fi\/wp-content\/uploads\/2020\/03\/1989-uusi-ekonomi-256x300.png 256w\" sizes=\"auto, (max-width: 698px) 100vw, 698px\" \/><\/figure>\n\n\n\n<p>Pelloilla maakaava vesi uhkasi oraita.<\/p>\n\n\n\n<figure class=\"wp-block-image alignwide size-large\"><img loading=\"lazy\" decoding=\"async\" width=\"1024\" height=\"627\" src=\"https:\/\/jitkonen.fi\/wp-content\/uploads\/2020\/03\/1989-lauha_talvi_uusi-oraat-pakattu-1024x627.jpg\" alt=\"\" class=\"wp-image-1046\" srcset=\"https:\/\/jitkonen.fi\/wp-content\/uploads\/2020\/03\/1989-lauha_talvi_uusi-oraat-pakattu-1024x627.jpg 1024w, https:\/\/jitkonen.fi\/wp-content\/uploads\/2020\/03\/1989-lauha_talvi_uusi-oraat-pakattu-300x184.jpg 300w, https:\/\/jitkonen.fi\/wp-content\/uploads\/2020\/03\/1989-lauha_talvi_uusi-oraat-pakattu-768x470.jpg 768w, https:\/\/jitkonen.fi\/wp-content\/uploads\/2020\/03\/1989-lauha_talvi_uusi-oraat-pakattu-1536x940.jpg 1536w, https:\/\/jitkonen.fi\/wp-content\/uploads\/2020\/03\/1989-lauha_talvi_uusi-oraat-pakattu-1200x734.jpg 1200w, https:\/\/jitkonen.fi\/wp-content\/uploads\/2020\/03\/1989-lauha_talvi_uusi-oraat-pakattu.jpg 1538w\" sizes=\"auto, (max-width: 1024px) 100vw, 1024px\" \/><\/figure>\n\n\n\n<p><\/p>\n\n\n\n<h2 class=\"wp-block-heading alignwide\" id=\"1990-luku\"><strong>1990-luku<\/strong><\/h2>\n\n\n\n<h3 class=\"wp-block-heading\"><strong>1990<\/strong><\/h3>\n\n\n\n<p>Vuosisadan l\u00e4mp\u00f6isin helmikuu. Valtavat s\u00e4\u00e4st\u00f6t l\u00e4\u00e4mityskuluissa.<\/p>\n\n\n\n<figure class=\"wp-block-image alignwide size-large\"><img loading=\"lazy\" decoding=\"async\" width=\"1024\" height=\"588\" src=\"https:\/\/jitkonen.fi\/wp-content\/uploads\/2021\/03\/leuto-kevat-1990-ennatys-1024x588.jpg\" alt=\"\" class=\"wp-image-2681\" srcset=\"https:\/\/jitkonen.fi\/wp-content\/uploads\/2021\/03\/leuto-kevat-1990-ennatys-1024x588.jpg 1024w, https:\/\/jitkonen.fi\/wp-content\/uploads\/2021\/03\/leuto-kevat-1990-ennatys-300x172.jpg 300w, https:\/\/jitkonen.fi\/wp-content\/uploads\/2021\/03\/leuto-kevat-1990-ennatys-768x441.jpg 768w, https:\/\/jitkonen.fi\/wp-content\/uploads\/2021\/03\/leuto-kevat-1990-ennatys.jpg 1421w\" sizes=\"auto, (max-width: 1024px) 100vw, 1024px\" \/><\/figure>\n\n\n\n<h3 class=\"wp-block-heading\" id=\"1993\"><strong>1993 <\/strong><\/h3>\n\n\n\n<p><strong>Talvi 1993 oli 5 astetta tavanomaista l\u00e4mpim\u00e4mpi. Ilmatieteenlaitos piti sit\u00e4 ilmaston oikkuiluina viel\u00e4 siihen aikaan. Ja sit\u00e4h\u00e4n se olikin, kun katselee t\u00e4h\u00e4n ker\u00e4tty\u00e4 koostetta menneist\u00e4 talvista, mutta nyt vuonna 2021 nuo aika ajoin kunkin ilmastosyklin aikana toistuvat leudot talvet eiv\u00e4t en\u00e4\u00e4 ole ilmaston oikkuilua, vaan ne ovat muuttuneet ilmastonmuutokseksi, joka kuvatun Suomen s\u00e4\u00e4historian valossa on t\u00e4ytt\u00e4 puppua ja kuvitelmaa.<\/strong><\/p>\n\n\n\n<figure class=\"wp-block-image alignwide size-large\"><img loading=\"lazy\" decoding=\"async\" width=\"885\" height=\"928\" src=\"https:\/\/jitkonen.fi\/wp-content\/uploads\/2020\/03\/1993-talvi-1925-uusi.png\" alt=\"\" class=\"wp-image-1044\" srcset=\"https:\/\/jitkonen.fi\/wp-content\/uploads\/2020\/03\/1993-talvi-1925-uusi.png 885w, https:\/\/jitkonen.fi\/wp-content\/uploads\/2020\/03\/1993-talvi-1925-uusi-286x300.png 286w, https:\/\/jitkonen.fi\/wp-content\/uploads\/2020\/03\/1993-talvi-1925-uusi-768x805.png 768w\" sizes=\"auto, (max-width: 885px) 100vw, 885px\" \/><\/figure>\n\n\n\n<h3 class=\"wp-block-heading\" id=\"1995\"><strong>1995<\/strong><\/h3>\n\n\n\n<p> 1995 oli ollut pitk\u00e4 leutojen talvien putki, eik\u00e4 leutoihin talviin liittynyt dramatiikkaa viel\u00e4 tuossa vaiheessa. Ne olivat normaali asia. <\/p>\n\n\n\n<figure class=\"wp-block-image alignwide size-large\"><img loading=\"lazy\" decoding=\"async\" width=\"1024\" height=\"857\" src=\"https:\/\/jitkonen.fi\/wp-content\/uploads\/2020\/08\/28-1995_hs_luonto_leuto_ZrYSN-1024x857.jpg\" alt=\"\" class=\"wp-image-637\" srcset=\"https:\/\/jitkonen.fi\/wp-content\/uploads\/2020\/08\/28-1995_hs_luonto_leuto_ZrYSN-1024x857.jpg 1024w, https:\/\/jitkonen.fi\/wp-content\/uploads\/2020\/08\/28-1995_hs_luonto_leuto_ZrYSN-300x251.jpg 300w, https:\/\/jitkonen.fi\/wp-content\/uploads\/2020\/08\/28-1995_hs_luonto_leuto_ZrYSN-768x643.jpg 768w, https:\/\/jitkonen.fi\/wp-content\/uploads\/2020\/08\/28-1995_hs_luonto_leuto_ZrYSN.jpg 1130w\" sizes=\"auto, (max-width: 1024px) 100vw, 1024px\" \/><\/figure>\n\n\n\n<p><\/p>\n\n\n\n<p>1995 oli viel\u00e4 tolkkua lehtijutuissa.<\/p>\n\n\n\n<figure class=\"wp-block-image alignwide size-large\"><img loading=\"lazy\" decoding=\"async\" width=\"894\" height=\"746\" src=\"https:\/\/jitkonen.fi\/wp-content\/uploads\/2020\/03\/1995-fmi-tolkkua-uusi.png\" alt=\"\" class=\"wp-image-1053\" srcset=\"https:\/\/jitkonen.fi\/wp-content\/uploads\/2020\/03\/1995-fmi-tolkkua-uusi.png 894w, https:\/\/jitkonen.fi\/wp-content\/uploads\/2020\/03\/1995-fmi-tolkkua-uusi-300x250.png 300w, https:\/\/jitkonen.fi\/wp-content\/uploads\/2020\/03\/1995-fmi-tolkkua-uusi-768x641.png 768w\" sizes=\"auto, (max-width: 894px) 100vw, 894px\" \/><\/figure>\n\n\n\n<p><\/p>\n\n\n\n<h3 class=\"wp-block-heading\" id=\"1996\"><strong>1996<\/strong><\/h3>\n\n\n\n<p>Mielenkiintoinen juttu vuoden 1996 HS:ssa siihen aikaan, kun se lehti oli viel\u00e4 tolkuissaan n\u00e4iss\u00e4 asioissa.<br><br>&#8221;Nopeimmat (ilmaston) muutokset ovat maailmanhistoriassa toteutuneet jopa alle sukupolven aikana, mik\u00e4 on kuin valokatkaisijan k\u00e4\u00e4nt\u00f6 geologisella aikajanalla. L\u00f6yd\u00f6t ovat pist\u00e4neet tutkijat pohtimaan, ONKO EUROOPPALAISIA KOHDANNUT UUDELLA AJALLA HARVINAISEN HYV\u00c4 TUURI.&#8221;<br><br>&#8221;Suurta yleis\u00f6\u00e4 ihmetytt\u00e4\u00e4 se, ett\u00e4 tutkijat n\u00e4kev\u00e4t v\u00e4liin ilmastouhkana j\u00e4\u00e4kauden, v\u00e4liin kasvihuoneilmi\u00f6n&#8221;<br><br>&#8221;Maailman ilmastohistoria osoittaa, ett\u00e4 todenn\u00e4k\u00f6isemp\u00e4\u00e4 on ilmaston heilahdus johonkin \u00e4\u00e4risuuntaan. Keskivertoiset, lauhkeat olot p\u00e4\u00e4ttyv\u00e4t pohjoisessa Euroopassa ennemmin tai my\u00f6hemmin, mutta kukaan ei tied\u00e4 tuleeko siit\u00e4 helle- vai turkiskausi&#8221;<\/p>\n\n\n\n<figure class=\"wp-block-image alignwide size-large\"><img loading=\"lazy\" decoding=\"async\" width=\"1024\" height=\"580\" src=\"https:\/\/jitkonen.fi\/wp-content\/uploads\/2020\/03\/golfvirta-hs_-pakattu-1024x580.jpg\" alt=\"\" class=\"wp-image-1078\" srcset=\"https:\/\/jitkonen.fi\/wp-content\/uploads\/2020\/03\/golfvirta-hs_-pakattu-1024x580.jpg 1024w, https:\/\/jitkonen.fi\/wp-content\/uploads\/2020\/03\/golfvirta-hs_-pakattu-300x170.jpg 300w, https:\/\/jitkonen.fi\/wp-content\/uploads\/2020\/03\/golfvirta-hs_-pakattu-768x435.jpg 768w, https:\/\/jitkonen.fi\/wp-content\/uploads\/2020\/03\/golfvirta-hs_-pakattu-1200x679.jpg 1200w, https:\/\/jitkonen.fi\/wp-content\/uploads\/2020\/03\/golfvirta-hs_-pakattu.jpg 1456w\" sizes=\"auto, (max-width: 1024px) 100vw, 1024px\" \/><\/figure>\n\n\n\n<h3 class=\"wp-block-heading\" id=\"1997\"><strong>1997<\/strong><\/h3>\n\n\n\n<p>1997 HS uutisoi, ett\u00e4 It\u00e4merell\u00e4 oli useamman per\u00e4kk\u00e4isien vuoden j\u00e4\u00e4t\u00f6n jakso jo 1700-luvulla. Kuten aiemmin todettiin, 1930-luvun It\u00e4meren j\u00e4iden laajuus oli v\u00e4h\u00e4isempi kuin 2010-luvun ja sen FMI:nkin edustaja my\u00f6nsi.<\/p>\n\n\n\n<figure class=\"wp-block-image alignwide size-large\"><img loading=\"lazy\" decoding=\"async\" width=\"1024\" height=\"573\" src=\"https:\/\/jitkonen.fi\/wp-content\/uploads\/2020\/03\/jurva_it__meri_koost_pakattu-1997-1024x573.jpg\" alt=\"\" class=\"wp-image-871\" srcset=\"https:\/\/jitkonen.fi\/wp-content\/uploads\/2020\/03\/jurva_it__meri_koost_pakattu-1997-1024x573.jpg 1024w, https:\/\/jitkonen.fi\/wp-content\/uploads\/2020\/03\/jurva_it__meri_koost_pakattu-1997-300x168.jpg 300w, https:\/\/jitkonen.fi\/wp-content\/uploads\/2020\/03\/jurva_it__meri_koost_pakattu-1997-768x430.jpg 768w, https:\/\/jitkonen.fi\/wp-content\/uploads\/2020\/03\/jurva_it__meri_koost_pakattu-1997-1200x672.jpg 1200w, https:\/\/jitkonen.fi\/wp-content\/uploads\/2020\/03\/jurva_it__meri_koost_pakattu-1997.jpg 1486w\" sizes=\"auto, (max-width: 1024px) 100vw, 1024px\" \/><\/figure>\n\n\n\n<p> <\/p>\n\n\n\n<h3 class=\"wp-block-heading\" id=\"1999\"><strong>1999<\/strong><\/h3>\n\n\n\n<p>1999 oli tulipalopakkasia Lapissa. Esimakua 2030-2040 -luvuista?<\/p>\n\n\n\n<figure class=\"wp-block-image alignwide size-large\"><img loading=\"lazy\" decoding=\"async\" width=\"1024\" height=\"523\" src=\"https:\/\/jitkonen.fi\/wp-content\/uploads\/2020\/03\/talvi-pakkanen-aurinko_LI-1024x523.jpg\" alt=\"\" class=\"wp-image-58\" srcset=\"https:\/\/jitkonen.fi\/wp-content\/uploads\/2020\/03\/talvi-pakkanen-aurinko_LI-1024x523.jpg 1024w, https:\/\/jitkonen.fi\/wp-content\/uploads\/2020\/03\/talvi-pakkanen-aurinko_LI-300x153.jpg 300w, https:\/\/jitkonen.fi\/wp-content\/uploads\/2020\/03\/talvi-pakkanen-aurinko_LI-768x392.jpg 768w, https:\/\/jitkonen.fi\/wp-content\/uploads\/2020\/03\/talvi-pakkanen-aurinko_LI.jpg 1320w\" sizes=\"auto, (max-width: 1024px) 100vw, 1024px\" \/><\/figure>\n\n\n\n<p><\/p>\n\n\n\n<h2 class=\"wp-block-heading alignwide\" id=\"2000-lukua\"><strong>2000-lukua<\/strong><\/h2>\n\n\n\n<h3 class=\"wp-block-heading\" id=\"2020\"><strong>2020<\/strong><\/h3>\n\n\n\n<p>Tammikuussa tulevan talven luonnetta viel\u00e4 arvuuteltiin ja eritt\u00e4in runsasluminen se oli Lapissa sek\u00e4 lumeton etel\u00e4ss\u00e4.<\/p>\n\n\n\n<figure class=\"wp-block-image size-large\"><img loading=\"lazy\" decoding=\"async\" width=\"863\" height=\"536\" src=\"https:\/\/jitkonen.fi\/wp-content\/uploads\/2020\/03\/2020-lumi.png\" alt=\"\" class=\"wp-image-59\" srcset=\"https:\/\/jitkonen.fi\/wp-content\/uploads\/2020\/03\/2020-lumi.png 863w, https:\/\/jitkonen.fi\/wp-content\/uploads\/2020\/03\/2020-lumi-300x186.png 300w, https:\/\/jitkonen.fi\/wp-content\/uploads\/2020\/03\/2020-lumi-768x477.png 768w\" sizes=\"auto, (max-width: 863px) 100vw, 863px\" \/><\/figure>\n\n\n\n<p>Syykin erikoiselle talvelle osataan selitt\u00e4\u00e4, jos halutaan, mutta ei haluta. Asiallisen tiedon jakamisen sijaan esim. FMI keskittyy poimimaan erilaisia l\u00e4mp\u00f6tilaenn\u00e4tyksi\u00e4, mutta t\u00e4llaisista perusasioista ei hiiskuta sanakaan, kuten ei 2020 talvella tehdyist\u00e4 Gr\u00f6nlannin ja Pohjoisnavan kylmyysenn\u00e4tyksist\u00e4. Etel\u00e4mantereen ja Australian kes\u00e4 sopii sen propagandaagendaan paremmin, kuten my\u00f6s medialle ja siksi se on kaiken aikaa otsiokoissa ja FMI:n twitterijutuissa esill\u00e4.<\/p>\n\n\n\n<figure class=\"wp-block-image alignwide size-large\"><img loading=\"lazy\" decoding=\"async\" width=\"1024\" height=\"568\" src=\"https:\/\/jitkonen.fi\/wp-content\/uploads\/2020\/03\/2020-polaaripy\u00f6rre2-1024x568.png\" alt=\"\" class=\"wp-image-60\" srcset=\"https:\/\/jitkonen.fi\/wp-content\/uploads\/2020\/03\/2020-polaaripy\u00f6rre2-1024x568.png 1024w, https:\/\/jitkonen.fi\/wp-content\/uploads\/2020\/03\/2020-polaaripy\u00f6rre2-300x167.png 300w, https:\/\/jitkonen.fi\/wp-content\/uploads\/2020\/03\/2020-polaaripy\u00f6rre2-768x426.png 768w, https:\/\/jitkonen.fi\/wp-content\/uploads\/2020\/03\/2020-polaaripy\u00f6rre2.png 1461w\" sizes=\"auto, (max-width: 1024px) 100vw, 1024px\" \/><\/figure>\n\n\n\n<p>2020 oli lumeton talvi, mutta miten jatkossa? Ennustuksia paljon tehd\u00e4\u00e4n. Aurinkotieteess\u00e4 on vertailtu 130 vuoden talvis\u00e4it\u00e4 auringon aktiivisuuteen. Sen mukaan kohta on taas edess\u00e4 lumitalvia, kuten 2009 alkaen viimeksi oli. Perustelut ymm\u00e4rt\u00e4\u00e4 t\u00e4mm\u00f6inen maallikkokin, joten j\u00e4\u00e4mme mielenkiinnolla seuraamaan asiaa!<\/p>\n\n\n\n<figure class=\"wp-block-image alignwide size-large\"><img loading=\"lazy\" decoding=\"async\" width=\"1024\" height=\"553\" src=\"https:\/\/jitkonen.fi\/wp-content\/uploads\/2020\/04\/aurinko-talvi-oulu-ennustus-1-1024x553.png\" alt=\"\" class=\"wp-image-231\" srcset=\"https:\/\/jitkonen.fi\/wp-content\/uploads\/2020\/04\/aurinko-talvi-oulu-ennustus-1-1024x553.png 1024w, https:\/\/jitkonen.fi\/wp-content\/uploads\/2020\/04\/aurinko-talvi-oulu-ennustus-1-300x162.png 300w, https:\/\/jitkonen.fi\/wp-content\/uploads\/2020\/04\/aurinko-talvi-oulu-ennustus-1-768x415.png 768w, https:\/\/jitkonen.fi\/wp-content\/uploads\/2020\/04\/aurinko-talvi-oulu-ennustus-1-1536x829.png 1536w, https:\/\/jitkonen.fi\/wp-content\/uploads\/2020\/04\/aurinko-talvi-oulu-ennustus-1-1200x648.png 1200w, https:\/\/jitkonen.fi\/wp-content\/uploads\/2020\/04\/aurinko-talvi-oulu-ennustus-1.png 1539w\" sizes=\"auto, (max-width: 1024px) 100vw, 1024px\" \/><\/figure>\n\n\n\n<h3 class=\"wp-block-heading\" id=\"2021\"><strong>2021<\/strong><\/h3>\n\n\n\n<p>Er\u00e4\u00e4ss\u00e4 keskustelussa FMI:n Mika Rantanen asetti ep\u00e4ilyksen varjon n\u00e4iden vanhojen lehtileikkeiden p\u00e4\u00e4lle. Olen t\u00e4t\u00e4 jo odotellutkin, koska FMI kielt\u00e4\u00e4 menneet lehtitiedot. Niiden kunniaksi on kuitenkin sanottava, ett\u00e4 ne tehtiin siihen aikaan, kun toimittajien piti pysy\u00e4 asiassa. Nyky\u00e4\u00e4n toimittajat tuovat asiat omien mielipiteidens\u00e4 ja poliittisen suuntauksensa kautta esille ja sit\u00e4 kautta nykyinen lehtikirjoittelu on t\u00e4ysin erilaista, kuin oli 1900-luvun alussa, jolloin lehti\u00e4 ei my\u00f6sk\u00e4\u00e4n muuty l\u00f6\u00f6peill\u00e4 ja kohukirjoituksilla, vaan ne olivat asiallisia.<\/p>\n\n\n\n<figure class=\"wp-block-image alignwide size-full\"><img loading=\"lazy\" decoding=\"async\" width=\"490\" height=\"541\" src=\"https:\/\/jitkonen.fi\/wp-content\/uploads\/2021\/03\/Mika-rantanen-fmi-lehtileikkeet.png\" alt=\"\" class=\"wp-image-1433\" srcset=\"https:\/\/jitkonen.fi\/wp-content\/uploads\/2021\/03\/Mika-rantanen-fmi-lehtileikkeet.png 490w, https:\/\/jitkonen.fi\/wp-content\/uploads\/2021\/03\/Mika-rantanen-fmi-lehtileikkeet-272x300.png 272w\" sizes=\"auto, (max-width: 490px) 100vw, 490px\" \/><\/figure>\n\n\n\n<h2 class=\"wp-block-heading alignwide\" id=\"olemmeko-oppineet-mitaan\"><strong>Olemmeko oppineet mit\u00e4\u00e4n?<\/strong><\/h2>\n\n\n\n<p>1) 1600-luvun lopussa oli l\u00e4mmin ja hyvin viljaa tuottava jakso, jonka j\u00e4lkeen tuli katovuodet, jolloin turvauduttiin jopa kannibalismiin.<br><br>2) 1700-luvun lopussa oli l\u00e4mmin jakso ja 1800-luvun puolessa v\u00e4liss\u00e4 tulivat suuret katovuodet<br><br>3) 1930-luvulla ilmasto oli kuin 500 km etel\u00e4mp\u00e4n\u00e4 ja tehtiin virheit\u00e4 maanviljelyksess\u00e4, kun mm. vehn\u00e4\u00e4 alettiin viljell\u00e4 aina Etel\u00e4-Lappia my\u00f6ten.<br><br>4) 2000-2020 on ollut mukavan l\u00e4mmin jakso, jolloin energianhuoltoj\u00e4rjestelm\u00e4\u00e4mme on alettu romuttamaan mm. siirtym\u00e4ll\u00e4 satunnaista s\u00e4hk\u00f6\u00e4 tuottavaan tuulivoimaan. Teksasissa 2021 s\u00e4hk\u00f6j\u00e4rjestelm\u00e4 romahti, kun oli tehty samat virheet kuin Suomessa ja lopetettu noin 10 000 MW:n verran luotettavaa hiilivoimaa. <br>2018 Teksasissa oltiin asiasta huolissaan ja 2021 tapahtui s\u00e4hk\u00f6j\u00e4rjestelm\u00e4n t\u00e4ydellinen romahdus, jonka seurauksena ihmisi\u00e4 kuoli ja syntyi vesivahinkoja, kun putket pakkasessa halkeilivat. <br>2020 oli tuulivoimaan yh\u00e4 enemm\u00e4n tukeutuva Manner-Eurooppa menn\u00e4 t\u00e4ysin pime\u00e4ksi, mutta hyv\u00e4ll\u00e4 onnella siit\u00e4 selvittiin. L\u00e4helt\u00e4pititilanteet sen s\u00e4hk\u00f6verkossa ovat kaksinkertaistuneet lyhyess\u00e4 ajassa. <br><br>Toivottavasti meill\u00e4 p\u00e4\u00e4tt\u00e4j\u00e4t ovat valmiita kantamaan vastuun vihre\u00e4st\u00e4 enrgiapolitiikasta siin\u00e4 tilanteessa, kun Suomen s\u00e4hk\u00f6verkko kovimmilla pakkasilla romahtaa ja ruumiita tulee.<\/p>\n\n\n\n<figure class=\"wp-block-image alignfull size-large\"><img loading=\"lazy\" decoding=\"async\" width=\"1024\" height=\"573\" src=\"https:\/\/jitkonen.fi\/wp-content\/uploads\/2020\/03\/1600-1930_topelius-pakattu-1024x573.jpg\" alt=\"\" class=\"wp-image-1055\" srcset=\"https:\/\/jitkonen.fi\/wp-content\/uploads\/2020\/03\/1600-1930_topelius-pakattu-1024x573.jpg 1024w, https:\/\/jitkonen.fi\/wp-content\/uploads\/2020\/03\/1600-1930_topelius-pakattu-300x168.jpg 300w, https:\/\/jitkonen.fi\/wp-content\/uploads\/2020\/03\/1600-1930_topelius-pakattu-768x430.jpg 768w, https:\/\/jitkonen.fi\/wp-content\/uploads\/2020\/03\/1600-1930_topelius-pakattu-1200x672.jpg 1200w, https:\/\/jitkonen.fi\/wp-content\/uploads\/2020\/03\/1600-1930_topelius-pakattu.jpg 1526w\" sizes=\"auto, (max-width: 1024px) 100vw, 1024px\" \/><\/figure>\n\n\n\n<h2 class=\"wp-block-heading alignwide\" id=\"lopuksi\"><strong>Lopuksi<\/strong><\/h2>\n\n\n\n<p>T\u00e4h\u00e4n kaikkeen meille jaettavaan tietoon ja ilmatieteen asenteeseen sek\u00e4 nykytilaan liittyen on Lapissa luontoa ja sit\u00e4 kautta ilmastoa tutkinut professori Antero J\u00e4rvinen todennut mm seuraavaa:<br><br>&#8221;Pit\u00e4m\u00e4ll\u00e4 keinotekoisesti hengiss\u00e4 yliampuviin tietokonemalleihin perustuvaa tulevaisuudenkuvaa te rapautitte kansalaisten luottamusta kriittiseen, itse\u00e4\u00e4n korjaavaan ja vapaaseen tieteeseen, joka oli ollut sivistyksemme kulmakivi viimeiset 500 vuotta. Parissa vuosikymmeness\u00e4 ilmastouskontonne hukkasi ison osan renessanssin perint\u00f6\u00e4.<br>Tulevat sukupolvet saattavat ihmetell\u00e4, kuinka j\u00e4rjen aikakaudesta siirryttiin j\u00e4rjett\u00f6myyden aikakauteen. &#8221;<br><br><br> <a href=\"http:\/\/ilmastorealismia.blogspot.com\/2015\/01\/ilmastoharhan-lyhyt-historia.html\">http:\/\/ilmastorealismia.blogspot.com\/2015\/01\/ilmastoharhan-lyhyt-historia.html<\/a> <\/p>\n\n\n\n<p><br><\/p>\n\n\n\n<h2 class=\"wp-block-heading alignwide\" id=\"muuta-aiheeseen-liittyvaa-asiaa\"><strong>Muuta aiheeseen liittyv\u00e4\u00e4 asiaa<\/strong><\/h2>\n\n\n\n<p>T\u00e4ss\u00e4 on linkki ulkomaisiin lehtileikkeisiin.<br> <a href=\"https:\/\/cei.org\/blog\/wrong-again-50-years-failed-eco-pocalyptic-predictions?fbclid=IwAR0e4GsQdtpyfZ_dXoxP_ENrtpnr7dtqEPShCyeWiRPMgpqK4Eax30sltLo\">https:\/\/cei.org\/blog\/wrong-again-50-years-failed-eco-pocalyptic-predictions?<\/a><\/p>\n\n\n\n<p>\n\n1925 on Salon Seudun Kunnallislehdess\u00e4 t\u00e4mm\u00f6inen mielenkiintoinen kooste:<\/p>\n\n\n\n<p>&#8211; 1172 helmikuulla puut tekiv\u00e4t silmuja ja linnut rakentelivat pesi\u00e4\u00e4n<br>&#8211; 1289 ei talvea ollenkaan<br>&#8211; 1421 kukkivat hedelm\u00e4puut maaliskuulla ja kirsikat kypsyiv\u00e4t jo huhtikuun lopulla<br>&#8211; 1572 oli melkein kuin 1172<br>&#8211; 1607, 1612, ja 1617 olivat lauhoja.<br>&#8211; 1659 ei ollut lunta eik\u00e4 j\u00e4\u00e4t\u00e4 juuri nimeksik\u00e4\u00e4n<br>&#8211; 1732 oli niin l\u00e4mmin talvi, ettei uuneja tarvinnut l\u00e4mmitt\u00e4\u00e4<br>&#8211; 1791, 1807, 1822 ja 1894 oli lauhat talvet<br>&#8211; &#8211; 1822 ei ollut lunta viel\u00e4 helmikuun lopullakaan. Hevosilla ei uskallettu menn\u00e4 j\u00e4\u00e4lle. <br>Sittenh\u00e4n viel\u00e4 1901 oli todella l\u00e4mmin vuosi. <\/p>\n\n\n\n<figure class=\"wp-block-image size-large\"><img loading=\"lazy\" decoding=\"async\" width=\"329\" height=\"621\" src=\"https:\/\/jitkonen.fi\/wp-content\/uploads\/2020\/08\/29-Lauhat-historia-1925.png\" alt=\"\" class=\"wp-image-639\" srcset=\"https:\/\/jitkonen.fi\/wp-content\/uploads\/2020\/08\/29-Lauhat-historia-1925.png 329w, https:\/\/jitkonen.fi\/wp-content\/uploads\/2020\/08\/29-Lauhat-historia-1925-159x300.png 159w\" sizes=\"auto, (max-width: 329px) 100vw, 329px\" \/><\/figure>\n\n\n\n<p>Historian s\u00e4ihin liittyen olen tehnyt kaksi koostetta:<br><br> <a href=\"https:\/\/puheenvuoro.uusisuomi.fi\/itkonenlindgren\/277998-saan-aari-ilmiot-osa-i-helle-rakeet-myrskyt\/\">https:\/\/puheenvuoro.uusisuomi.fi\/itkonenlindgren\/277998-saan-aari-ilmiot-osa-i-helle-rakeet-myrskyt\/<\/a> <br><br> <a href=\"https:\/\/puheenvuoro.uusisuomi.fi\/itkonenlindgren\/278272-saan-aari-ilmiot-osa-ii-pakkasta-kylmaa-ja-jaata\/\">https:\/\/puheenvuoro.uusisuomi.fi\/itkonenlindgren\/278272-saan-aari-ilmiot-osa-ii-pakkasta-kylmaa-ja-jaata\/<\/a> <\/p>\n\n\n\n<p>S\u00e4iden jatkuvaan liiotteluun liittyen yhden blogikirjoituksen:<br><br> <a href=\"https:\/\/puheenvuoro.uusisuomi.fi\/itkonenlindgren\/275208-jopa-poikkeuksellinen-ja-tavanomaista-enemman\/\">https:\/\/puheenvuoro.uusisuomi.fi\/itkonenlindgren\/275208-jopa-poikkeuksellinen-ja-tavanomaista-enemman\/<\/a> <\/p>\n\n\n\n<p> Erityisen j\u00e4nn\u00e4\u00e4 on se, mihin t\u00e4m\u00e4 k\u00e4\u00e4ntyy seuraavaksi! Saammeko nauttia n\u00e4ist\u00e4 upeista ajoista, vai onko kylm\u00e4\u00e4 kyyti\u00e4 tulossa? Ihmispopulaatio on t\u00e4ll\u00e4 l\u00e4mp\u00f6kaudella 100 vuodessa lis\u00e4\u00e4ntynyt 6,5 miljardilla osin, koska on ollut niin hyv\u00e4t olosuhteet. Kun seuraavan kerran tulee kunnon kylm\u00e4 jakso, saattaa nykyinen 83 milj ihmist\u00e4 per vuosi kasvu k\u00e4\u00e4nty\u00e4 laskuunkin.<br><\/p>\n\n\n\n<figure class=\"wp-block-image alignwide size-large\"><img loading=\"lazy\" decoding=\"async\" width=\"1024\" height=\"419\" src=\"https:\/\/jitkonen.fi\/wp-content\/uploads\/2020\/08\/30-Aurinko_aktiivisuus3-1024x419.jpg\" alt=\"\" class=\"wp-image-640\" srcset=\"https:\/\/jitkonen.fi\/wp-content\/uploads\/2020\/08\/30-Aurinko_aktiivisuus3-1024x419.jpg 1024w, https:\/\/jitkonen.fi\/wp-content\/uploads\/2020\/08\/30-Aurinko_aktiivisuus3-300x123.jpg 300w, https:\/\/jitkonen.fi\/wp-content\/uploads\/2020\/08\/30-Aurinko_aktiivisuus3-768x315.jpg 768w, https:\/\/jitkonen.fi\/wp-content\/uploads\/2020\/08\/30-Aurinko_aktiivisuus3-1536x629.jpg 1536w, https:\/\/jitkonen.fi\/wp-content\/uploads\/2020\/08\/30-Aurinko_aktiivisuus3-1200x491.jpg 1200w, https:\/\/jitkonen.fi\/wp-content\/uploads\/2020\/08\/30-Aurinko_aktiivisuus3.jpg 1658w\" sizes=\"auto, (max-width: 1024px) 100vw, 1024px\" \/><\/figure>\n\n\n\n<p>En ole milt\u00e4\u00e4n ilmatieteen taholta saanut vastausta siihen, onko tuleva l\u00e4mp\u00f6tilatrendi vain nouseva, kuten IPCC opetuslapsineen v\u00e4itt\u00e4\u00e4 ja ett\u00e4 onko 2042 (plus miinus 11 vuotta) ennustettu aurinkominimist\u00e4 johtuva pieni j\u00e4\u00e4kausi t\u00e4ysin pois suljettu asia.<\/p>\n\n\n\n<figure class=\"wp-block-image alignwide size-large\"><img loading=\"lazy\" decoding=\"async\" width=\"564\" height=\"774\" src=\"https:\/\/jitkonen.fi\/wp-content\/uploads\/2020\/03\/FMI-laaksonen-tulevaisuus.png\" alt=\"\" class=\"wp-image-51\" srcset=\"https:\/\/jitkonen.fi\/wp-content\/uploads\/2020\/03\/FMI-laaksonen-tulevaisuus.png 564w, https:\/\/jitkonen.fi\/wp-content\/uploads\/2020\/03\/FMI-laaksonen-tulevaisuus-219x300.png 219w\" sizes=\"auto, (max-width: 564px) 100vw, 564px\" \/><\/figure>\n\n\n\n<p>Siis vain k\u00e4yr\u00e4 A) on FMI:n mielest\u00e4 mahdollinen ja auringon sek\u00e4 puiden syklisyyden mukainen ilmastotulevaisuus B)- ja C)-k\u00e4yr\u00e4 ovat poissuljetut t\u00e4ss\u00e4 vaiheessa. Se olisi huojentavaa ihmiskunnalle, jos A)-k\u00e4yr\u00e4n mukaan ment\u00e4siin, koska maapallon kylmin\u00e4 aikoina mm. kuivuudet ovat yleisi\u00e4, jolloin ihmisi\u00e4 kuolee runsain mitoin muuhunkin kuin kylm\u00e4\u00e4n.<\/p>\n\n\n\n<figure class=\"wp-block-image alignwide size-large\"><img loading=\"lazy\" decoding=\"async\" width=\"1024\" height=\"457\" src=\"https:\/\/jitkonen.fi\/wp-content\/uploads\/2020\/03\/lustot-1024x457.jpg\" alt=\"\" class=\"wp-image-52\" srcset=\"https:\/\/jitkonen.fi\/wp-content\/uploads\/2020\/03\/lustot-1024x457.jpg 1024w, https:\/\/jitkonen.fi\/wp-content\/uploads\/2020\/03\/lustot-300x134.jpg 300w, https:\/\/jitkonen.fi\/wp-content\/uploads\/2020\/03\/lustot-768x343.jpg 768w, https:\/\/jitkonen.fi\/wp-content\/uploads\/2020\/03\/lustot.jpg 1253w\" sizes=\"auto, (max-width: 1024px) 100vw, 1024px\" \/><\/figure>\n\n\n\n<p><strong>Lis\u00e4ys 1.4.2020, Tulevaisuus, arvauskilpailu<\/strong><\/p>\n\n\n\n<p>FMI:n tieteellinen johtaja Ari Laaksonen visioi tulevaisutta twiittaamansa HS-jutun kautta.  H\u00e4n ennustaa t\u00e4ss\u00e4 HS jutussa, ett\u00e4 lumiset talvet katoavat.<br><br>Min\u00e4 en ennusta, mutta pid\u00e4n mahdollisena, ett\u00e4 toisen alla olevan kuvan aurinkotieteen ennustus on todenn\u00e4k\u00f6isempi kuin Laaksosen ilmaan heitt\u00e4m\u00e4 alarmi lumettomsita talvista, koska aurinkotiede pystyy perustelemaan ennustuksensa ymm\u00e4rrett\u00e4v\u00e4sti ja ennuste perustuu tieteelliseen tutkimukseen, jossa 130 vuoden s\u00e4it\u00e4 vertailtiin auringon aktiivisuuteen. My\u00f6s Golfvirran sykleihin luotan, ett\u00e4 ne jatkuvat. Toki my\u00f6s Mauri Timosen edustama dendrokronologia on samoilla linjoilla aurinkotieteen kanssa.<br><br>Aika n\u00e4ytt\u00e4\u00e4 kumpi meist\u00e4 osuus oikeaan vai osuuko kumpikaan. Panoksena ei ole mit\u00e4\u00e4n, koska jos v\u00e4\u00e4rin menee, min\u00e4 vain uskoin v\u00e4\u00e4riin hevosiin. Laaksosella ja FMI:ll\u00e4 ei my\u00f6sk\u00e4\u00e4n ole mit\u00e4\u00e4n tulosvastuuta saati muutakaan vastuuta sanomisistaan, vaan he voivat aivan vapaasti ennustella ihan mit\u00e4 sylki suuhun tuo. Se vaan sitten menee v\u00e4\u00e4rin jos menee ja sitten selitell\u00e4\u00e4n ja keksit\u00e4\u00e4n uusia ennustuksia. Se on ilmatiedett\u00e4. <\/p>\n\n\n\n<figure class=\"wp-block-image alignwide size-large\"><img loading=\"lazy\" decoding=\"async\" width=\"673\" height=\"846\" src=\"https:\/\/jitkonen.fi\/wp-content\/uploads\/2020\/04\/Laaksonen-hs-lauha-talvi-kisa-twitter.png\" alt=\"\" class=\"wp-image-229\" srcset=\"https:\/\/jitkonen.fi\/wp-content\/uploads\/2020\/04\/Laaksonen-hs-lauha-talvi-kisa-twitter.png 673w, https:\/\/jitkonen.fi\/wp-content\/uploads\/2020\/04\/Laaksonen-hs-lauha-talvi-kisa-twitter-239x300.png 239w\" sizes=\"auto, (max-width: 673px) 100vw, 673px\" \/><\/figure>\n\n\n\n<figure class=\"wp-block-image alignwide size-large\"><img loading=\"lazy\" decoding=\"async\" width=\"1024\" height=\"553\" src=\"https:\/\/jitkonen.fi\/wp-content\/uploads\/2020\/04\/aurinko-talvi-oulu-ennustus-1-1024x553.png\" alt=\"\" class=\"wp-image-231\" srcset=\"https:\/\/jitkonen.fi\/wp-content\/uploads\/2020\/04\/aurinko-talvi-oulu-ennustus-1-1024x553.png 1024w, https:\/\/jitkonen.fi\/wp-content\/uploads\/2020\/04\/aurinko-talvi-oulu-ennustus-1-300x162.png 300w, https:\/\/jitkonen.fi\/wp-content\/uploads\/2020\/04\/aurinko-talvi-oulu-ennustus-1-768x415.png 768w, https:\/\/jitkonen.fi\/wp-content\/uploads\/2020\/04\/aurinko-talvi-oulu-ennustus-1-1536x829.png 1536w, https:\/\/jitkonen.fi\/wp-content\/uploads\/2020\/04\/aurinko-talvi-oulu-ennustus-1-1200x648.png 1200w, https:\/\/jitkonen.fi\/wp-content\/uploads\/2020\/04\/aurinko-talvi-oulu-ennustus-1.png 1539w\" sizes=\"auto, (max-width: 1024px) 100vw, 1024px\" \/><\/figure>\n\n\n\n<p>PS. Tein blogin helteisiin liittyen. Ari Laaksonen tuossa edell\u00e4 olleessa HS jutussa ennustaa helteiden lis\u00e4\u00e4ntyv\u00e4n. Kun katselee historian kirjoituksia helteist\u00e4, her\u00e4\u00e4 kysymys mik\u00e4 sai nuo \u00e4\u00e4rikuumuudet aikaiseksi, kun ei ollut ilmastonmuutosta eik\u00e4 hiilidioksidia? Maapallon l\u00e4mp\u00f6tilaenn\u00e4tyskin on vuodelta 1913! Helleblogi on t\u00e4ss\u00e4: <a href=\"https:\/\/jitkonen.fi\/?p=233\">https:\/\/jitkonen.fi\/?p=233<\/a><\/p>\n\n\n\n<figure class=\"wp-block-image alignwide size-large\"><img loading=\"lazy\" decoding=\"async\" width=\"794\" height=\"827\" src=\"https:\/\/jitkonen.fi\/wp-content\/uploads\/2020\/04\/1924-hellekooste.png\" alt=\"\" class=\"wp-image-241\" srcset=\"https:\/\/jitkonen.fi\/wp-content\/uploads\/2020\/04\/1924-hellekooste.png 794w, https:\/\/jitkonen.fi\/wp-content\/uploads\/2020\/04\/1924-hellekooste-288x300.png 288w, https:\/\/jitkonen.fi\/wp-content\/uploads\/2020\/04\/1924-hellekooste-768x800.png 768w\" sizes=\"auto, (max-width: 794px) 100vw, 794px\" \/><\/figure>\n\n\n\n<p><\/p>\n\n\n\n<h2 class=\"wp-block-heading alignwide\" id=\"fmi-vuonna-2021\"><strong>FMI vuonna 2021<\/strong><\/h2>\n\n\n\n<p>Yhtym\u00e4kohtia historiaan l\u00f6ytyy my\u00f6s ilmatieteest\u00e4, joka v\u00e4itt\u00e4\u00e4 olevansa 100 % oikeassa ja siksi heihin pit\u00e4isi uskoa, kun niin v\u00e4itt\u00e4v\u00e4t ja truomitsevat muut tieteet h\u00f6mp\u00e4ksi, jotka uskaltavat tuoda esille eri\u00e4vi\u00e4 n\u00e4k\u00f6kulmia omien titeellisetn tutkimusten pohjalta.<\/p>\n\n\n\n<p>FMI:ss\u00e4 on nimitt\u00e4in vallalla lysenkolainen perinne. Se kun aikanaan Neuvostoliitonkin lehdist\u00f6 raportoi Trofim Lysenkon suurista menestyksist\u00e4, vaikka ne usein p\u00e4\u00e4ttyiv\u00e4tkin ep\u00e4onnistumiseen.<\/p>\n\n\n\n<p>Ihan kuten Ari Laaksonen, Lysenko tuomitsi mielell\u00e4\u00e4n akateemiset tiedemiehet ja geneetikot ja v\u00e4itti, ett\u00e4 heid\u00e4n eristetty laboratorioty\u00f6ns\u00e4 ei auttanut neuvostokansaa. H\u00e4n ei yleens\u00e4 Laaksosen tapaan vaivautunut puolustamaan teorioitaan tieteellisin argumentein, vaan saattoi syytt\u00e4\u00e4 kritisoijiaan esim. sabotaasista. Koska Lysenko oli p\u00e4\u00e4ssyt Stalinin suosioon, t\u00e4llainen syyt\u00f6s johti helposti Lysenkoa kritisoineiden virasta erottamiseen, vangitsemiseen tai jopa teloittamiseen. Vuoden 1930 puhdistuksissa tuhansia maataloustieteen tutkijoita vangittiinkin. Suomessa ei ilmatiteen piiriss\u00e4 ihan viel\u00e4 olla t\u00e4ss\u00e4 pisteess\u00e4, mutta punavihre\u00e4 politiikka ohjaa Suomea kohti t\u00e4m\u00e4n vainoamisen mahdollistavaa punavihre\u00e4\u00e4 totalirismi\u00e4.<\/p>\n\n\n\n<p>Er\u00e4\u00e4n professorin sanoin; ei mene kovin pitk\u00e4\u00e4n, kun niin suuri osa kansasta nauraa Ilmatieteenlaitoksen ja Laaksosen lietsomalle ilmastohysterialle, ett\u00e4 hysteerikot vet\u00e4ytyv\u00e4t hiljaisuuteen h\u00e4pe\u00e4m\u00e4\u00e4n ja murjottamaan kansan julmuutta. Niin muuten k\u00e4vi toveri Trofim Lysenkollekin ja jopa yhden totuuden Neuvostoliitossa.<\/p>\n\n\n\n<p><strong>Linkkej\u00e4<\/strong>:<\/p>\n\n\n\n<p>Professori Antero J\u00e4rvisen kirjoittamaa ilmastohistoriaa<br><br> <a href=\"http:\/\/ilmastorealismia.blogspot.com\/2016\/02\/jaakauden-jalkeinen-ilmastohistoria.html\">http:\/\/ilmastorealismia.blogspot.com\/2016\/02\/jaakauden-jalkeinen-ilmastohistoria.html<\/a> <br><br> <a href=\"http:\/\/ilmastorealismia.blogspot.com\/2016\/02\/jaakauden-jalkeinen-ilmastohistoria_29.html\">http:\/\/ilmastorealismia.blogspot.com\/2016\/02\/jaakauden-jalkeinen-ilmastohistoria_29.html<\/a> <br><\/p>\n\n\n\n<p><a href=\"https:\/\/www.ossitiihonen.com\/tag\/lampokausi\/\">https:\/\/www.ossitiihonen.com\/tag\/lampokausi\/<\/a><br> <a rel=\"noreferrer noopener\" target=\"_blank\" href=\"https:\/\/youtu.be\/3UI2O2b-VVI\">https:\/\/youtu.be\/3UI2O2b-VVI<\/a> <br> <a href=\"https:\/\/www.youtube.com\/watch?v=nUPO6V-Ifkw\">https:\/\/www.youtube.com\/watch?v=nUPO6V-Ifkw<\/a> <br> <a href=\"https:\/\/www.youtube.com\/watch?v=aeoXx6IDgLg\">https:\/\/www.youtube.com\/watch?v=aeoXx6IDgLg<\/a> <\/p>\n","protected":false},"excerpt":{"rendered":"<p>Johdanto Nyky\u00e4\u00e4n paljon puhutaan ja jopa lapsille opetetaan, ett\u00e4 nykyisin on jotenkin erikoisemmat talvet ja kes\u00e4t kuin ne ennen vanhaan olivat. Olen harrastusmieless\u00e4 kaivellut wanhoista lehdist\u00e4 s\u00e4\u00e4historiaa Kansallisarkistosta. Niiden mukaan Suomessa on ollut vastaavia lauhoja talvia etenkin 1900-luvun alussa kuin on ollut 1990 &#8211; 2000-luvuillakin. https:\/\/digi.kansalliskirjasto.fi\/search T\u00e4st\u00e4 aiheesta olen tehnyt lyhyen blogikirjoituksen US blogiin ja&hellip; <a class=\"more-link\" href=\"https:\/\/jitkonen.fi\/?p=33\">Jatka lukemista <span class=\"screen-reader-text\">Suomen talviin liittyv\u00e4\u00e4 s\u00e4\u00e4historiaa vanhojen lehtien kertomana, laaja kooste<\/span><\/a><\/p>\n","protected":false},"author":1,"featured_media":619,"comment_status":"closed","ping_status":"open","sticky":false,"template":"","format":"standard","meta":{"footnotes":""},"categories":[1],"tags":[8,4,5,3,7,6],"class_list":["post-33","post","type-post","status-publish","format-standard","has-post-thumbnail","hentry","category-uncategorized","tag-historia","tag-ilmasto","tag-ilmastonmuutos","tag-saa","tag-tiede","tag-vanhat-lehdet","entry"],"_links":{"self":[{"href":"https:\/\/jitkonen.fi\/index.php?rest_route=\/wp\/v2\/posts\/33","targetHints":{"allow":["GET"]}}],"collection":[{"href":"https:\/\/jitkonen.fi\/index.php?rest_route=\/wp\/v2\/posts"}],"about":[{"href":"https:\/\/jitkonen.fi\/index.php?rest_route=\/wp\/v2\/types\/post"}],"author":[{"embeddable":true,"href":"https:\/\/jitkonen.fi\/index.php?rest_route=\/wp\/v2\/users\/1"}],"replies":[{"embeddable":true,"href":"https:\/\/jitkonen.fi\/index.php?rest_route=%2Fwp%2Fv2%2Fcomments&post=33"}],"version-history":[{"count":19,"href":"https:\/\/jitkonen.fi\/index.php?rest_route=\/wp\/v2\/posts\/33\/revisions"}],"predecessor-version":[{"id":2767,"href":"https:\/\/jitkonen.fi\/index.php?rest_route=\/wp\/v2\/posts\/33\/revisions\/2767"}],"wp:featuredmedia":[{"embeddable":true,"href":"https:\/\/jitkonen.fi\/index.php?rest_route=\/wp\/v2\/media\/619"}],"wp:attachment":[{"href":"https:\/\/jitkonen.fi\/index.php?rest_route=%2Fwp%2Fv2%2Fmedia&parent=33"}],"wp:term":[{"taxonomy":"category","embeddable":true,"href":"https:\/\/jitkonen.fi\/index.php?rest_route=%2Fwp%2Fv2%2Fcategories&post=33"},{"taxonomy":"post_tag","embeddable":true,"href":"https:\/\/jitkonen.fi\/index.php?rest_route=%2Fwp%2Fv2%2Ftags&post=33"}],"curies":[{"name":"wp","href":"https:\/\/api.w.org\/{rel}","templated":true}]}}